{"id":362192,"date":"2025-09-03T02:15:21","date_gmt":"2025-09-03T02:15:21","guid":{"rendered":"https:\/\/www.europesays.com\/fr\/362192\/"},"modified":"2025-09-03T02:15:21","modified_gmt":"2025-09-03T02:15:21","slug":"ouverture-dune-enquete-apres-le-suicide-dune-victime-presumee","status":"publish","type":"post","link":"https:\/\/www.europesays.com\/fr\/362192\/","title":{"rendered":"Ouverture d\u2019une enqu\u00eate apr\u00e8s le suicide d\u2019une victime pr\u00e9sum\u00e9e"},"content":{"rendered":"<p>Le dossier Saint-Stanislas s\u2019\u00e9paissit. Une enqu\u00eate a \u00e9t\u00e9 ouverte ce mardi apr\u00e8s le <a href=\"https:\/\/www.20minutes.fr\/dossier\/suicide\" class=\"c-link c-link--is-underlined\" target=\"_blank\" rel=\"noopener\">suicide <\/a>d\u2019un homme ayant confi\u00e9 avoir \u00e9t\u00e9 victime de violences sexuelles dans l\u2019\u00e9tablissement catholique de <a href=\"https:\/\/www.20minutes.fr\/nantes\/\" class=\"c-link c-link--is-underlined\" target=\"_blank\" rel=\"noopener\">Nantes<\/a> r\u00e9cemment mis en cause. \u00ab\u00a0Le parquet de Nantes a \u00e9t\u00e9 rendu destinataire d\u2019un courrier adress\u00e9 au directeur de l\u2019enseignement catholique de Nantes, qui me l\u2019a transmis\u00a0\u00bb, a indiqu\u00e9 le procureur de la R\u00e9publique, Antoine Leroy. Elle \u00e9mane \u00ab\u00a0de la famille d\u2019un homme de 46 ans qui s\u2019est donn\u00e9 la mort\u00a0\u00bb en\u00a02024,<\/p>\n<p>Cet homme avait indiqu\u00e9 avant son suicide avoir \u00ab\u00a0\u00e9t\u00e9 victime d\u2019infractions \u00e0 caract\u00e8re sexuel commises par un surveillant lorsqu\u2019il \u00e9tait interne au coll\u00e8ge Saint-Stanislas de Nantes\u00a0\u00bb. Le magistrat confirme ainsi une information de <a href=\"https:\/\/www.ouest-france.fr\/faits-divers\/pedophilie\/abus-sexuels-a-saint-stanislas-le-parquet-de-nantes-ouvre-une-enquete-apres-le-suicide-dun-homme-51c40aec-8814-11f0-880b-e0751d6521a8\" target=\"_blank\" class=\"c-link c-link--is-underlined\" rel=\"noopener\">Ouest-France<\/a>. L\u2019enqu\u00eate a \u00e9t\u00e9 confi\u00e9e aux services du commissariat de police de Nantes.<\/p>\n<p>Six personnes dont cinq pr\u00eatres, aujourd\u2019hui d\u00e9c\u00e9d\u00e9s, mis en cause<\/p>\n<p>Vendredi, l\u2019enseignement catholique de Loire-Atlantique avait annonc\u00e9 avoir recueilli plusieurs t\u00e9moignages faisant \u00e9tat de violences sexuelles au sein de cet \u00e9tablissement entre les ann\u00e9es\u00a01958 et\u00a01995. Six personnes, dont cinq pr\u00eatres, aujourd\u2019hui d\u00e9c\u00e9d\u00e9s, sont mis en cause. L\u2019\u00e9v\u00eaque de Nantes, Laurent Percerou, a \u00e9voqu\u00e9 \u00ab\u00a0des viols, des agressions sexuelles, des attouchements\u00a0\u00bb. Il a lanc\u00e9 lors de la conf\u00e9rence de presse un appel \u00e0 t\u00e9moignages.<\/p>\n<\/p>\n<p>\u00ab\u00a0En l\u2019\u00e9tat, le parquet de Nantes n\u2019a en revanche pas \u00e9t\u00e9 rendu destinataire d\u2019autres informations de m\u00eame nature concernant d\u2019autres familles, notamment depuis la conf\u00e9rence de presse\u00a0\u00bb de vendredi, a pr\u00e9cis\u00e9 le procureur.<\/p>\n","protected":false},"excerpt":{"rendered":"Le dossier Saint-Stanislas s\u2019\u00e9paissit. Une enqu\u00eate a \u00e9t\u00e9 ouverte ce mardi apr\u00e8s le suicide d\u2019un homme ayant confi\u00e9&hellip;\n","protected":false},"author":2,"featured_media":362193,"comment_status":"","ping_status":"","sticky":false,"template":"","format":"standard","meta":{"footnotes":""},"categories":[2818],"tags":[1111,47,11,11863,12336,1777,674,1011,27,303,3047,766,12,2636,4020,25,799],"class_list":{"0":"post-362192","1":"post","2":"type-post","3":"status-publish","4":"format-standard","5":"has-post-thumbnail","7":"category-nantes","8":"tag-actu","9":"tag-actualite","10":"tag-actualites","11":"tag-catholicisme","12":"tag-eglise","13":"tag-eu","14":"tag-europe","15":"tag-fr","16":"tag-france","17":"tag-justice","18":"tag-loire-atlantique","19":"tag-nantes","20":"tag-news","21":"tag-pays-de-la-loire","22":"tag-religion","23":"tag-republique-francaise","24":"tag-violences-sexuelles"},"share_on_mastodon":{"url":"https:\/\/pubeurope.com\/@fr\/115137958623903013","error":""},"_links":{"self":[{"href":"https:\/\/www.europesays.com\/fr\/wp-json\/wp\/v2\/posts\/362192","targetHints":{"allow":["GET"]}}],"collection":[{"href":"https:\/\/www.europesays.com\/fr\/wp-json\/wp\/v2\/posts"}],"about":[{"href":"https:\/\/www.europesays.com\/fr\/wp-json\/wp\/v2\/types\/post"}],"author":[{"embeddable":true,"href":"https:\/\/www.europesays.com\/fr\/wp-json\/wp\/v2\/users\/2"}],"replies":[{"embeddable":true,"href":"https:\/\/www.europesays.com\/fr\/wp-json\/wp\/v2\/comments?post=362192"}],"version-history":[{"count":0,"href":"https:\/\/www.europesays.com\/fr\/wp-json\/wp\/v2\/posts\/362192\/revisions"}],"wp:featuredmedia":[{"embeddable":true,"href":"https:\/\/www.europesays.com\/fr\/wp-json\/wp\/v2\/media\/362193"}],"wp:attachment":[{"href":"https:\/\/www.europesays.com\/fr\/wp-json\/wp\/v2\/media?parent=362192"}],"wp:term":[{"taxonomy":"category","embeddable":true,"href":"https:\/\/www.europesays.com\/fr\/wp-json\/wp\/v2\/categories?post=362192"},{"taxonomy":"post_tag","embeddable":true,"href":"https:\/\/www.europesays.com\/fr\/wp-json\/wp\/v2\/tags?post=362192"}],"curies":[{"name":"wp","href":"https:\/\/api.w.org\/{rel}","templated":true}]}}