{"id":362194,"date":"2025-09-03T02:16:24","date_gmt":"2025-09-03T02:16:24","guid":{"rendered":"https:\/\/www.europesays.com\/fr\/362194\/"},"modified":"2025-09-03T02:16:24","modified_gmt":"2025-09-03T02:16:24","slug":"63-nouveaux-agents-pour-renforcer-la-police-nationale","status":"publish","type":"post","link":"https:\/\/www.europesays.com\/fr\/362194\/","title":{"rendered":"63 nouveaux agents pour renforcer la police nationale"},"content":{"rendered":"<p>La rentr\u00e9e 2025 marque un tournant pour la s\u00e9curit\u00e9 en Gironde. Ce lundi 1er septembre, 63 nouveaux agents ont officiellement rejoint la Direction interd\u00e9partementale de la police nationale. <\/p>\n<p>La c\u00e9r\u00e9monie d\u2019accueil, pr\u00e9sid\u00e9e par le pr\u00e9fet \u00c9tienne Guyot, s\u2019est d\u00e9roul\u00e9e en pr\u00e9sence de Jean-Cyrille Reymond, directeur zonal de la police nationale Sud-Ouest, d\u2019Emmanuel Morin, directeur interd\u00e9partemental de la police nationale, ainsi que de Renaud Gaudeul, procureur de la R\u00e9publique de Bordeaux.<\/p>\n<p><img fetchpriority=\"high\" decoding=\"async\" width=\"1024\" height=\"682\" src=\"https:\/\/www.bougerabordeaux.com\/wp-content\/uploads\/2025\/09\/police-municipale-bordeaux-1024x682.webp\" alt=\"\" class=\"wp-image-82918\"  \/>La rentr\u00e9e 2025 marque un tournant pour la s\u00e9curit\u00e9 en Gironde. Ce lundi 1er septembre, 63 nouveaux agents ont officiellement rejoint la Direction interd\u00e9partementale de la police nationale. <\/p>\n<p>Parmi ces renforts, <strong>41 personnels actifs<\/strong> seront d\u00e9ploy\u00e9s directement sur le terrain, tandis que <strong>22 agents administratifs, techniques et scientifiques<\/strong> viendront appuyer les missions de soutien et d\u2019enqu\u00eate. Une r\u00e9partition strat\u00e9gique qui permettra de renforcer \u00e0 la fois la pr\u00e9sence polici\u00e8re visible et les moyens logistiques indispensables au bon fonctionnement des services.<\/p>\n<p>Ces nouvelles recrues rejoindront principalement les circonscriptions de <strong>Bordeaux et d\u2019Arcachon<\/strong>, zones o\u00f9 se concentre pr\u00e8s de la moiti\u00e9 de la population girondine. L\u2019objectif est clair : am\u00e9liorer la couverture s\u00e9curitaire et r\u00e9pondre de mani\u00e8re plus efficace aux attentes des habitants.<\/p>\n<p>Le pr\u00e9fet \u00c9tienne Guyot a rappel\u00e9 lors de son discours les priorit\u00e9s fix\u00e9es par l\u2019\u00c9tat : <strong>lutter contre la d\u00e9linquance du quotidien, renforcer la tranquillit\u00e9 publique et poursuivre la lutte contre les trafics<\/strong>. Ces th\u00e9matiques demeurent au c\u0153ur des pr\u00e9occupations locales, alors que la m\u00e9tropole bordelaise conna\u00eet une croissance d\u00e9mographique et un dynamisme \u00e9conomique qui s\u2019accompagnent de nouveaux enjeux s\u00e9curitaires.<\/p>\n<p><img loading=\"lazy\" decoding=\"async\" width=\"1024\" height=\"683\" src=\"https:\/\/www.bougerabordeaux.com\/wp-content\/uploads\/2025\/09\/police-municipale-bordeaux-1-1024x683.webp\" alt=\"\" class=\"wp-image-82919\"  \/>Le pr\u00e9fet \u00c9tienne Guyot a rappel\u00e9 lors de son discours les priorit\u00e9s fix\u00e9es par l\u2019\u00c9tat : <strong>lutter contre la d\u00e9linquance du quotidien, renforcer la tranquillit\u00e9 publique et poursuivre la lutte contre les trafics<\/strong>. Cr\u00e9dit : Ville de Bordeaux<\/p>\n<p><strong>L\u2019arriv\u00e9e de ces 63 agents s\u2019inscrit \u00e9galement dans une dynamique nationale de renforcement des effectifs. <\/strong>Le gouvernement poursuit en effet son engagement \u00e0 doter les forces de l\u2019ordre de moyens humains suppl\u00e9mentaires, en compl\u00e9ment des investissements mat\u00e9riels et technologiques d\u00e9j\u00e0 engag\u00e9s.<\/p>\n<p>En Gironde, cette mont\u00e9e en puissance devrait permettre une <strong>meilleure r\u00e9activit\u00e9 face aux faits de d\u00e9linquance<\/strong>, mais aussi un soutien accru aux enqu\u00eates complexes n\u00e9cessitant une expertise scientifique. Elle constitue enfin un signal fort envoy\u00e9 \u00e0 la population : la s\u00e9curit\u00e9 reste une priorit\u00e9 et les pouvoirs publics entendent y r\u00e9pondre avec d\u00e9termination.<\/p>\n<p>A lire aussi : <a href=\"https:\/\/www.bougerabordeaux.com\/actu\/un-skate-park-innovant-aux-bassins-a-flot-un-nouvel-espace-de-glisse-pour-bordeaux\/\" rel=\"nofollow noopener\" target=\"_blank\">Un skate-park innovant aux Bassins \u00e0 flot : un nouvel espace de glisse pour Bordeaux<\/a><\/p>\n","protected":false},"excerpt":{"rendered":"La rentr\u00e9e 2025 marque un tournant pour la s\u00e9curit\u00e9 en Gironde. Ce lundi 1er septembre, 63 nouveaux agents&hellip;\n","protected":false},"author":2,"featured_media":362195,"comment_status":"","ping_status":"","sticky":false,"template":"","format":"standard","meta":{"footnotes":""},"categories":[2817],"tags":[1111,11,1997,1777,674,1011,27,12,2219,25],"class_list":{"0":"post-362194","1":"post","2":"type-post","3":"status-publish","4":"format-standard","5":"has-post-thumbnail","7":"category-bordeaux","8":"tag-actu","9":"tag-actualites","10":"tag-bordeaux","11":"tag-eu","12":"tag-europe","13":"tag-fr","14":"tag-france","15":"tag-news","16":"tag-nouvelle-aquitaine","17":"tag-republique-francaise"},"share_on_mastodon":{"url":"https:\/\/pubeurope.com\/@fr\/115137962957710033","error":""},"_links":{"self":[{"href":"https:\/\/www.europesays.com\/fr\/wp-json\/wp\/v2\/posts\/362194","targetHints":{"allow":["GET"]}}],"collection":[{"href":"https:\/\/www.europesays.com\/fr\/wp-json\/wp\/v2\/posts"}],"about":[{"href":"https:\/\/www.europesays.com\/fr\/wp-json\/wp\/v2\/types\/post"}],"author":[{"embeddable":true,"href":"https:\/\/www.europesays.com\/fr\/wp-json\/wp\/v2\/users\/2"}],"replies":[{"embeddable":true,"href":"https:\/\/www.europesays.com\/fr\/wp-json\/wp\/v2\/comments?post=362194"}],"version-history":[{"count":0,"href":"https:\/\/www.europesays.com\/fr\/wp-json\/wp\/v2\/posts\/362194\/revisions"}],"wp:featuredmedia":[{"embeddable":true,"href":"https:\/\/www.europesays.com\/fr\/wp-json\/wp\/v2\/media\/362195"}],"wp:attachment":[{"href":"https:\/\/www.europesays.com\/fr\/wp-json\/wp\/v2\/media?parent=362194"}],"wp:term":[{"taxonomy":"category","embeddable":true,"href":"https:\/\/www.europesays.com\/fr\/wp-json\/wp\/v2\/categories?post=362194"},{"taxonomy":"post_tag","embeddable":true,"href":"https:\/\/www.europesays.com\/fr\/wp-json\/wp\/v2\/tags?post=362194"}],"curies":[{"name":"wp","href":"https:\/\/api.w.org\/{rel}","templated":true}]}}