{"id":362196,"date":"2025-09-03T02:17:17","date_gmt":"2025-09-03T02:17:17","guid":{"rendered":"https:\/\/www.europesays.com\/fr\/362196\/"},"modified":"2025-09-03T02:17:17","modified_gmt":"2025-09-03T02:17:17","slug":"la10-fermee-entre-chatellerault-nord-et-sainte-maure-de-touraine-sens-bordeaux-paris-cette-nuit-du-2-au-3-septembre","status":"publish","type":"post","link":"https:\/\/www.europesays.com\/fr\/362196\/","title":{"rendered":"L\u2019A10 ferm\u00e9e entre Ch\u00e2tellerault-nord et Sainte-Maure-de-Touraine, sens Bordeaux-Paris, cette nuit du 2 au 3 septembre"},"content":{"rendered":"<p>Afin d\u2019assurer la s\u00e9curit\u00e9 et le confort des automobilistes, <a target=\"_blank\" href=\"https:\/\/www.vinci-autoroutes.com\/fr\/\" rel=\"noopener\">Vinci Autoroutes<\/a> annonce dans un communiqu\u00e9 qu\u2019il va\u00a0effectuer des travaux de reprises d\u2019enrob\u00e9s sur l\u2019A10 entre la sortie Ch\u00e2tellerault-nord (n\u00b0\u00a026) et l\u2019\u00e9changeur de Sainte-Maure-de-Touraine (n\u00b0\u00a025) dans le sens\u00a0Bordeaux-Paris. Ces travaux, n\u00e9cessaires \u00e0 la suite d\u2019un accident, entra\u00eeneront une\u00a0interruption de la circulation sur cet axe dans la nuit du mardi\u00a02 au mercredi 3\u00a0septembre, de 21\u00a0h \u00e0 6\u00a0h\u00a030.<\/p>\n<p>Pendant la p\u00e9riode des travaux, une d\u00e9viation sera mise en place. Les automobilistes circulant sur l\u2019A10\u00a0dans le sens Bordeaux-Paris seront d\u00e9vi\u00e9s par la D161 en direction de Ch\u00e2tellerault puis la D910 en\u00a0direction de Sainte-Maure-de-Touraine et enfin la D760 en direction de l\u2019A10.<\/p>\n<p>L\u2019aire de Ch\u00e2tellerault-Usseau ne sera pas accessible sur la dur\u00e9e des travaux.<\/p>\n","protected":false},"excerpt":{"rendered":"Afin d\u2019assurer la s\u00e9curit\u00e9 et le confort des automobilistes, Vinci Autoroutes annonce dans un communiqu\u00e9 qu\u2019il va\u00a0effectuer des&hellip;\n","protected":false},"author":2,"featured_media":362197,"comment_status":"","ping_status":"","sticky":false,"template":"","format":"standard","meta":{"footnotes":""},"categories":[2817],"tags":[1392,49732,1111,11,7480,1997,19489,1777,674,1011,27,1387,12,2219,25,19490,800,1584],"class_list":{"0":"post-362196","1":"post","2":"type-post","3":"status-publish","4":"format-standard","5":"has-post-thumbnail","7":"category-bordeaux","8":"tag-a-la-une-local","9":"tag-a10","10":"tag-actu","11":"tag-actualites","12":"tag-autoroutes","13":"tag-bordeaux","14":"tag-chatellerault","15":"tag-eu","16":"tag-europe","17":"tag-fr","18":"tag-france","19":"tag-indre-et-loire","20":"tag-news","21":"tag-nouvelle-aquitaine","22":"tag-republique-francaise","23":"tag-sainte-maure-de-touraine","24":"tag-transports","25":"tag-vienne"},"share_on_mastodon":{"url":"https:\/\/pubeurope.com\/@fr\/115137966584238606","error":""},"_links":{"self":[{"href":"https:\/\/www.europesays.com\/fr\/wp-json\/wp\/v2\/posts\/362196","targetHints":{"allow":["GET"]}}],"collection":[{"href":"https:\/\/www.europesays.com\/fr\/wp-json\/wp\/v2\/posts"}],"about":[{"href":"https:\/\/www.europesays.com\/fr\/wp-json\/wp\/v2\/types\/post"}],"author":[{"embeddable":true,"href":"https:\/\/www.europesays.com\/fr\/wp-json\/wp\/v2\/users\/2"}],"replies":[{"embeddable":true,"href":"https:\/\/www.europesays.com\/fr\/wp-json\/wp\/v2\/comments?post=362196"}],"version-history":[{"count":0,"href":"https:\/\/www.europesays.com\/fr\/wp-json\/wp\/v2\/posts\/362196\/revisions"}],"wp:featuredmedia":[{"embeddable":true,"href":"https:\/\/www.europesays.com\/fr\/wp-json\/wp\/v2\/media\/362197"}],"wp:attachment":[{"href":"https:\/\/www.europesays.com\/fr\/wp-json\/wp\/v2\/media?parent=362196"}],"wp:term":[{"taxonomy":"category","embeddable":true,"href":"https:\/\/www.europesays.com\/fr\/wp-json\/wp\/v2\/categories?post=362196"},{"taxonomy":"post_tag","embeddable":true,"href":"https:\/\/www.europesays.com\/fr\/wp-json\/wp\/v2\/tags?post=362196"}],"curies":[{"name":"wp","href":"https:\/\/api.w.org\/{rel}","templated":true}]}}