{"id":362198,"date":"2025-09-03T02:18:11","date_gmt":"2025-09-03T02:18:11","guid":{"rendered":"https:\/\/www.europesays.com\/fr\/362198\/"},"modified":"2025-09-03T02:18:11","modified_gmt":"2025-09-03T02:18:11","slug":"la-piste-des-geants-a-toulouse-transformee-pour-une-occasion-speciale-et-unique-dans-lannee","status":"publish","type":"post","link":"https:\/\/www.europesays.com\/fr\/362198\/","title":{"rendered":"La Piste des G\u00e9ants \u00e0 Toulouse transform\u00e9e pour une occasion sp\u00e9ciale (et unique dans l&rsquo;ann\u00e9e)"},"content":{"rendered":"<p>En route vers<strong> un salon 100 % \u00e9lectrique<\/strong>. Devenu <a href=\"https:\/\/lopinion.com\/articles\/art-de-vivre\/30048_toulouse-rendez-vous-voitures-collection-exception\" rel=\"noopener noreferrer nofollow\" target=\"_blank\">un rendez-vous incontournable<\/a> depuis trois ans, le Salon de l\u2019Automobile \u00c9lectrique est de retour sur <a href=\"https:\/\/lopinion.com\/articles\/actualite\/23047_toulouse-piste-parc\" rel=\"noopener noreferrer nofollow\" target=\"_blank\"><strong>la (nouvelle) Piste des G\u00e9ants<\/strong><\/a><strong> \u00e0 <\/strong><a href=\"https:\/\/lopinion.com\/\" rel=\"noopener noreferrer nofollow\" target=\"_blank\"><strong>Toulouse<\/strong><\/a><strong> le dimanche 7 septembre 2025<\/strong>.<\/p>\n<p>Organis\u00e9 par le groupe Make a Move, il s&rsquo;agit d&rsquo;un \u00e9v\u00e9nement familial et accessible \u00e0 tous, <strong>enti\u00e8rement gratuit<\/strong> et dont la mission principale est de faire d\u00e9couvrir et de permettre aux visiteurs de tester les mod\u00e8les les plus r\u00e9cents&#8230; Le temps d&rsquo;une journ\u00e9e.<\/p>\n<p>Un Salon d\u00e9di\u00e9 aux v\u00e9hicules \u00e9lectriques<\/p>\n<p>Pour l&rsquo;occasion, une quarantaine de voitures sera disponible <strong>en exposition et en essai<\/strong>, avec une douzaine de marques offrant <strong>un m\u00e9lange \u00e9quilibr\u00e9<\/strong> entre constructeurs internationaux et acteurs fran\u00e7ais bien \u00e9tablis.<\/p>\n<p>Tout au long de cette <strong>journ\u00e9e in\u00e9dite<\/strong>, les visiteurs retrouveront ainsi <strong>des marques \u00e9trang\u00e8res majeures <\/strong>comme le chinois BYD, les sud-cor\u00e9ens Kia, et <strong>les embl\u00e9matiques allemands <\/strong>Volkswagen, Mercedes, Audi et Skoda. \u00c0 leurs c\u00f4t\u00e9s, plusieurs marques fran\u00e7aises tiendront \u00e9galement leur rang avec Peugeot, Citro\u00ebn, DS et Renault. <strong>Cadillac et Xpeng<\/strong> viendront compl\u00e9ter ce panorama \u00e9clectique, o\u00f9 se c\u00f4toient constructeurs historiques et nouveaux venus ambitieux.<\/p>\n<p>Le Salon offrira \u00e9galement l\u2019opportunit\u00e9 d\u2019\u00e9changer avec des constructeurs et experts du secteur pour obtenir des r\u00e9ponses sur l\u2019ensemble des sujets li\u00e9s \u00e0 la mobilit\u00e9 \u00e9lectrique.<\/p>\n<p>Sans oublier les nombreux jeux-concours, les animations pour enfants anim\u00e9es par des professionnels, ainsi que les food trucks.<\/p>\n<p>1,3 million de v\u00e9hicules \u00e9lectriques d\u00e9sormais en circulation<\/p>\n<p>En 2010, la France ne comptait que 102 v\u00e9hicules \u00e9lectriques, un chiffre qui souligne les d\u00e9buts modestes de cette transition. Selon le barom\u00e8tre de la mobilit\u00e9 \u00e9lectrique publi\u00e9 par l&rsquo;Avere-France au 31 d\u00e9cembre 2024, <strong>ce nombre atteint d\u00e9sormais 1,3 million de v\u00e9hicules en circulation<\/strong>.<\/p>\n<p>Aussi, comme l&rsquo;indique l&rsquo;\u00e9quipe organisatrice, \u00ab\u00a0selon la Plateforme automobile (PFA), si les constructeurs souhaitent se conformer aux normes europ\u00e9ennes sur les \u00e9missions de CO2, les ventes de v\u00e9hicules \u00e9lectriques devront atteindre 22 % en 2025, en progression de 5 % par rapport \u00e0 la fin de l\u2019ann\u00e9e pr\u00e9c\u00e9dente\u00a0\u00bb.<\/p>\n<p>&gt;&gt; \u00c0 LIRE AUSSI : <a href=\"https:\/\/lopinion.com\/articles\/art-de-vivre\/30048_toulouse-rendez-vous-voitures-collection-exception\" rel=\"noopener noreferrer nofollow\" target=\"_blank\">Toulouse : le plus grand rendez-vous des voitures de collection et d&rsquo;exception revient pour trois jours<\/a><\/p>\n","protected":false},"excerpt":{"rendered":"En route vers un salon 100 % \u00e9lectrique. Devenu un rendez-vous incontournable depuis trois ans, le Salon de&hellip;\n","protected":false},"author":2,"featured_media":362199,"comment_status":"","ping_status":"","sticky":false,"template":"","format":"standard","meta":{"footnotes":""},"categories":[2816],"tags":[1111,11,1777,674,1011,27,12,2680,25,2312],"class_list":{"0":"post-362198","1":"post","2":"type-post","3":"status-publish","4":"format-standard","5":"has-post-thumbnail","7":"category-toulouse","8":"tag-actu","9":"tag-actualites","10":"tag-eu","11":"tag-europe","12":"tag-fr","13":"tag-france","14":"tag-news","15":"tag-occitanie","16":"tag-republique-francaise","17":"tag-toulouse"},"share_on_mastodon":{"url":"https:\/\/pubeurope.com\/@fr\/115137970412652984","error":""},"_links":{"self":[{"href":"https:\/\/www.europesays.com\/fr\/wp-json\/wp\/v2\/posts\/362198","targetHints":{"allow":["GET"]}}],"collection":[{"href":"https:\/\/www.europesays.com\/fr\/wp-json\/wp\/v2\/posts"}],"about":[{"href":"https:\/\/www.europesays.com\/fr\/wp-json\/wp\/v2\/types\/post"}],"author":[{"embeddable":true,"href":"https:\/\/www.europesays.com\/fr\/wp-json\/wp\/v2\/users\/2"}],"replies":[{"embeddable":true,"href":"https:\/\/www.europesays.com\/fr\/wp-json\/wp\/v2\/comments?post=362198"}],"version-history":[{"count":0,"href":"https:\/\/www.europesays.com\/fr\/wp-json\/wp\/v2\/posts\/362198\/revisions"}],"wp:featuredmedia":[{"embeddable":true,"href":"https:\/\/www.europesays.com\/fr\/wp-json\/wp\/v2\/media\/362199"}],"wp:attachment":[{"href":"https:\/\/www.europesays.com\/fr\/wp-json\/wp\/v2\/media?parent=362198"}],"wp:term":[{"taxonomy":"category","embeddable":true,"href":"https:\/\/www.europesays.com\/fr\/wp-json\/wp\/v2\/categories?post=362198"},{"taxonomy":"post_tag","embeddable":true,"href":"https:\/\/www.europesays.com\/fr\/wp-json\/wp\/v2\/tags?post=362198"}],"curies":[{"name":"wp","href":"https:\/\/api.w.org\/{rel}","templated":true}]}}