{"id":362200,"date":"2025-09-03T02:19:13","date_gmt":"2025-09-03T02:19:13","guid":{"rendered":"https:\/\/www.europesays.com\/fr\/362200\/"},"modified":"2025-09-03T02:19:13","modified_gmt":"2025-09-03T02:19:13","slug":"des-amendes-pour-les-parents-retardataires-a-la-garderie","status":"publish","type":"post","link":"https:\/\/www.europesays.com\/fr\/362200\/","title":{"rendered":"des amendes pour les parents retardataires \u00e0 la garderie"},"content":{"rendered":"<p>            lire plus tard<\/p>\n<p id=\"dialog__title\" class=\"dialog__title\">Pour sauvegarder cet article, connectez-vous ou cr\u00e9ez un compte franceinfo<\/p>\n<p class=\"dialog__description\">Sans paiement. Sans abonnement.<\/p>\n<p>        Fermer la fen\u00eatre d\u2019activation des notifications France Info<\/p>\n<p>            cr\u00e9er votre compte<\/p>\n<p>            se connecter<\/p>\n<p>        Fermer la fen\u00eatre de pr\u00e9sentation<\/p>\n<p>    Publi\u00e9 le 02\/09\/2025 15:52<\/p>\n<p>      Mis \u00e0 jour le 02\/09\/2025 18:21<\/p>\n<p>        Temps de lecture : 2min &#8211; vid\u00e9o : 2min<\/p>\n<p>    <img decoding=\"async\" class=\"francetv-player-wrapper__image\" alt=\"Toulouse : des amendes pour les parents retardataires\"  width=\"432\" height=\"243\" src=\"https:\/\/www.europesays.com\/fr\/wp-content\/uploads\/2025\/09\/garderie-a-toulouse-une-amende-pour-les-parents-retardataires-68b6f60da2cfd796904811.jpg\" fetchpriority=\"high\"\/><\/p>\n<p>              Toulouse : des amendes pour les parents retardataires<br \/>\n                    (Toulouse : des amendes pour les parents retardataires)<\/p>\n<p>      2min<\/p>\n<p>\n  \u00c0 Toulouse (Haute-Garonne), une amende de 30 euros est d\u00e9sormais appliqu\u00e9e aux parents r\u00e9cup\u00e9rant leurs enfants apr\u00e8s 18h30 \u00e0 la garderie. Lanc\u00e9e l\u2019ann\u00e9e derni\u00e8re son efficacit\u00e9 est d\u00e9j\u00e0 visible : le nombre de retards a fortement diminu\u00e9.\n<\/p>\n<p><strong>Ce texte correspond \u00e0 une partie de la retranscription du reportage ci-dessus. Cliquez sur la vid\u00e9o pour la regarder en int\u00e9gralit\u00e9.<\/strong><\/p>\n<p>\u00c0 la sortie d&rsquo;une \u00e9cole primaire toulousaine hier, tous les parents \u00e9taient \u00e0 l&rsquo;heure en fin d&rsquo;apr\u00e8s-midi. Pour r\u00e9cup\u00e9rer leurs enfants \u00e0 la garderie, ils ont jusqu&rsquo;\u00e0 18h30. Au-del\u00e0, <a href=\"https:\/\/france3-regions.franceinfo.fr\/occitanie\/haute-garonne\/toulouse\/les-retards-ont-baisse-drastiquement-quatre-mois-apres-la-rentree-scolaire-l-amende-pour-les-parents-retardataires-semble-fonctionner-3099520.html\" data-tooltip-url=\"https:\/\/france3-regions.franceinfo.fr\/occitanie\/haute-garonne\/toulouse\/les-retards-ont-baisse-drastiquement-quatre-mois-apres-la-rentree-scolaire-l-amende-pour-les-parents-retardataires-semble-fonctionner-3099520.html\" rel=\"nofollow noopener\" target=\"_blank\">une amende de 30 euros <\/a>peut \u00eatre appliqu\u00e9e. Lanc\u00e9e l&rsquo;ann\u00e9e derni\u00e8re, la mesure est plut\u00f4t bien per\u00e7ue par les familles. \u00ab\u00a0\u00c7a ne m&rsquo;est jamais arriv\u00e9. Apr\u00e8s, je comprends par rapport au personnel. Au bout d&rsquo;un moment, quand l&rsquo;heure est termin\u00e9e pour eux, il faut bien qu&rsquo;ils rentrent\u00a0\u00bb, raconte une m\u00e8re de famille favorable au concept. \u00ab\u00a0Apr\u00e8s, s&rsquo;il y a des parents qui travaillent, qui finissent pile poil, c&rsquo;est un peu compliqu\u00e9 aussi pour eux\u00a0\u00bb, nuance une autre.<\/p>\n<p>Les retards ponctuels et justifi\u00e9s ne sont pas sanctionn\u00e9s. Avant l&rsquo;amende, les familles re\u00e7oivent \u00e9galement plusieurs avertissements. \u00ab\u00a0Le but, ce n&rsquo;est pas de gagner de l&rsquo;argent sur le dos des familles. Le but, c&rsquo;est de cr\u00e9er psychologiquement un terrain nouveau o\u00f9 l&rsquo;on fait attention et l&rsquo;on respecte en particulier la vie professionnelle et personnelle des animateurs\u00a0\u00bb, explique Jean-Luc Moudenc, maire (Divers droite) de Toulouse.<\/p>\n<p>En un an, une cinquantaine de familles ont re\u00e7u l&rsquo;amende. Le nombre de retards, lui, a chut\u00e9 de mani\u00e8re spectaculaire, comme l\u2019affirme Marion Lalanne-de Laubad\u00e8re, adjointe aux affaires scolaires de Toulouse : \u00ab\u00a0Le simple fait de dire aux familles qu&rsquo;il peut y avoir une sanction a r\u00e9gul\u00e9 les comportements et nous n&rsquo;avons plus \u00e0 d\u00e9plorer que tr\u00e8s, tr\u00e8s marginalement. Vous imaginez, 50 familles sur 32 000 \u00e9l\u00e8ves, ce n\u2019est rien \u00e0 l&rsquo;\u00e9chelle de toute la ville. \u00c7a signifie que \u00e7a a fonctionn\u00e9, donc bien entendu, on le reconduit.\u00a0\u00bb<\/p>\n<p>Le montant de 30 euros correspond \u00e0 ce que co\u00fbte \u00e0 la ville une demi-heure de garderie suppl\u00e9mentaire, puisqu&rsquo;un enfant laiss\u00e9 seul n\u00e9cessite la pr\u00e9sence de deux agents.<\/p>\n","protected":false},"excerpt":{"rendered":"lire plus tard Pour sauvegarder cet article, connectez-vous ou cr\u00e9ez un compte franceinfo Sans paiement. Sans abonnement. Fermer&hellip;\n","protected":false},"author":2,"featured_media":362201,"comment_status":"","ping_status":"","sticky":false,"template":"","format":"standard","meta":{"footnotes":""},"categories":[2816],"tags":[1111,11,1777,674,1011,27,12,2680,25,2312],"class_list":{"0":"post-362200","1":"post","2":"type-post","3":"status-publish","4":"format-standard","5":"has-post-thumbnail","7":"category-toulouse","8":"tag-actu","9":"tag-actualites","10":"tag-eu","11":"tag-europe","12":"tag-fr","13":"tag-france","14":"tag-news","15":"tag-occitanie","16":"tag-republique-francaise","17":"tag-toulouse"},"share_on_mastodon":{"url":"https:\/\/pubeurope.com\/@fr\/115137974316697127","error":""},"_links":{"self":[{"href":"https:\/\/www.europesays.com\/fr\/wp-json\/wp\/v2\/posts\/362200","targetHints":{"allow":["GET"]}}],"collection":[{"href":"https:\/\/www.europesays.com\/fr\/wp-json\/wp\/v2\/posts"}],"about":[{"href":"https:\/\/www.europesays.com\/fr\/wp-json\/wp\/v2\/types\/post"}],"author":[{"embeddable":true,"href":"https:\/\/www.europesays.com\/fr\/wp-json\/wp\/v2\/users\/2"}],"replies":[{"embeddable":true,"href":"https:\/\/www.europesays.com\/fr\/wp-json\/wp\/v2\/comments?post=362200"}],"version-history":[{"count":0,"href":"https:\/\/www.europesays.com\/fr\/wp-json\/wp\/v2\/posts\/362200\/revisions"}],"wp:featuredmedia":[{"embeddable":true,"href":"https:\/\/www.europesays.com\/fr\/wp-json\/wp\/v2\/media\/362201"}],"wp:attachment":[{"href":"https:\/\/www.europesays.com\/fr\/wp-json\/wp\/v2\/media?parent=362200"}],"wp:term":[{"taxonomy":"category","embeddable":true,"href":"https:\/\/www.europesays.com\/fr\/wp-json\/wp\/v2\/categories?post=362200"},{"taxonomy":"post_tag","embeddable":true,"href":"https:\/\/www.europesays.com\/fr\/wp-json\/wp\/v2\/tags?post=362200"}],"curies":[{"name":"wp","href":"https:\/\/api.w.org\/{rel}","templated":true}]}}