{"id":362204,"date":"2025-09-03T02:22:15","date_gmt":"2025-09-03T02:22:15","guid":{"rendered":"https:\/\/www.europesays.com\/fr\/362204\/"},"modified":"2025-09-03T02:22:15","modified_gmt":"2025-09-03T02:22:15","slug":"une-telle-intensite-est-exceptionnelle-un-super-eclair-fait-trembler-les-immeubles-de-marseille","status":"publish","type":"post","link":"https:\/\/www.europesays.com\/fr\/362204\/","title":{"rendered":"\u00ab\u00a0Une telle intensit\u00e9 est exceptionnelle\u00a0\u00bb: un super \u00e9clair fait \u00ab\u00a0trembler les immeubles\u00a0\u00bb de Marseille"},"content":{"rendered":"<p>Un impact de <strong>foudre<\/strong> a \u00ab\u00a0r\u00e9veill\u00e9 toute la ville de <strong>Marseille<\/strong>\u00a0\u00bb ce lundi 1er septembre 2023 \u00e0 3h43 du matin, indique le m\u00e9t\u00e9orologue ind\u00e9pendant et fondateur d&rsquo;E-Meteo Service\u00a0Paul Marquis sur X (ex-Twitter).\u00a0<\/p>\n<p>Il s&rsquo;agit d&rsquo;un \u00ab\u00a0SuperBolt\u00a0\u00bb (<strong>super \u00e9clair<\/strong> en fran\u00e7ais) de 358\u00a0kiloamp\u00e8re, \u00ab\u00a0contre 5 \u00e0 20 Ka en moyenne\u00a0\u00bb, pr\u00e9cise le m\u00e9t\u00e9orologue.\u00a0<\/p>\n<p>\u00ab\u00a0Une telle intensit\u00e9 est exceptionnelle\u00a0\u00bb, assure-t-il, ajoutant que \u00ab\u00a0le bruit a fait r\u00e9sonner la ville et <strong>trembler les immeubles<\/strong> telle une explosion. En 20 ans de chasse, il est dans mon top 3 des plus puissants!\u00a0\u00bb.<\/p>\n<p>                                <strong>Un mort imput\u00e9 aux intemp\u00e9ries dans le Var<\/strong><\/p>\n<p>Quelque <a href=\"https:\/\/www.nicematin.com\/a\/1000189\" target=\"_blank\" rel=\"noopener\">123 \u00e9coles des Bouches-du-Rh\u00f4ne\u00a0ont \u00e9t\u00e9 \u00ab\u00a0impact\u00e9es\u00a0\u00bb par les intemp\u00e9ries<\/a>, deux d&rsquo;entre elles devant encore rester ferm\u00e9es ce mardi, a annonc\u00e9 la pr\u00e9fecture du d\u00e9partement, qui avait d\u00e9cal\u00e9 la rentr\u00e9e scolaire en raison de la vigilance orange pluie-inondation et orages.<\/p>\n<p>La m\u00e9t\u00e9o a surtout affect\u00e9 les secteurs de Cassis et de La Ciotat, qui ont <a href=\"https:\/\/www.nicematin.com\/a\/1000043\" target=\"_blank\" rel=\"noopener\">connu \u00ab\u00a0des \u00e9pisodes de ruissellement\u00a0\u00bb<\/a> en fin d&rsquo;apr\u00e8s-midi de lundi, d&rsquo;apr\u00e8s cette m\u00eame source.<\/p>\n<p>Dans le Var, plus de 700 foyers ont \u00e9t\u00e9 ponctuellement priv\u00e9s d&rsquo;\u00e9lectricit\u00e9 et quelques b\u00e2timents, dont une caserne de pompiers, ont \u00e9t\u00e9 inond\u00e9s, selon le pr\u00e9fet, qui a \u00e9galement imput\u00e9 aux intemp\u00e9ries un <a href=\"https:\/\/www.nicematin.com\/a\/1000143\" target=\"_blank\" rel=\"noopener\">accident ayant fait un mort \u00e0 Signes <\/a>\u00ab\u00a0en raison d&rsquo;une chauss\u00e9e glissante\u00a0\u00bb.<\/p>\n","protected":false},"excerpt":{"rendered":"Un impact de foudre a \u00ab\u00a0r\u00e9veill\u00e9 toute la ville de Marseille\u00a0\u00bb ce lundi 1er septembre 2023 \u00e0 3h43&hellip;\n","protected":false},"author":2,"featured_media":362205,"comment_status":"","ping_status":"","sticky":false,"template":"","format":"standard","meta":{"footnotes":""},"categories":[2814],"tags":[1111,11,1777,674,1011,27,884,2487,12,882,25],"class_list":{"0":"post-362204","1":"post","2":"type-post","3":"status-publish","4":"format-standard","5":"has-post-thumbnail","7":"category-marseille","8":"tag-actu","9":"tag-actualites","10":"tag-eu","11":"tag-europe","12":"tag-fr","13":"tag-france","14":"tag-marseille","15":"tag-meteo","16":"tag-news","17":"tag-provence-alpes-cote-dazur","18":"tag-republique-francaise"},"share_on_mastodon":{"url":"https:\/\/pubeurope.com\/@fr\/115137986206711844","error":""},"_links":{"self":[{"href":"https:\/\/www.europesays.com\/fr\/wp-json\/wp\/v2\/posts\/362204","targetHints":{"allow":["GET"]}}],"collection":[{"href":"https:\/\/www.europesays.com\/fr\/wp-json\/wp\/v2\/posts"}],"about":[{"href":"https:\/\/www.europesays.com\/fr\/wp-json\/wp\/v2\/types\/post"}],"author":[{"embeddable":true,"href":"https:\/\/www.europesays.com\/fr\/wp-json\/wp\/v2\/users\/2"}],"replies":[{"embeddable":true,"href":"https:\/\/www.europesays.com\/fr\/wp-json\/wp\/v2\/comments?post=362204"}],"version-history":[{"count":0,"href":"https:\/\/www.europesays.com\/fr\/wp-json\/wp\/v2\/posts\/362204\/revisions"}],"wp:featuredmedia":[{"embeddable":true,"href":"https:\/\/www.europesays.com\/fr\/wp-json\/wp\/v2\/media\/362205"}],"wp:attachment":[{"href":"https:\/\/www.europesays.com\/fr\/wp-json\/wp\/v2\/media?parent=362204"}],"wp:term":[{"taxonomy":"category","embeddable":true,"href":"https:\/\/www.europesays.com\/fr\/wp-json\/wp\/v2\/categories?post=362204"},{"taxonomy":"post_tag","embeddable":true,"href":"https:\/\/www.europesays.com\/fr\/wp-json\/wp\/v2\/tags?post=362204"}],"curies":[{"name":"wp","href":"https:\/\/api.w.org\/{rel}","templated":true}]}}