{"id":362206,"date":"2025-09-03T02:23:12","date_gmt":"2025-09-03T02:23:12","guid":{"rendered":"https:\/\/www.europesays.com\/fr\/362206\/"},"modified":"2025-09-03T02:23:12","modified_gmt":"2025-09-03T02:23:12","slug":"lassaillant-tue-par-la-police-son-profil-precise","status":"publish","type":"post","link":"https:\/\/www.europesays.com\/fr\/362206\/","title":{"rendered":"l&rsquo;assaillant tu\u00e9 par la police, son profil pr\u00e9cis\u00e9"},"content":{"rendered":"<p>                    <a title=\"\u00a0\u00a9\u00a0Alain ROBERT\/SIPA (publi\u00e9e le 02\/09\/2025)\" href=\"https:\/\/www.europesays.com\/fr\/wp-content\/uploads\/2025\/09\/79705762.jpg\" class=\"fancy\"><\/p>\n<p>                            <img loading=\"lazy\" decoding=\"async\" src=\"https:\/\/www.europesays.com\/fr\/wp-content\/uploads\/2025\/09\/79705762.jpg\" alt=\"Attaque au couteau \u00e0 Marseille\u00a0: l'assaillant tu\u00e9 par la police, son profil pr\u00e9cis\u00e9\" width=\"1500\" height=\"1000\"\/><\/p>\n<p>                    <\/a><\/p>\n<p>                Un homme a \u00e9t\u00e9 abattu par la police dans le 1er arrondissement de Marseille. Abdelkader D., 35\u00a0ans, avait poignard\u00e9 trois personnes avant de prendre la fuite.<\/p>\n<p>Sc\u00e8ne de chaos \u00e0\u00a0<a href=\"https:\/\/www.linternaute.com\/ville\/marseille\/ville-13055\" title=\"Marseille\" rel=\"nofollow noopener\" target=\"_blank\">Marseille<\/a>\u00a0(Bouches-du-Rh\u00f4ne). Ce mardi 2 septembre 2025, un homme a \u00e9t\u00e9 tu\u00e9 par des tirs de policiers\u00a0alors qu&rsquo;il d\u00e9ambulait dans la rue avec une barre de fer et deux couteaux. Les faits se sont d\u00e9roul\u00e9s dans l&rsquo;apr\u00e8s-midi, peu avant 15 heures, selon les informations de la cha\u00eene d&rsquo;informations en continu\u00a0BFMTV, recueillies aupr\u00e8s du procureur de la R\u00e9publique de la cit\u00e9 phoc\u00e9enne.\u00a0Actu Marseille\u00a0\u00e9voque de son c\u00f4t\u00e9 une \u00ab\u00a0attaque dans un h\u00f4tel et sur la terrasse d&rsquo;un snack\u00a0\u00bb, avec au moins cinq bless\u00e9s dont un grave.<\/p>\n<p>Nous apprenons \u00e9galement que cet individu avait poignard\u00e9 \u00ab\u00a0trois personnes\u00a0\u00bb dans une chambre d&rsquo;h\u00f4tel, \u00ab\u00a0peu de temps avant\u00a0\u00bb. L&rsquo;une de ses victimes est actuellement en urgence absolue. Le secteur du cours Belsunce, une voie situ\u00e9e dans le 1er arrondissement de Marseille, est boucl\u00e9 par les forces de l&rsquo;ordre.\u00a0Selon les informations du <a href=\"https:\/\/www.lefigaro.fr\/marseille\/en-direct-attaque-au-couteau-a-marseille-l-assaillant-tue-bruno-retailleau-attendu-sur-place-dans-la-soiree-20250902\" rel=\"nofollow noopener\" target=\"_blank\">Figaro<\/a>, le suspect, Abdelkader D., \u00e9tait de nationalit\u00e9 tunisienne et sous contr\u00f4le judiciaire avec interdiction du port d\u2019arme. Selon Bruno Retailleau, il \u00e9tait d\u00e9tenteur d&rsquo;une \u00ab\u00a0carte de s\u00e9jour qui devait se terminer en 2032\u00a0\u00bb.<\/p>\n<p>\u00ab\u00a0Le mobile semble \u00eatre un motif priv\u00e9, une question de loyer non pay\u00e9\u00a0\u00bb<\/p>\n<p>Toujours d&rsquo;apr\u00e8s le quotidien, il\u00a0\u00e9tait convoqu\u00e9 devant un tribunal (COPJ) dans une affaire de provocation \u00e0 la haine, mais n\u2019\u00e9tait \u00ab\u00a0pas inscrit au fichier des signalements pour la pr\u00e9vention de la radicalisation \u00e0 caract\u00e8re terroriste (FSPRT)\u00a0\u00bb. En revanche, il\u00a0\u00e9tait connu du renseignement territorial (RT) pour une raison inconnue. Il a cri\u00e9 \u00ab\u00a0Allah Akbar\u00a0\u00bb avant d&rsquo;\u00eatre abattu par la police, annonce <a href=\"https:\/\/www.laprovence.com\/article\/region\/20166513182985\/direct-laprovence-direct-attaque-au-couteau-a-marseille-le-suspect-abattu-bruno-retailleau-attendu-sur-place\" rel=\"nofollow noopener\" target=\"_blank\">La Provence<\/a>. Dans une vid\u00e9o qui circule sur les r\u00e9seaux sociaux, notamment sur X,\u00a0on entend le suspect crier \u00ab\u00a0Allah Akbar\u00a0\u00bb\u00a0avant d\u2019\u00eatre atteint par plusieurs balles. Selon les informations du Figaro, qui cite une source proche du dossier, l&rsquo;assaillant n&rsquo;\u00e9tait pas fich\u00e9 S mais il \u00e9tait\u00a0\u00ab\u00a0connu pour \u00eatre instable\u00a0\u00bb.\u00a0Le Parquet national antiterroriste (Pnat), en charge des affaires de terrorisme, ne devrait pas se saisir des faits, au vue des premiers \u00e9l\u00e9ments de l&rsquo;enqu\u00eate.<\/p>\n<p>Bruno Retailleau s&rsquo;est rendu sur place d\u00e8s mardi soir. Apr\u00e8s avoir salu\u00e9 l&rsquo;intervention des forces de l&rsquo;ordre, le ministre de l&rsquo;Int\u00e9rieur a donn\u00e9 plus de d\u00e9tails sur le profil de l&rsquo;assaillant. Abdelkader D. \u00e9tait \u00ab\u00a0connu de nos services, il avait eu affaire \u00e0 la Justice\u00a0\u00bb, a-t-il expliqu\u00e9. Selon lui, il avait tenu des propos\u00a0\u00ab\u00a0antis\u00e9mites, prof\u00e9r\u00e9s devant la mosqu\u00e9e de S\u00e8te\u00a0\u00bb. Fin ao\u00fbt, le pr\u00e9fet de l&rsquo;H\u00e9rault avait m\u00eame \u00ab\u00a0saisi l&rsquo;autorit\u00e9 judiciaire\u00a0\u00bb pour \u00ab\u00a0signaler un certain nombre d&rsquo;agissements\u00a0\u00bb, dont les propos devant la mosqu\u00e9e. Les motifs de l&rsquo;attaque du 2 septembre ne sont toutefois pas li\u00e9s \u00e0 la religion, rassure-t-il. \u00ab\u00a0Le mobile semble \u00eatre un motif priv\u00e9, une question de loyer non pay\u00e9\u00a0\u00bb et \u00ab\u00a0le motif de radicalisation semble \u00e9cart\u00e9\u00a0\u00bb, a-t-il d\u00e9clar\u00e9.<\/p>\n<p>Une enqu\u00eate\u00a0ouverte pour \u00ab\u00a0tentative d\u2019homicides volontaires\u00a0\u00bb<\/p>\n<p>En situation r\u00e9guli\u00e8re, l\u2019homme logeait dans un h\u00f4tel du quartier Belsunce, dont il avait \u00e9t\u00e9 expuls\u00e9 car il ne payait pas son loyer, a indiqu\u00e9\u00a0le procureur de Marseille, Nicolas Bessone, ce mardi devant la presse.\u00a0Ce mardi, l\u2019individu est revenu \u00e0 l\u2019h\u00f4tel, avant de monter au premier \u00e9tage, de se rendre dans la chambre qu\u2019il occupait et de porter un coup de couteau au flanc d\u2019un colocataire, a expliqu\u00e9 Nicolas Bessone. Redescendu, l&rsquo;assaillant\u00a0a port\u00e9 un ou deux coups de couteau au g\u00e9rant de l\u2019h\u00f4tel et son fils, tous deux sont hospitalis\u00e9es dans un \u00e9tat d\u2019urgence relative.\u00a0Le m\u00e9dia local Actu Marseille confirme que l&rsquo;homme s&rsquo;est\u00a0attaqu\u00e9 au patron de\u00a0l&rsquo;h\u00f4tel en question, \u00ab\u00a0en lui ass\u00e9nant des coups de couteau, avant de se diriger vers la terrasse de l&rsquo;Istanbul Grill\u00a0\u00bb.<\/p>\n<p>Une enqu\u00eate est d\u00e9sormais ouverte pour \u00ab\u00a0tentative d\u2019homicides volontaires, tentatives d\u2019homicides volontaires sur personnes d\u00e9positaires de l\u2019autorit\u00e9 publique\u00a0\u00bb, pr\u00e9cise Le Figaro. L&rsquo;IGPN a \u00e9galement \u00e9t\u00e9 saisie\u00a0suite \u00e0 l\u2019usage des armes par les fonctionnaires de police. Le maire de la ville Beno\u00eet Payan est sur place, le ministre de l&rsquo;Int\u00e9rieur, Bruno Retailleau, est attendu pour 20h30.<\/p>\n<p><a name=\"post1756846793\"\/>22:59 &#8211; L&rsquo;\u00e9tat des personnes bless\u00e9es lors de l&rsquo;attaque \u00e0 Marseille est \u00ab\u00a0plut\u00f4t rassurant\u00a0\u00bb<\/p>\n<p>Trois personnes ont \u00e9t\u00e9 bless\u00e9es lors d&rsquo;une attaque au couteau au Marseille, et deux autres ont subi une attaque \u00e0 coups de matraque par le m\u00eame assaillant mardi. Selon Bruno Retailleau, en d\u00e9placement quelques heures apr\u00e8s les faits, les nouvelles de leur \u00e9tat de sant\u00e9 sont \u00ab\u00a0plut\u00f4t rassurantes\u00a0\u00bb.<\/p>\n<p><a name=\"post1756845318\"\/>22:35 &#8211; Abdelkader D., homme qui a attaqu\u00e9 plusieurs personnes \u00e0 Marseille, \u00e9tait en situation r\u00e9guli\u00e8re<\/p>\n<p>Abdelkader D., l&rsquo;homme qui a attaqu\u00e9 au couteau trois personnes\u00a0\u00e0 Marseille, \u00e9tait en situation r\u00e9guli\u00e8re, a indiqu\u00e9 Bruno Retailleau lors de sa visite sur place. \u00ab\u00a0Cet individu est de nationalit\u00e9 tunisienne, il a 35 ans, il avait une carte de s\u00e9jour qui devait se terminer en 2032\u00a0\u00bb, a pr\u00e9cis\u00e9 le ministre de l&rsquo;Int\u00e9rieur.<\/p>\n<p><a name=\"post1756843505\"\/>22:05 &#8211; L&rsquo;assaillant vouait \u00ab\u00a0terminer son p\u00e9riple meurtrier en mourant\u00a0\u00bb<\/p>\n<p>Bruno Retailleau a d\u00e9fendu l&rsquo;intervention des policiers dans l&rsquo;attaque au couteau qui s&rsquo;est d\u00e9roul\u00e9e \u00e0 Marseille mardi. Les forces de l&rsquo;ordre ont abattu l&rsquo;assaillant. \u00ab\u00a0S\u2019ils n\u2019avaient pas utilis\u00e9 une arme, il y aurait eu d\u2019autres victimes. Les images laissent peu de doute (sur) la l\u00e9gitime d\u00e9fense (des policiers)\u00a0\u00bb, a d\u00e9clar\u00e9 le ministre de l\u2019Int\u00e9rieur. Abdelkader D. voulait \u00ab\u00a0terminer son p\u00e9riple meurtrier en mourant\u00a0\u00bb, a-t-il ajout\u00e9.<\/p>\n<p><a name=\"post1756841910\"\/>21:38 &#8211; \u00ab\u00a0Le motif de radicalisation semble \u00e9cart\u00e9\u00a0\u00bb, d\u00e9clare Bruno Retailleau<\/p>\n<p>Bruno Retailleau s&rsquo;est rendu \u00e0 Marseille apr\u00e8s l&rsquo;attaque au couteau qui a bless\u00e9 au moins cinq personnes. \u00ab\u00a0Le mobile [de l&rsquo;assaillant]\u00a0semble \u00eatre un motif priv\u00e9, une question de loyer non pay\u00e9\u00a0\u00bb, a d\u00e9clar\u00e9 le ministre de l&rsquo;Int\u00e9rieur.\u00a0\u00ab\u00a0Le motif de radicalisation semble \u00e9cart\u00e9.\u00a0\u00bb<\/p>\n<p><a name=\"post1756839498\"\/>20:58 &#8211; Bruno Retailleau en d\u00e9placement \u00e0 Marseille apr\u00e8s l&rsquo;attaque au couteau s&rsquo;est adress\u00e9 aux policiers<\/p>\n<p>\u00ab\u00a0S\u2019il n\u2019y avait pas eu une patrouille de la PAF, le meurtrier poursuivait son parcours. \u00c0 l\u2019heure o\u00f9 je vous parle, il y a 3 victimes par arme blanche et une avec une matraque. Je pense aux victimes, \u00e0 leurs familles et \u00e0 leurs proches, ainsi qu\u2019\u00e0 ceux qui les ont secourus\u00a0\u00bb, a d\u00e9clar\u00e9 Bruno Retailleau, ministre de l&rsquo;Int\u00e9rieur, en d\u00e9placement \u00e0 Marseille apr\u00e8s l&rsquo;attaque au couteau. l s&rsquo;est exprim\u00e9 face aux policiers de la cit\u00e9e phoc\u00e9enne. \u00ab\u00a0Je sais qu\u2019ici votre r\u00f4le est difficile. Certains le contestent, pas moi.\u00a0Derri\u00e8re vos uniformes, vous rendez \u00e0 la R\u00e9publique et \u00e0 la nation un double service. Vous \u00eates un bouclier de la R\u00e9publique au moment o\u00f9 il y a tant de violences\u00a0\u00bb, a-t-il affirm\u00e9.<\/p>\n<p><a name=\"post1756834895\"\/>19:41 &#8211; Le Parquet national antiterroriste ne devrait pas se saisir de l&rsquo;affaire<\/p>\n<p>Dans une vid\u00e9o montrant l&rsquo;assaillant attaquer les forces de l&rsquo;ordre, on peut l&rsquo;entendre crier \u00ab\u00a0Allah Akbar\u00a0\u00bb avant d&rsquo;\u00eatre abattu. Mais selon les premiers \u00e9l\u00e9ments de l&rsquo;enqu\u00eate, le drame qui s&rsquo;est d\u00e9roul\u00e9 \u00e0 Marseille ne devrait pas \u00eatre qualifi\u00e9 d&rsquo;attentat. Le Parquet national antiterroriste (Pnat), en charge de ces affaires, ne devrait donc pas se saisir des faits,\u00a0a appris franceinfo de source judiciaire.<\/p>\n<p><a name=\"post1756831024\"\/>18:37 &#8211; Le procureur d\u00e9crit le \u00ab\u00a0p\u00e9riple criminel\u00a0\u00bb d&rsquo;Abdelkader D.<\/p>\n<p>Pendant une conf\u00e9rence de presse ce mardi,\u00a0le procureur de Marseille, Nicolas Bessone, a d\u00e9crit un v\u00e9ritable \u00ab\u00a0p\u00e9riple criminel\u00a0\u00bb men\u00e9 par le suspect de 35 ans. Il s&rsquo;en est pris \u00e0\u00a0plusieurs personnes \u00ab\u00a0\u00e0 l&rsquo;aveugle, gratuitement\u00a0\u00bb. Apr\u00e8s l&rsquo;agression de trois personnes dans un h\u00f4tel, il est\u00a0entr\u00e9 dans \u00ab\u00a0un snack \u00e0 proximit\u00e9\u00a0\u00bb o\u00f9 il a tent\u00e9 de s&rsquo;en prendre aux clients avec l&rsquo;un de ses deux couteaux.<\/p>\n<p><a name=\"post1756830543\"\/>18:29 &#8211; L&rsquo;assaillant n&rsquo;\u00e9tait pas fich\u00e9 S mais \u00ab\u00a0connu pour \u00eatre instable\u00a0\u00bb <\/p>\n<p>L&rsquo;homme qui a bless\u00e9 au moins cinq personnes, dont trois au couteau aux alentours de l&rsquo;h\u00f4tel Amira, \u00e0 Marseille, \u00e9tait \u00ab\u00a0connu pour \u00eatre instable\u00a0\u00bb, r\u00e9v\u00e8le Le Figaro, qui cite une source proche du dossier. Selon les informations du journal, l&rsquo;assaillant, Abdelkader D., n&rsquo;\u00e9tait pas fich\u00e9 S.<\/p>\n<p><a name=\"post1756829138\"\/>18:05 &#8211; L&rsquo;assaillant a cri\u00e9 \u00ab\u00a0Allah Akbar\u00a0\u00bb<\/p>\n<p>Selon les informations de <a href=\"https:\/\/www.laprovence.com\/article\/region\/20166513182985\/direct-laprovence-direct-attaque-au-couteau-a-marseille-le-suspect-abattu-bruno-retailleau-attendu-sur-place\" rel=\"nofollow noopener\" target=\"_blank\">La Provence<\/a>,\u00a0&lsquo;assaillant a cri\u00e9 \u00ab\u00a0allah akbar\u00a0\u00bb avant d&rsquo;\u00eatre abattu par 4 policiers en civil. Les policiers ont fait feu \u00ab\u00a0\u00e0 moins une demi-douzaine de reprises\u00a0\u00bb. \u00ab\u00a0Le forcen\u00e9 n\u00e9 en 1990, \u00e9tait connu du renseignement territorial pour &lsquo;troubles \u00e0 potentialit\u00e9 violente&rsquo;. Il a fait 5 victimes par arme blanche\u00a0\u00bb, pr\u00e9cise le quotidien local.<\/p>\n<p><a name=\"post1756828465\"\/>17:54 &#8211; L\u2019assaillant a prononc\u00e9 \u00ab\u00a0un certain nombre de paroles\u00a0\u00bb, d\u00e9clare le procureur<\/p>\n<p>Selon\u00a0le procureur de Marseille, Nicolas Bessone, l\u2019assaillant a prononc\u00e9 \u00ab\u00a0un certain nombre de paroles\u00a0\u00bb\u00a0au moment des faits, sans pouvoir d\u00e9terminer un mobile pr\u00e9cis. Des \u00ab\u00a0v\u00e9rifications\u00a0\u00bb sont en cours, tout comme des \u00ab\u00a0auditions de t\u00e9moins pr\u00e9sents sur les lieux au moment du drame\u00a0\u00bb, pr\u00e9cise Le Figaro. De son c\u00f4t\u00e9, le maire de Marseille, Beno\u00eet Payan, assure se tenir \u00ab\u00a0pr\u00e9sent aux c\u00f4t\u00e9s des habitants, des forces de l\u2019ordre et de secours, j\u2019exprime tout mon soutien \u00e0 l\u2019ensemble des personnes touch\u00e9es par l\u2019ignoble agression au couteau survenue \u00e0 Belsunce aujourd\u2019hui\u00a0\u00bb, dit-il sur X. \u00ab\u00a0Je viens d\u2019\u00e9changer avec le ministre de l\u2019Int\u00e9rieur qui sera \u00e0 Marseille d\u00e8s ce soir. La s\u00e9curit\u00e9 des Marseillaises et des Marseillais est ma priorit\u00e9\u00a0\u00bb, r\u00e9p\u00e8te-t-il.<\/p>\n","protected":false},"excerpt":{"rendered":"Un homme a \u00e9t\u00e9 abattu par la police dans le 1er arrondissement de Marseille. Abdelkader D., 35\u00a0ans, avait&hellip;\n","protected":false},"author":2,"featured_media":362207,"comment_status":"","ping_status":"","sticky":false,"template":"","format":"standard","meta":{"footnotes":""},"categories":[2814],"tags":[1111,11,1777,674,1011,27,884,12,882,25],"class_list":{"0":"post-362206","1":"post","2":"type-post","3":"status-publish","4":"format-standard","5":"has-post-thumbnail","7":"category-marseille","8":"tag-actu","9":"tag-actualites","10":"tag-eu","11":"tag-europe","12":"tag-fr","13":"tag-france","14":"tag-marseille","15":"tag-news","16":"tag-provence-alpes-cote-dazur","17":"tag-republique-francaise"},"share_on_mastodon":{"url":"https:\/\/pubeurope.com\/@fr\/115137990136900479","error":""},"_links":{"self":[{"href":"https:\/\/www.europesays.com\/fr\/wp-json\/wp\/v2\/posts\/362206","targetHints":{"allow":["GET"]}}],"collection":[{"href":"https:\/\/www.europesays.com\/fr\/wp-json\/wp\/v2\/posts"}],"about":[{"href":"https:\/\/www.europesays.com\/fr\/wp-json\/wp\/v2\/types\/post"}],"author":[{"embeddable":true,"href":"https:\/\/www.europesays.com\/fr\/wp-json\/wp\/v2\/users\/2"}],"replies":[{"embeddable":true,"href":"https:\/\/www.europesays.com\/fr\/wp-json\/wp\/v2\/comments?post=362206"}],"version-history":[{"count":0,"href":"https:\/\/www.europesays.com\/fr\/wp-json\/wp\/v2\/posts\/362206\/revisions"}],"wp:featuredmedia":[{"embeddable":true,"href":"https:\/\/www.europesays.com\/fr\/wp-json\/wp\/v2\/media\/362207"}],"wp:attachment":[{"href":"https:\/\/www.europesays.com\/fr\/wp-json\/wp\/v2\/media?parent=362206"}],"wp:term":[{"taxonomy":"category","embeddable":true,"href":"https:\/\/www.europesays.com\/fr\/wp-json\/wp\/v2\/categories?post=362206"},{"taxonomy":"post_tag","embeddable":true,"href":"https:\/\/www.europesays.com\/fr\/wp-json\/wp\/v2\/tags?post=362206"}],"curies":[{"name":"wp","href":"https:\/\/api.w.org\/{rel}","templated":true}]}}