{"id":362208,"date":"2025-09-03T02:24:13","date_gmt":"2025-09-03T02:24:13","guid":{"rendered":"https:\/\/www.europesays.com\/fr\/362208\/"},"modified":"2025-09-03T02:24:13","modified_gmt":"2025-09-03T02:24:13","slug":"cest-la-rentree-lyon-bondy-blog","status":"publish","type":"post","link":"https:\/\/www.europesays.com\/fr\/362208\/","title":{"rendered":"C\u2019est la rentr\u00e9e ! &#8211; Lyon Bondy Blog"},"content":{"rendered":"<p><strong>Mardi 2 septembre 2025\u00a0 <a href=\"https:\/\/lyonbondyblog.fr\/LBB\/politique-treize-jours-pour-convaincre\/\" rel=\"nofollow noopener\" target=\"_blank\">Fran\u00e7ois Bayrou est encore premier ministre mais pour combien de temps <\/a>?<\/strong><\/p>\n<p>Hier \u00e0 huit heures, toute la France \u00e9tait sur le pied de guerre pour l\u2019 iconique rentr\u00e9e des classes. Et pendant que des millions d\u2019 \u00e9l\u00e8ves et de parents d\u2019 \u00e9l\u00e8ves d\u00e9butaient leur ann\u00e9e scolaire, notre premier ministre lui pr\u00e9parait sa sortie probablement pour le 8 septembre \u00e0 moins que la gr\u00e2ce le touche.<\/p>\n<p>Mais il n y a pas que la politique dans la vie, il y a \u00e9galement le foot, l\u2019Olympique lyonnais condamn\u00e9s en premi\u00e8re instance \u00e0 la rel\u00e9gation en Ligue 2, et sauv\u00e9s gr\u00e2ce \u00e0<a href=\"https:\/\/lyonbondyblog.fr\/LBB\/michelle-kang-patronne-du-foot-lyonnais\/\" rel=\"nofollow noopener\" target=\"_blank\"> une femme d\u2019affaires am\u00e9ricano-cor\u00e9enne Michelle Kang<\/a>,\u00a0 renait de ses cendres pour bousculer les parisiens champions d\u2019Europe. Ne nous emballons pas trop vite, ce n\u2019est que la troisi\u00e8me journ\u00e9e et\u00a0 il y en a trente-huit.<\/p>\n<p>C\u00f4t\u00e9 H\u00f4tel de ville de Lyon, le maire Gr\u00e9gory Doucet accompagne des coll\u00e9giens dans leur rentr\u00e9e avant de commencer une campagne pour garder son tr\u00f4ne. Il va devoir se d\u00e9faire du sparadra Aulas dont on ne connait trop ses ambitions pour la mairie. Il pensait avoir quelques deniers avec l\u2019ancien micro parti du d\u00e9funt G\u00e9rard Collomb pour financer sa campagne, mais Caroline Collomb \u00e9pouse de l\u2019ancien maire, a rapidement scell\u00e9 le sort du micro parti en faisant appel \u00e0 la justice pour cl\u00f4turer les comptes. Alors que plusieurs candidats se d\u00e9clarent notamment \u00e0 droite, mais en photo avec JMA. L\u2019attente est encore un peu longue quant \u00e0 l\u2019annonce de la candidature de l\u2019ancien pr\u00e9sident de l\u2019Olympique Lyonnaiscandidature de l\u2019ancien pr\u00e9sident de l\u2019Olympique Lyonnais. A gauche, \u00e0 part Nathalie Perrin-Gilbert qui se voit d\u00e9j\u00e0 maire de Lyon en 2026, Personne ne rugit, pr\u00e9f\u00e9rant d\u00e9fendre le maire \u00e9cologiste<\/p>\n<p>C\u00f4t\u00e9 culture, tout va bien malgr\u00e9 la baisse de financements les projets sont l\u00e0 comme notamment le fameux d\u00e9fil\u00e9 de la biennale de la maison de la danse qui aura lieu ce dimanche apr\u00e8s-midi entre la place des Terreaux jusqu\u2019\u00e0 la place Bellecour. Les autres offres culturelles notament celles des th\u00e9\u00e2tres lyonnais et m\u00e9tropoitains nous promettent une saison all\u00e9chante aussi bien pour les novices que pour les initi\u00e9s. Enfin , le c\u00e9l\u00e8bre forum d\u2019associations sera mis \u00e0 l\u2019honneur tout au long du mois de septembre prouvant le dynamisme du tissus associatifs local permettant \u00e0 chacun de\u00a0 trouver son bonheur quelque soit ses centres d interets.<\/p>\n<p>Conclusion, pour cette rentr\u00e9e 2025 on prend les m\u00eames et on recommence. Si les fran\u00e7aises et les fran\u00e7ais pensaient que les querelles politiques \u00e9taient termin\u00e9es c\u2019est rat\u00e9. Ce n\u2019est pas en nommant deux premiers ministres qui avaient all\u00e8grement d\u00e9pass\u00e9 l\u2019\u00e2ge minimum de la retraite, qu\u2019on allait avoir des id\u00e9es nouvelles. On voit surtout une classe qui, \u00e0 l\u2019image de Fran\u00e7ois Bayrou, s\u2019accroche comme une moule \u00e0 son poteau \u00e0 leurs\u00a0 fonctions\u00a0 \u00e9lectorales acquises depuis des d\u00e9cennies. Face \u00e0 ce manque de vision, les fran\u00e7aises et les fran\u00e7ais sont \u00e0 la recherche\u00a0 de\u00a0 l\u00e9g\u00e8ret\u00e9 et de fra\u00eecheur pour cette rentr\u00e9e 2025.<\/p>\n","protected":false},"excerpt":{"rendered":"Mardi 2 septembre 2025\u00a0 Fran\u00e7ois Bayrou est encore premier ministre mais pour combien de temps ? Hier \u00e0&hellip;\n","protected":false},"author":2,"featured_media":362209,"comment_status":"","ping_status":"","sticky":false,"template":"","format":"standard","meta":{"footnotes":""},"categories":[1889],"tags":[1111,11,2430,1777,674,1011,27,2428,12,25],"class_list":{"0":"post-362208","1":"post","2":"type-post","3":"status-publish","4":"format-standard","5":"has-post-thumbnail","7":"category-lyon","8":"tag-actu","9":"tag-actualites","10":"tag-auvergne-rhone-alpes","11":"tag-eu","12":"tag-europe","13":"tag-fr","14":"tag-france","15":"tag-lyon","16":"tag-news","17":"tag-republique-francaise"},"share_on_mastodon":{"url":"https:\/\/pubeurope.com\/@fr\/115137994050216227","error":""},"_links":{"self":[{"href":"https:\/\/www.europesays.com\/fr\/wp-json\/wp\/v2\/posts\/362208","targetHints":{"allow":["GET"]}}],"collection":[{"href":"https:\/\/www.europesays.com\/fr\/wp-json\/wp\/v2\/posts"}],"about":[{"href":"https:\/\/www.europesays.com\/fr\/wp-json\/wp\/v2\/types\/post"}],"author":[{"embeddable":true,"href":"https:\/\/www.europesays.com\/fr\/wp-json\/wp\/v2\/users\/2"}],"replies":[{"embeddable":true,"href":"https:\/\/www.europesays.com\/fr\/wp-json\/wp\/v2\/comments?post=362208"}],"version-history":[{"count":0,"href":"https:\/\/www.europesays.com\/fr\/wp-json\/wp\/v2\/posts\/362208\/revisions"}],"wp:featuredmedia":[{"embeddable":true,"href":"https:\/\/www.europesays.com\/fr\/wp-json\/wp\/v2\/media\/362209"}],"wp:attachment":[{"href":"https:\/\/www.europesays.com\/fr\/wp-json\/wp\/v2\/media?parent=362208"}],"wp:term":[{"taxonomy":"category","embeddable":true,"href":"https:\/\/www.europesays.com\/fr\/wp-json\/wp\/v2\/categories?post=362208"},{"taxonomy":"post_tag","embeddable":true,"href":"https:\/\/www.europesays.com\/fr\/wp-json\/wp\/v2\/tags?post=362208"}],"curies":[{"name":"wp","href":"https:\/\/api.w.org\/{rel}","templated":true}]}}