{"id":362210,"date":"2025-09-03T02:25:16","date_gmt":"2025-09-03T02:25:16","guid":{"rendered":"https:\/\/www.europesays.com\/fr\/362210\/"},"modified":"2025-09-03T02:25:16","modified_gmt":"2025-09-03T02:25:16","slug":"tue-par-un-ado-de-13-ans-pour-une-simple-dispute-chems-el-dine-zeghad-etait-un-garcon-tranquille-et-sans-histoire","status":"publish","type":"post","link":"https:\/\/www.europesays.com\/fr\/362210\/","title":{"rendered":"tu\u00e9 par un ado de 13 ans pour une simple dispute, Chems El Dine Zeghad \u00e9tait un \u00abgar\u00e7on tranquille\u00bb et sans histoire"},"content":{"rendered":"<p>Les premiers \u00e9l\u00e9ments de l\u2019enqu\u00eate pour homicide volontaire ouverte par le parquet de Lyon \u00e0 la suite du coup de couteau mortel ayant co\u00fbt\u00e9 la vie \u00e0 un jeune de 16 ans, dimanche soir, laissent entrevoir une dispute qui aurait d\u00e9g\u00e9n\u00e9r\u00e9.<\/p>\n<p class=\"fig-paragraph\">\u00abTout le monde est secou\u00e9\u00bb. Situ\u00e9e juste au nord de Lyon, la commune de\u00a0<a href=\"http:\/\/www.lefigaro.fr\/lyon\/condamne-pour-detournement-de-fonds-philippe-cochet-refuse-de-rendre-son-echarpe-de-maire-de-caluire-et-cuire-20250121\" data-fig-type=\"NewsFlash\" data-gtm-custom-categorie=\"navigation\" data-gtm-custom-action=\"crossclick\" data-gtm-custom-label=\"Contextuel\" data-gtm-event=\"customEventSPE\" data-fig-domain=\"LEFIGARO\" target=\"_blank\" rel=\"noopener\">Caluire-et-Cuire<\/a>\u00a0peine \u00e0 se remettre de\u00a0<a href=\"http:\/\/www.lefigaro.fr\/lyon\/un-adolescent-de-16-ans-tue-a-l-arme-blanche-pres-de-lyon-l-agresseur-en-fuite-20250901\" data-fig-type=\"NewsFlash\" data-gtm-custom-categorie=\"navigation\" data-gtm-custom-action=\"crossclick\" data-gtm-custom-label=\"Contextuel\" data-gtm-event=\"customEventSPE\" data-fig-domain=\"LEFIGARO\" target=\"_blank\" rel=\"noopener\">la mort de Chems El Dine Zeghad, 16 ans, poignard\u00e9 dimanche soir vers 22h30<\/a>. Ses parents ont racont\u00e9 leur peine insoutenable dans la presse locale. Le club de futsal o\u00f9 avait jou\u00e9 l\u2019adolescent lui a rendu hommage, saluant un jeune \u00abpoli et r\u00e9serv\u00e9\u00bb, \u00abtoujours tr\u00e8s respectueux\u00bb. Le maire,\u00a0<a href=\"http:\/\/www.lefigaro.fr\/lyon\/condamne-pour-detournement-de-fonds-l-ex-chef-de-file-de-la-droite-lyonnaise-doit-rendre-son-echarpe-de-maire-en-attendant-son-proces-en-appel-20250717\" data-fig-type=\"NewsFlash\" data-gtm-custom-categorie=\"navigation\" data-gtm-custom-action=\"crossclick\" data-gtm-custom-label=\"Contextuel\" data-gtm-event=\"customEventSPE\" data-fig-domain=\"LEFIGARO\" target=\"_blank\" rel=\"noopener\">Bastien Joint<\/a>\u00a0(LR) a adress\u00e9 ses condol\u00e9ances publiques aux proches du d\u00e9funt\u00a0: \u00abPerdre un enfant, c\u2019est la pire des \u00e9preuves, et rien ne peut l\u2019att\u00e9nuer\u00bb.<\/p>\n<p class=\"fig-paragraph\">La douleur se trouve encore renforc\u00e9e par la futilit\u00e9 du mobile que semblent mettre en lumi\u00e8re les premi\u00e8res investigations men\u00e9es dans le cadre de l\u2019enqu\u00eate ouverte par le parquet de Lyon pour homicide volontaire. \u00c0 la banale histoire d\u2019une tentative de vol de portable avort\u00e9e semble s\u2019ajouter un diff\u00e9rend entre l\u2019auteur du coup de couteau mortel, \u00e2g\u00e9 de 13 ans, et Chems El Dine Zeghad ou ses amis, indiquent plusieurs sources au Figaro. Les investigations men\u00e9es par la Division de criminalit\u00e9 territoriale (DCT) doivent permettre d\u2019\u00e9claircir les circonstances du drame et les motivations de l\u2019adolescent, qui se serait rendu lui-m\u00eame \u00e0 la police avant d\u2019\u00eatre plac\u00e9 en garde \u00e0 vue lundi soir.<\/p>\n<p>                                    <a class=\"fig-a11y-skip a11y-hidden\" href=\"#fig-a11y-skip-main-inarticle\"><br \/>\n        Passer la publicit\u00e9<br \/>\n    <\/a><\/p>\n<p>\u00abUne simple dispute peut d\u00e9sormais basculer dans l\u2019horreur\u00bb<\/p>\n<p class=\"fig-paragraph\">Selon les premiers \u00e9l\u00e9ments, le jeune homme aurait menac\u00e9 un groupe de trois amis avec un couteau dans le quartier de Montessuy, dimanche vers 22h30. Le mis en cause aurait ensuite port\u00e9 un coup au thorax de Chems El Dine Zeghad alors qu\u2019il tentait de fuir. Les premiers secours prodigu\u00e9s par la police municipale puis les pompiers n\u2019ont pu sauver le jeune homme baignant dans son sang. Touch\u00e9 \u00aben plein c\u0153ur\u00bb, son sort \u00e9tait d\u00e9j\u00e0 \u00abscell\u00e9\u00bb, confie une source proche du dossier au Figaro. Transport\u00e9 \u00e0 l\u2019h\u00f4pital avec un pronostic vital engag\u00e9 Chems El Dine Zeghad d\u00e9c\u00e9dera dans la nuit.<\/p>\n<p class=\"fig-paragraph\">Selon nos informations, le diff\u00e9rend pourrait trouver son origine dans une altercation dans un bus de la ville il y a plusieurs semaines. \u00abUne r\u00e9alit\u00e9 insoutenable\u00bb, pour le maire. \u00abUne simple dispute peut d\u00e9sormais basculer dans l\u2019horreur et co\u00fbter la vie \u00e0 un enfant, a r\u00e9agi Bastien Joint dans un communiqu\u00e9 publi\u00e9 lundi, jour de rentr\u00e9e scolaire. Ce n\u2019est pas l\u2019ombre d\u2019un trafic ou d\u2019un r\u00e9seau criminel\u00a0: c\u2019est un diff\u00e9rend qui a d\u00e9g\u00e9n\u00e9r\u00e9. Et c\u2019est pr\u00e9cis\u00e9ment ce qui nous glace, que cette escalade de violence puisse conduire \u00e0 l\u2019irr\u00e9parable\u00bb.\u00a0<\/p>\n<p class=\"fig-paragraph\">\u00abChems El Dine Zeghad \u00e9tait un jeune gar\u00e7on tranquille, ce n\u2019\u00e9tait pas un voyou, il \u00e9tait appr\u00e9ci\u00e9 dans tout Caluire, et il est mort pour rien, gratuitement. Je ne reverrai jamais mon fils, c\u2019est irr\u00e9el\u00bb, a d\u00e9clar\u00e9 la m\u00e8re de la victime dans les colonnes du\u00a0<a href=\"https:\/\/c.leprogres.fr\/faits-divers-justice\/2025\/09\/02\/je-ne-reverrai-jamais-mon-fils-c-est-irreel-effroi-a-caluire-apres-le-meurtre-d-un-adolescent\" target=\"_blank\" rel=\"sponsored noopener\" data-gtm-custom-categorie=\"navigation\" data-gtm-custom-action=\"crossclick\" data-gtm-custom-label=\"Contextuel\" data-gtm-event=\"customEventSPE\">Progr\u00e8s<\/a> . De son c\u00f4t\u00e9, le maire de la commune a appel\u00e9 \u00e0 \u00abdire stop collectivement\u00bb. \u00abLa soci\u00e9t\u00e9 tout enti\u00e8re doit r\u00e9agir pour que plus jamais une querelle ne puisse conduire \u00e0 la mort d\u2019un enfant.\u00bb<\/p>\n<p class=\"fig-paragraph\">De nombreux messages de soutiens ont \u00e9t\u00e9 publi\u00e9s \u00e0 l\u2019attention de la famille de Chems El Dine Zeghad, d\u00e9peint comme un adolescent sans histoire.<\/p>\n","protected":false},"excerpt":{"rendered":"Les premiers \u00e9l\u00e9ments de l\u2019enqu\u00eate pour homicide volontaire ouverte par le parquet de Lyon \u00e0 la suite du&hellip;\n","protected":false},"author":2,"featured_media":362211,"comment_status":"","ping_status":"","sticky":false,"template":"","format":"standard","meta":{"footnotes":""},"categories":[1889],"tags":[1111,11,2430,5264,1777,674,1011,27,2428,777,12,25],"class_list":{"0":"post-362210","1":"post","2":"type-post","3":"status-publish","4":"format-standard","5":"has-post-thumbnail","7":"category-lyon","8":"tag-actu","9":"tag-actualites","10":"tag-auvergne-rhone-alpes","11":"tag-couteau","12":"tag-eu","13":"tag-europe","14":"tag-fr","15":"tag-france","16":"tag-lyon","17":"tag-meurtre","18":"tag-news","19":"tag-republique-francaise"},"share_on_mastodon":{"url":"https:\/\/pubeurope.com\/@fr\/115137997888500456","error":""},"_links":{"self":[{"href":"https:\/\/www.europesays.com\/fr\/wp-json\/wp\/v2\/posts\/362210","targetHints":{"allow":["GET"]}}],"collection":[{"href":"https:\/\/www.europesays.com\/fr\/wp-json\/wp\/v2\/posts"}],"about":[{"href":"https:\/\/www.europesays.com\/fr\/wp-json\/wp\/v2\/types\/post"}],"author":[{"embeddable":true,"href":"https:\/\/www.europesays.com\/fr\/wp-json\/wp\/v2\/users\/2"}],"replies":[{"embeddable":true,"href":"https:\/\/www.europesays.com\/fr\/wp-json\/wp\/v2\/comments?post=362210"}],"version-history":[{"count":0,"href":"https:\/\/www.europesays.com\/fr\/wp-json\/wp\/v2\/posts\/362210\/revisions"}],"wp:featuredmedia":[{"embeddable":true,"href":"https:\/\/www.europesays.com\/fr\/wp-json\/wp\/v2\/media\/362211"}],"wp:attachment":[{"href":"https:\/\/www.europesays.com\/fr\/wp-json\/wp\/v2\/media?parent=362210"}],"wp:term":[{"taxonomy":"category","embeddable":true,"href":"https:\/\/www.europesays.com\/fr\/wp-json\/wp\/v2\/categories?post=362210"},{"taxonomy":"post_tag","embeddable":true,"href":"https:\/\/www.europesays.com\/fr\/wp-json\/wp\/v2\/tags?post=362210"}],"curies":[{"name":"wp","href":"https:\/\/api.w.org\/{rel}","templated":true}]}}