{"id":362214,"date":"2025-09-03T02:28:12","date_gmt":"2025-09-03T02:28:12","guid":{"rendered":"https:\/\/www.europesays.com\/fr\/362214\/"},"modified":"2025-09-03T02:28:12","modified_gmt":"2025-09-03T02:28:12","slug":"gerard-larcher-quest-ce-quune-dissolution-va-apporter-au-pays","status":"publish","type":"post","link":"https:\/\/www.europesays.com\/fr\/362214\/","title":{"rendered":"G\u00e9rard Larcher\u00a0: \u00ab\u00a0Qu\u2019est-ce qu\u2019une dissolution va apporter au pays\u00a0?\u00a0\u00bb"},"content":{"rendered":"<p class=\"paragraph text_align_left lp-f-body-02\">Il ne s\u2019\u00e9tait pas exprim\u00e9 depuis la conf\u00e9rence de presse du Premier ministre, la semaine derni\u00e8re. Alors qu\u2019une partie des d\u00e9put\u00e9s LR souhaitent ne pas voter la confiance \u00e0 <a href=\"https:\/\/authentication.leparisien.fr\/connexion\/?redirect_url=https:\/\/www.leparisien.fr\/politique\/francois-bayrou\/\" target=\"_blank\" rel=\"noreferrer nofollow noopener\">Fran\u00e7ois Bayrou<\/a>, le 8 septembre, <a href=\"https:\/\/www.leparisien.fr\/politique\/gerard-larcher\/\" target=\"_blank\" rel=\"noreferrer nofollow noopener\">G\u00e9rard Larcher<\/a> appelle les parlementaires \u00e0 la \u00ab responsabilit\u00e9 \u00bb. \u00c0 ses yeux, une dissolution, pourtant souhait\u00e9e par une partie de sa famille politique, et notamment <a href=\"https:\/\/www.leparisien.fr\/politique\/nicolas-sarkozy\/\" target=\"_blank\" rel=\"noreferrer nofollow noopener\">Nicolas Sarkozy<\/a>, n\u2019apporterait pas la clarification n\u00e9cessaire.<\/p>\n<p class=\"paragraph text_align_left lp-f-body-02\"><b>Vous n\u2019avez pas r\u00e9agi \u00e0 la d\u00e9cision de Fran\u00e7ois Bayrou de demander un vote de confiance le 8 septembre. Comment la comprenez-vous ?<\/b><\/p>\n","protected":false},"excerpt":{"rendered":"Il ne s\u2019\u00e9tait pas exprim\u00e9 depuis la conf\u00e9rence de presse du Premier ministre, la semaine derni\u00e8re. Alors qu\u2019une&hellip;\n","protected":false},"author":2,"featured_media":362215,"comment_status":"","ping_status":"","sticky":false,"template":"","format":"standard","meta":{"footnotes":""},"categories":[1888],"tags":[1111,1928,11,1927,1777,674,1011,27,12,1926,626,1925,316,25],"class_list":{"0":"post-362214","1":"post","2":"type-post","3":"status-publish","4":"format-standard","5":"has-post-thumbnail","7":"category-paris","8":"tag-actu","9":"tag-actu-paris","10":"tag-actualites","11":"tag-actualites-paris","12":"tag-eu","13":"tag-europe","14":"tag-fr","15":"tag-france","16":"tag-news","17":"tag-news-paris","18":"tag-paris","19":"tag-paris-news","20":"tag-politique","21":"tag-republique-francaise"},"share_on_mastodon":{"url":"https:\/\/pubeurope.com\/@fr\/115138009913482922","error":""},"_links":{"self":[{"href":"https:\/\/www.europesays.com\/fr\/wp-json\/wp\/v2\/posts\/362214","targetHints":{"allow":["GET"]}}],"collection":[{"href":"https:\/\/www.europesays.com\/fr\/wp-json\/wp\/v2\/posts"}],"about":[{"href":"https:\/\/www.europesays.com\/fr\/wp-json\/wp\/v2\/types\/post"}],"author":[{"embeddable":true,"href":"https:\/\/www.europesays.com\/fr\/wp-json\/wp\/v2\/users\/2"}],"replies":[{"embeddable":true,"href":"https:\/\/www.europesays.com\/fr\/wp-json\/wp\/v2\/comments?post=362214"}],"version-history":[{"count":0,"href":"https:\/\/www.europesays.com\/fr\/wp-json\/wp\/v2\/posts\/362214\/revisions"}],"wp:featuredmedia":[{"embeddable":true,"href":"https:\/\/www.europesays.com\/fr\/wp-json\/wp\/v2\/media\/362215"}],"wp:attachment":[{"href":"https:\/\/www.europesays.com\/fr\/wp-json\/wp\/v2\/media?parent=362214"}],"wp:term":[{"taxonomy":"category","embeddable":true,"href":"https:\/\/www.europesays.com\/fr\/wp-json\/wp\/v2\/categories?post=362214"},{"taxonomy":"post_tag","embeddable":true,"href":"https:\/\/www.europesays.com\/fr\/wp-json\/wp\/v2\/tags?post=362214"}],"curies":[{"name":"wp","href":"https:\/\/api.w.org\/{rel}","templated":true}]}}