{"id":362216,"date":"2025-09-03T02:29:15","date_gmt":"2025-09-03T02:29:15","guid":{"rendered":"https:\/\/www.europesays.com\/fr\/362216\/"},"modified":"2025-09-03T02:29:15","modified_gmt":"2025-09-03T02:29:15","slug":"stephane-bern-a-quitte-paris-apres-un-coup-de-foudre-mais-aussi-pour-mettre-fin-a-des-querelles-de-voisinage-2","status":"publish","type":"post","link":"https:\/\/www.europesays.com\/fr\/362216\/","title":{"rendered":"St\u00e9phane Bern a quitt\u00e9 Paris apr\u00e8s un coup de foudre mais aussi pour mettre fin \u00e0 des querelles de voisinage"},"content":{"rendered":"<p class=\"mb-4 text-lg md:leading-8 break-words\">St\u00e9phane Bern a quitt\u00e9 Paris apr\u00e8s un v\u00e9ritable coup de foudre, mais aussi pour mettre fin \u00e0 un probl\u00e8me de voisinage. Entre d\u00e9m\u00e9nagement dans le Sud et engagement patrimonial dans le Perche, l\u2019animateur raconte les raisons de ce grand changement de vie.<\/p>\n<p class=\"mb-4 text-lg md:leading-8 break-words\"><a href=\"https:\/\/www.purepeople.com\/people\/stephane-bern_p230\" rel=\"nofollow noopener\" target=\"_blank\" data-ylk=\"slk:St\u00e9phane Bern;elm:context_link;itc:0;sec:content-canvas\" class=\"link \">St\u00e9phane Bern <\/a>est \u00e0 retrouver ce mardi 2 septembre 2025 sur France 2, dans un nouveau num\u00e9ro de l&rsquo;\u00e9mission Laissez-vous guider, o\u00f9 il revient, aux c\u00f4t\u00e9s de Lor\u00e0nt Deutsch, sur le terrible face-\u00e0-face qui, au IXe si\u00e8cle, opposa les Francs aux hommes venus du Nord, les redoutables Vikings. L\u2019occasion de s\u2019int\u00e9resser au c\u00e9l\u00e8bre animateur, et plus pr\u00e9cis\u00e9ment aux raisons qui l\u2019ont motiv\u00e9 <a href=\"https:\/\/fr.news.yahoo.com\/st%C3%A9phane-bern-parti-paris-yori-105150950.html\" data-ylk=\"slk:\u00e0 quitter Paris;elm:context_link;itc:0;sec:content-canvas;outcm:mb_qualified_link;_E:mb_qualified_link;ct:story;\" class=\"link  yahoo-link\" rel=\"nofollow noopener\" target=\"_blank\">\u00e0 quitter Paris<\/a>.<\/p>\n<p class=\"mb-4 text-lg md:leading-8 break-words\">Et c\u2019est en partie \u00e0 cause de ses chiens qu\u2019il a pris une telle d\u00e9cision. \u201c\u00c0 Paris, d\u00e8s qu\u2019ils aboyaient, les voisins se plaignaient. Aujourd\u2019hui, ils sont pleinement \u00e9panouis\u201d, avait-il confi\u00e9 \u00e0 <a href=\"https:\/\/www.peuple-animal.com\/stephane-bern-je-suis-un-papa-poule-avec-mes-chiens\/#:~:text=D%C3%A8s%20que%20j&#039;ai%20eu,%2C%20confie%2Dt%2Dil\" rel=\"nofollow noopener\" target=\"_blank\" data-ylk=\"slk:Peuple Animal;elm:context_link;itc:0;sec:content-canvas\" class=\"link \">Peuple Animal<\/a>, le magazine de 30 millions d\u2019amis, l\u2019association de d\u00e9fense et de protection des animaux, connue du grand public gr\u00e2ce \u00e0 l\u2019\u00e9mission diffus\u00e9e \u00e0 la t\u00e9l\u00e9vision de 1976 \u00e0 2016.<\/p>\n<p class=\"mb-4 text-lg md:leading-8 break-words\">Avec ses adorables petites b\u00eates poilues, des teckels, il profite de l&rsquo;incroyable cadre offert par Thiron-Gardais, une commune situ\u00e9e \u00e0 l&rsquo;Ouest de Paris, dans le d\u00e9partement d&rsquo;Eure-et-Loir, o\u00f9 il a rachet\u00e9 \u00a0en 2013 le Coll\u00e8ge royal et militaire, alors en ruines. Il l&rsquo;a enti\u00e8rement restaur\u00e9 avec l\u2019aide d\u2019artisans et du paysagiste Louis Benech, et y a ouvert en 2016 un mus\u00e9e et des jardins accessibles au public, attirant ainsi chaque ann\u00e9e des milliers de visiteurs. Pour assurer la p\u00e9rennit\u00e9 du lieu, il l\u2019a plac\u00e9 sous l\u2019\u00e9gide de sa fondation d\u00e9di\u00e9e \u00e0 l\u2019histoire et au patrimoine.<\/p>\n<p class=\"mb-4 text-lg md:leading-8 break-words\">St\u00e9phane Bern install\u00e9 dans le Var avec Yori<\/p>\n<p class=\"mb-4 text-lg md:leading-8 break-words\">St\u00e9phane Bern n\u2019a d\u00e9bours\u00e9 \u00ab\u00a0que\u00a0\u00bb 300 000 euros pour acqu\u00e9rir le coll\u00e8ge, mais les travaux de restauration ont largement d\u00e9pass\u00e9 ce montant, atteignant selon lui environ 4 millions d\u2019euros. \u00ab\u00a0\u00c7a va me prendre un certain temps, j\u2019ai tout vendu ! Ma banqui\u00e8re se dit \u201cPourvu qu\u2019il vive longtemps&rsquo;\u201d, avait-il plaisant\u00e9 aupr\u00e8s de TV Mag, <a href=\"https:\/\/fr.news.yahoo.com\/endett%C3%A9-st%C3%A9phane-bern-%C3%A9t%C3%A9-contraint-185000210.html\" data-ylk=\"slk:conscient qu\u2019il restera endett\u00e9 pendant de longues ann\u00e9es;elm:context_link;itc:0;sec:content-canvas;outcm:mb_qualified_link;_E:mb_qualified_link;ct:story;\" class=\"link  yahoo-link\" rel=\"nofollow noopener\" target=\"_blank\">conscient qu\u2019il restera endett\u00e9 pendant de longues ann\u00e9es<\/a>. \u00ab\u00a0Je dois rester vigilant. Je suis contraint de continuer \u00e0 travailler, sans doute encore longtemps, pour rembourser mes dettes. J\u2019ai mis beaucoup sur mes \u00e9paules.\u00a0\u00bb<\/p>\n<p class=\"mb-4 text-lg md:leading-8 break-words\">En janvier dernier, on apprenait toutefois qu&rsquo;il a pris la direction du sud de la France, <a href=\"https:\/\/fr.news.yahoo.com\/st%C3%A9phane-bern-infid%C3%A8le-%C3%A0-sublime-190200498.html\" data-ylk=\"slk:du cot\u00e9 du Lavandou dans le Var;elm:context_link;itc:0;sec:content-canvas;outcm:mb_qualified_link;_E:mb_qualified_link;ct:story;\" class=\"link  yahoo-link\" rel=\"nofollow noopener\" target=\"_blank\">du cot\u00e9 du Lavandou dans le Var<\/a>, avec son compagnon Yori. Un d\u00e9m\u00e9nagement datant de fin 2024 seulement. Un nouveau cadre de vie, pour celui qui continue probablement \u00e0 se rendre \u00e0 Thiron-Gardais, o\u00f9 ses chiens peuvent se d\u00e9penser et profiter du contact avec la nature (le bourg est situ\u00e9 au c\u0153ur du parc naturel r\u00e9gional du Perche).<\/p>\n<p class=\"mb-4 text-lg md:leading-8 break-words\">A noter enfin que St\u00e9phane Bern avait \u00e9galement acquis il y a vingt ans une maison \u00e0 N\u00e1oussa, sur l&rsquo;\u00eele grecque de Paros, mais il a d\u00e9cid\u00e9 de s&rsquo;en s\u00e9parer.<\/p>\n<p class=\"mb-4 text-lg md:leading-8 break-words\"><a href=\"https:\/\/www.purepeople.com\/article\/stephane-bern-a-quitte-paris-apres-un-coup-de-foudre-mais-aussi-pour-mettre-fin-a-des-querelles-de-voisinage_a542050\/1\" rel=\"nofollow noopener\" target=\"_blank\" data-ylk=\"slk:Article original sur Purepeople;elm:context_link;itc:0;sec:content-canvas\" class=\"link \">Article original sur Purepeople<\/a><\/p>\n","protected":false},"excerpt":{"rendered":"St\u00e9phane Bern a quitt\u00e9 Paris apr\u00e8s un v\u00e9ritable coup de foudre, mais aussi pour mettre fin \u00e0 un&hellip;\n","protected":false},"author":2,"featured_media":362217,"comment_status":"","ping_status":"","sticky":false,"template":"","format":"standard","meta":{"footnotes":""},"categories":[1888],"tags":[17334,1111,1928,11,1927,1777,674,5729,1011,27,12,1926,626,1925,49735,25,18875],"class_list":{"0":"post-362216","1":"post","2":"type-post","3":"status-publish","4":"format-standard","5":"has-post-thumbnail","7":"category-paris","8":"tag-30-millions-damis","9":"tag-actu","10":"tag-actu-paris","11":"tag-actualites","12":"tag-actualites-paris","13":"tag-eu","14":"tag-europe","15":"tag-fin","16":"tag-fr","17":"tag-france","18":"tag-news","19":"tag-news-paris","20":"tag-paris","21":"tag-paris-news","22":"tag-probleme-de-voisinage","23":"tag-republique-francaise","24":"tag-stephane-bern"},"share_on_mastodon":{"url":"https:\/\/pubeurope.com\/@fr\/115138013902061275","error":""},"_links":{"self":[{"href":"https:\/\/www.europesays.com\/fr\/wp-json\/wp\/v2\/posts\/362216","targetHints":{"allow":["GET"]}}],"collection":[{"href":"https:\/\/www.europesays.com\/fr\/wp-json\/wp\/v2\/posts"}],"about":[{"href":"https:\/\/www.europesays.com\/fr\/wp-json\/wp\/v2\/types\/post"}],"author":[{"embeddable":true,"href":"https:\/\/www.europesays.com\/fr\/wp-json\/wp\/v2\/users\/2"}],"replies":[{"embeddable":true,"href":"https:\/\/www.europesays.com\/fr\/wp-json\/wp\/v2\/comments?post=362216"}],"version-history":[{"count":0,"href":"https:\/\/www.europesays.com\/fr\/wp-json\/wp\/v2\/posts\/362216\/revisions"}],"wp:featuredmedia":[{"embeddable":true,"href":"https:\/\/www.europesays.com\/fr\/wp-json\/wp\/v2\/media\/362217"}],"wp:attachment":[{"href":"https:\/\/www.europesays.com\/fr\/wp-json\/wp\/v2\/media?parent=362216"}],"wp:term":[{"taxonomy":"category","embeddable":true,"href":"https:\/\/www.europesays.com\/fr\/wp-json\/wp\/v2\/categories?post=362216"},{"taxonomy":"post_tag","embeddable":true,"href":"https:\/\/www.europesays.com\/fr\/wp-json\/wp\/v2\/tags?post=362216"}],"curies":[{"name":"wp","href":"https:\/\/api.w.org\/{rel}","templated":true}]}}