{"id":362218,"date":"2025-09-03T02:30:24","date_gmt":"2025-09-03T02:30:24","guid":{"rendered":"https:\/\/www.europesays.com\/fr\/362218\/"},"modified":"2025-09-03T02:30:24","modified_gmt":"2025-09-03T02:30:24","slug":"sous-location-bureau-13-m%c2%b2-1000-e-paris-6eme","status":"publish","type":"post","link":"https:\/\/www.europesays.com\/fr\/362218\/","title":{"rendered":"SOUS LOCATION BUREAU 13 m\u00b2 &#8211; 1000 \u20ac &#8211; PARIS 6\u00e8me"},"content":{"rendered":"<p>Sous location propos\u00e9e au 7 rue d\u2019Assas (75006), d&rsquo;un bureau de 13 m\u00b2 pour le prix de 1000 \u20ac HC + charges locatives de 250 \u20ac, libre au 1er octobre 2025.<\/p>\n<p>Nos loyers et charges ne sont pas assujettis \u00e0 la TVA.<\/p>\n<p>Le cabinet est compos\u00e9 de quatre avocats ind\u00e9pendants.<\/p>\n<p>Les prestations comprises sont les suivantes :<\/p>\n<ul>\n<li>Loyer et charges,<\/li>\n<li>T\u00e9l\u00e9phone, internet fibre,<\/li>\n<li>Usage photocopieur, scan, fax,<\/li>\n<li>Assurance professionnelle des locaux,<\/li>\n<li>Electricit\u00e9, eau, chauffage,<\/li>\n<li>M\u00e9nage hebdomadaire,<\/li>\n<li>bureau non meubl\u00e9.<\/li>\n<\/ul>\n<p>Cabinet d\u2019une surface de 132 m\u00b2 situ\u00e9 au 1er \u00e9tage, compos\u00e9 de cinq bureaux d\u2019avocat, d\u2019un salon d\u2019attente, d\u2019un local photocopies\/cuisine, sans salle de r\u00e9union.\u00a0<\/p>\n<p>Immeuble haussmannien, ascenseur, gardien, interphone.\u00a0<\/p>\n<p>Entre Rennes et S\u00e8vres-Babylone, proximit\u00e9 gare Montparnasse.<\/p>\n<p>Acc\u00e8s par m\u00e9tro Saint Sulpice, Saint Placide, Rennes, S\u00e8vre-Babylone &#8211; lignes 4, 12, 10.<\/p>\n<p>Contact\u00a0: Am\u00e9lie ROGERET &#8211; 06 16 42 35 09 <a href=\"https:\/\/cnb.avocat.fr\/fr\/mailto:amelie.rogeret@avocat.fr\" rel=\"nofollow noopener\" target=\"_blank\">amelie.rogeret@avocat.fr<\/a> \/ Aline GLADILINE \u2013 06 23 46 37 60\u00a0 <a href=\"https:\/\/cnb.avocat.fr\/fr\/mailto:agladiline@gmail.com\" rel=\"nofollow noopener\" target=\"_blank\">agladiline@gmail.com<\/a>\u00a0<\/p>\n<p><img loading=\"lazy\" decoding=\"async\" data-entity-uuid=\"c76d3f59-1c99-4da1-8466-fe8cf47cbf37\" data-entity-type=\"file\" src=\"https:\/\/www.europesays.com\/fr\/wp-content\/uploads\/2025\/09\/bureau cours meubl\u00e91.jpg\" width=\"480\" height=\"640\"\/><img loading=\"lazy\" decoding=\"async\" data-entity-uuid=\"9df55c3c-9b5a-478e-9f09-347ea163366a\" data-entity-type=\"file\" src=\"https:\/\/www.europesays.com\/fr\/wp-content\/uploads\/2025\/09\/bureau cours meubl\u00e94.jpg\" width=\"640\" height=\"480\"\/><img loading=\"lazy\" decoding=\"async\" data-entity-uuid=\"f5c95f33-4bf8-4c52-82e6-f583e7ed9fc6\" data-entity-type=\"file\" src=\"https:\/\/www.europesays.com\/fr\/wp-content\/uploads\/2025\/09\/photo salon d'attente 2.jpg\" width=\"480\" height=\"640\"\/><\/p>\n","protected":false},"excerpt":{"rendered":"Sous location propos\u00e9e au 7 rue d\u2019Assas (75006), d&rsquo;un bureau de 13 m\u00b2 pour le prix de 1000&hellip;\n","protected":false},"author":2,"featured_media":362219,"comment_status":"","ping_status":"","sticky":false,"template":"","format":"standard","meta":{"footnotes":""},"categories":[1888],"tags":[11,1777,674,1011,27,12,626,25],"class_list":{"0":"post-362218","1":"post","2":"type-post","3":"status-publish","4":"format-standard","5":"has-post-thumbnail","7":"category-paris","8":"tag-actualites","9":"tag-eu","10":"tag-europe","11":"tag-fr","12":"tag-france","13":"tag-news","14":"tag-paris","15":"tag-republique-francaise"},"share_on_mastodon":{"url":"https:\/\/pubeurope.com\/@fr\/115138018004194076","error":""},"_links":{"self":[{"href":"https:\/\/www.europesays.com\/fr\/wp-json\/wp\/v2\/posts\/362218","targetHints":{"allow":["GET"]}}],"collection":[{"href":"https:\/\/www.europesays.com\/fr\/wp-json\/wp\/v2\/posts"}],"about":[{"href":"https:\/\/www.europesays.com\/fr\/wp-json\/wp\/v2\/types\/post"}],"author":[{"embeddable":true,"href":"https:\/\/www.europesays.com\/fr\/wp-json\/wp\/v2\/users\/2"}],"replies":[{"embeddable":true,"href":"https:\/\/www.europesays.com\/fr\/wp-json\/wp\/v2\/comments?post=362218"}],"version-history":[{"count":0,"href":"https:\/\/www.europesays.com\/fr\/wp-json\/wp\/v2\/posts\/362218\/revisions"}],"wp:featuredmedia":[{"embeddable":true,"href":"https:\/\/www.europesays.com\/fr\/wp-json\/wp\/v2\/media\/362219"}],"wp:attachment":[{"href":"https:\/\/www.europesays.com\/fr\/wp-json\/wp\/v2\/media?parent=362218"}],"wp:term":[{"taxonomy":"category","embeddable":true,"href":"https:\/\/www.europesays.com\/fr\/wp-json\/wp\/v2\/categories?post=362218"},{"taxonomy":"post_tag","embeddable":true,"href":"https:\/\/www.europesays.com\/fr\/wp-json\/wp\/v2\/tags?post=362218"}],"curies":[{"name":"wp","href":"https:\/\/api.w.org\/{rel}","templated":true}]}}