{"id":36222,"date":"2025-04-19T10:07:09","date_gmt":"2025-04-19T10:07:09","guid":{"rendered":"https:\/\/www.europesays.com\/fr\/36222\/"},"modified":"2025-04-19T10:07:09","modified_gmt":"2025-04-19T10:07:09","slug":"au-musee-regards-de-provence-le-public-selectionne-ses-oeuvres","status":"publish","type":"post","link":"https:\/\/www.europesays.com\/fr\/36222\/","title":{"rendered":"Au mus\u00e9e Regards de Provence, le public s\u00e9lectionne ses \u0153uvres"},"content":{"rendered":"<p>Repr\u00e9senter Marseille, sa vie portuaire, son quotidien ou encore la campagne proven\u00e7ale \u00e0 travers l\u2019art et les \u00e9poques, c\u2019est l\u2019id\u00e9e du mus\u00e9e Regards de Provence qui expose, jusqu\u2019au 15\u00a0f\u00e9vrier, La s\u00e9lection du public. Loin d\u2019\u00eatre une collection ordinaire, cette s\u00e9lection est comme son nom l\u2019indique, le fruit d\u2019un vote r\u00e9alis\u00e9 entre les mois de d\u00e9cembre et f\u00e9vrier dernier.<\/p>\n<p>Pour la premi\u00e8re fois, le mus\u00e9e a invit\u00e9 ses visiteurs \u00e0 choisir parmi ses \u0153uvres, celles qu\u2019ils voulaient voir exposer. \u00ab\u00a0On est souvent confront\u00e9 \u00e0 des visiteurs d\u00e9\u00e7us de ne pas voir tel ou tel tableau. Alors on s\u2019est dit qu\u2019on allait remettre notre collection \u00e0 l\u2019honneur tout en leur laissant d\u00e9cider de ce qu\u2019ils voulaient revoir\u00a0\u00bb, pr\u00e9cise Adeline Dumon, directrice du mus\u00e9e Regards de Provence, \u00e0 l\u2019initiative du projet. \u00ab\u00a0Nous avions install\u00e9 une urne, et \u00e0 c\u00f4t\u00e9, 150 cartes postales repr\u00e9sentant des \u0153uvres, que poss\u00e8de le mus\u00e9e, autour de Marseille, la Provence, la M\u00e9diterran\u00e9e, du XVIIIe\u00a0si\u00e8cle \u00e0 nos jours\u00a0\u00bb.<\/p>\n<p>Un voyage artistique et historique \u00e0 travers les \u0153uvres<\/p>\n<p>R\u00e9sultat, une soixantaine de tableaux ornent les murs du mus\u00e9e et vous embarquent pour un <a href=\"https:\/\/www.laprovence.com\/article\/culture-loisirs\/1486302137034\/d-herve-di-rosa-aux-photos-de-jazz-balade-dans-les-galeries-d-art-marseillaises\" target=\"_blank\" rel=\"noopener\">voyage artistique<\/a> et historique. L\u2019accent est mis sur la diversit\u00e9 des styles et des mouvements, des paysages naturalistes aux coloristes fauves et expressionnistes, tout en incluant des \u0153uvres contemporaines.<\/p>\n<p>Dans le hall, un tableau attire notre \u0153il par la lumi\u00e8re qu\u2019il diffuse. Ce n\u2019est pas un rayon de soleil qui l\u2019\u00e9claire, mais bien la peinture et la patte de l\u2019artiste. Il s\u2019agit du Vieux-Port de Jean-Baptiste Olive. \u00ab\u00a0Une \u0153uvre majeure, phare, de notre collection qui est appr\u00e9ci\u00e9e par notre public\u00a0\u00bb, conc\u00e8de la directrice qui d\u00e9fend l\u2019id\u00e9e d\u2019un art de vivre en Provence. Pour elle, \u00ab\u00a0ces\u00a0\u0153uvres tr\u00e8s color\u00e9es, tr\u00e8s lumineuses, repr\u00e9sentent un art de vivre en Provence qui perdure. On a encore des endroits un petit peu pr\u00e9serv\u00e9s et c\u2019est la magie de notre territoire\u00a0\u00bb.<\/p>\n<p>Sur les murs, des vues du Vieux-Port sont reproduites \u00e0 diverses \u00e9poques et selon des techniques diff\u00e9rentes. Ces peintures, entre repr\u00e9sentations minutieuses, presque photographiques, et visions plus expressives et color\u00e9es nous font <a href=\"https:\/\/www.laprovence.com\/article\/sortie-loisirs\/2033078222511815\/une-expo-pour-raconter-le-debarquement-de-provence-a-la-mediatheque-de-pertuis\" target=\"_blank\" rel=\"noopener\">voyager dans un Marseille d\u2019Autrefois<\/a>, authentique et paisible. Tout \u00e0 c\u00f4t\u00e9, une section est d\u00e9di\u00e9 au littoral m\u00e9diterran\u00e9en, \u00e0 ce lien que Marseille entretient avec la mer \u00e0 travers les \u00e9poques. Impossible de ne pas s\u2019arr\u00eater devant Le port de la Joliette de Joseph Garibaldi de\u00a01898. Le bleu du ciel et celui de la mer n\u2019ont rien perdu de leur splendeur, le paysage marseillais lui a quelque peu chang\u00e9. En face, quelques tableaux du nord de Marseille. Des peintures plus modernes, plus graphiques, \u00e0 la fa\u00e7on d\u2019Albert Marquet qui peint une vue de l\u2019Estaque \u00e0 couper le souffle ou Adolphe Gaussen et son \u0153uvre color\u00e9e Les enfants qui jouent sur la plage. Puis quelques symboles de la Provence, comme La partie de carte de Marcel Pagnol de Louis Audibert, intemporelle.<\/p>\n<p>Pour terminer ce voyage artistique, Jean Pesk\u00e9 et Emile Othon-Friesz nous plongent dans la p\u00e9riode fauve o\u00f9 l\u2019\u00e9clatement de la couleur et l\u2019effervescence de la lumi\u00e8re sont rois. Les couleurs ne repr\u00e9sentent plus la r\u00e9alit\u00e9 mais les \u00e9motions des artistes qui, comme tant d\u2019autres, ont \u00e9t\u00e9 inspir\u00e9s par Marseille et la Provence.<\/p>\n","protected":false},"excerpt":{"rendered":"Repr\u00e9senter Marseille, sa vie portuaire, son quotidien ou encore la campagne proven\u00e7ale \u00e0 travers l\u2019art et les \u00e9poques,&hellip;\n","protected":false},"author":2,"featured_media":36223,"comment_status":"","ping_status":"","sticky":false,"template":"","format":"standard","meta":{"footnotes":""},"categories":[2814],"tags":[17,1111,11,251,1777,674,1011,27,884,3048,12,1186,882,3532,11669,25,11670,2407],"class_list":{"0":"post-36222","1":"post","2":"type-post","3":"status-publish","4":"format-standard","5":"has-post-thumbnail","7":"category-marseille","8":"tag-17","9":"tag-actu","10":"tag-actualites","11":"tag-culture","12":"tag-eu","13":"tag-europe","14":"tag-fr","15":"tag-france","16":"tag-marseille","17":"tag-musee","18":"tag-news","19":"tag-provence","20":"tag-provence-alpes-cote-dazur","21":"tag-public","22":"tag-regards","23":"tag-republique-francaise","24":"tag-selectionne","25":"tag-ses"},"share_on_mastodon":{"url":"https:\/\/pubeurope.com\/@fr\/114364078152395595","error":""},"_links":{"self":[{"href":"https:\/\/www.europesays.com\/fr\/wp-json\/wp\/v2\/posts\/36222","targetHints":{"allow":["GET"]}}],"collection":[{"href":"https:\/\/www.europesays.com\/fr\/wp-json\/wp\/v2\/posts"}],"about":[{"href":"https:\/\/www.europesays.com\/fr\/wp-json\/wp\/v2\/types\/post"}],"author":[{"embeddable":true,"href":"https:\/\/www.europesays.com\/fr\/wp-json\/wp\/v2\/users\/2"}],"replies":[{"embeddable":true,"href":"https:\/\/www.europesays.com\/fr\/wp-json\/wp\/v2\/comments?post=36222"}],"version-history":[{"count":0,"href":"https:\/\/www.europesays.com\/fr\/wp-json\/wp\/v2\/posts\/36222\/revisions"}],"wp:featuredmedia":[{"embeddable":true,"href":"https:\/\/www.europesays.com\/fr\/wp-json\/wp\/v2\/media\/36223"}],"wp:attachment":[{"href":"https:\/\/www.europesays.com\/fr\/wp-json\/wp\/v2\/media?parent=36222"}],"wp:term":[{"taxonomy":"category","embeddable":true,"href":"https:\/\/www.europesays.com\/fr\/wp-json\/wp\/v2\/categories?post=36222"},{"taxonomy":"post_tag","embeddable":true,"href":"https:\/\/www.europesays.com\/fr\/wp-json\/wp\/v2\/tags?post=36222"}],"curies":[{"name":"wp","href":"https:\/\/api.w.org\/{rel}","templated":true}]}}