{"id":362220,"date":"2025-09-03T02:31:12","date_gmt":"2025-09-03T02:31:12","guid":{"rendered":"https:\/\/www.europesays.com\/fr\/362220\/"},"modified":"2025-09-03T02:31:12","modified_gmt":"2025-09-03T02:31:12","slug":"paris-fab-paris-joseph-lacroix-nahmias-jeune-talent","status":"publish","type":"post","link":"https:\/\/www.europesays.com\/fr\/362220\/","title":{"rendered":"PARIS : FAB PARIS, Joseph Lacroix-Nahmias jeune talent"},"content":{"rendered":"<p style=\"text-align: left;\"><strong>Le tout avec la possibilit\u00e9 d\u2019\u00e9changer avec des membres du comit\u00e9 d\u2019honneur de la foire, mais aussi marchands, artistes, designers et d\u00e9corateurs historiques de la biennale de Paris (vendredi 19 septembre \u00e0 14h), conservateurs, collectionneurs.<\/strong><\/p>\n<p style=\"text-align: left;\">FAB PARIS, ouvrira la saison des grandes foires d\u2019art \u00e0 la rentr\u00e9e 2025 en r\u00e9unissant une centaine d\u2019exposants de renomm\u00e9e internationale sous la nef du Grand Palais du 20 au 24 septembre 2025. La foire est le seul \u00e9v\u00e9nement pluridisciplinaire internationale en France. Elle refl\u00e8te l\u2019excellence \u00e0 la fran\u00e7aise, le go\u00fbt pour le m\u00e9lange des genres toutes sp\u00e9cialit\u00e9s confondues. C\u2019est une foire qui allie la beaut\u00e9 des pi\u00e8ces \u00e0 l\u2019\u00e9l\u00e9gance de Paris. Elle r\u00e9unit en un \u00e9crin majestueux des milliers d\u2019objets d\u2019art choisis un \u00e0 un pour leur qualit\u00e9 exceptionnelle. Une foire historique qui attire un public \u00e9clectique de l\u2019amateur d\u2019art au collectionneur averti en passant par les conservateurs de mus\u00e9es fran\u00e7ais, outre atlantique et du monde entier. Une f\u00eate de la beaut\u00e9, de l\u2019excellence, du rare et du savoir-faire avec pr\u00e8s de 20 sp\u00e9cialit\u00e9s de l\u2019antiquit\u00e9 \u00e0 la haute joaillerie contemporaine.<\/p>\n<p style=\"text-align: left;\">Reflet des tendances actuelles, FAB PARIS exprime le go\u00fbt actuel des collectionneurs pour le m\u00e9lange des styles et des \u00e9poques. Une partition que l\u2019on retrouve dans l\u2019ADN et la tonalit\u00e9 de la foire, o\u00f9 l\u2019objet ne se doit plus seulement de convoquer les sens mais aussi d\u2019entrer en r\u00e9sonance.<\/p>\n<p style=\"text-align: left;\">Des objets insolites de tous temps du XIVe si\u00e8cle avant JC au XXIe si\u00e8cles au sein de galeries internationales dans 20 sp\u00e9cialit\u00e9s.<\/p>\n<p style=\"text-align: left;\">Les tendances actuelles, les objets \u00e0 d\u00e9nicher sur la foire, d\u00e9crypt\u00e9s par les d\u00e9corateurs illustres de la foire Jean-Charles de Castelbaljac, Timothy Corrigan, Nathalie Crini\u00e8re, Jacques Garcia, Fran\u00e7ois- Joseph Graf, Constance Guisset, Pier-Luigi Pizzi, Jean-Michel Wilmotte, Charles Zana \u2013 (Tous pr\u00e9sents le vendredi 19 septembre \u00e0 14h).<\/p>\n<p style=\"text-align: left;\">En avant-premi\u00e8re des 100 ans des arts d\u00e9co : une exposition mus\u00e9ale de la Galerie Vallois et les p\u00e9pites de la p\u00e9riode d\u2019autres marchands c\u00e9l\u00e9brant dignement le centenaire de l\u2019Art d\u00e9co au sein m\u00eame du Grand Palais o\u00f9 le mouvement fut consacr\u00e9 lors de l\u2019Exposition internationale des Arts D\u00e9coratifs et industriels modernes en 1925.<\/p>\n<p style=\"text-align: left;\">Les coulisses de certains ateliers d\u2019artistes parisiens participants \u00e0 l\u2019exposition : 100 ateliers, 100 artistes La sc\u00e8ne fran\u00e7aise, l\u2019exposition en avant-premi\u00e8re d\u2019une trentaine de photographies de la s\u00e9rie d\u2019Antoine Schneck, d\u00e9voilant des portraits multiples d\u2019artistes dans leurs ateliers. Une exposition au casting impressionnant de ceux qui font la sc\u00e8ne fran\u00e7aise (G\u00e9rard Garouste ; Herv\u00e9 di Rosa ; Ronan Barrot \u2026) et des incontournables (Soulages, Julio Le Parc, Marinette Cueco\u2026).<\/p>\n<p style=\"text-align: left;\">La restauration en \u00ab live \u00bb d\u2019un tableau d\u2019Hippolyte Lazerges provenant de la Chapelle de la Sorbonne par la COARC (Conservation des \u0153uvres d\u2019art religieuses et civiles) \u2013 Ville de Paris<\/p>\n<p style=\"text-align: left;\">Une exposition exclusive d\u2019une soixantaine d\u2019\u0153uvres majeures du Mus\u00e9e Nissim de Camondo sc\u00e9nographi\u00e9e par Alexandre Benjamin Navet. Toutes les pi\u00e8ces pr\u00e9sent\u00e9es font l\u2019objet d\u2019une campagne de m\u00e9c\u00e9nat pour \u00eatre restaur\u00e9e. Possibilit\u00e9 de nous rendre en amont de la foire faire une visite de chantier du Mus\u00e9e Nissim de Camondo (sous r\u00e9serve d\u2019accord).<\/p>\n<p style=\"text-align: left;\"><strong>Les Jeunes talents de FAB PARIS<\/strong><\/p>\n<p style=\"text-align: left;\"><img fetchpriority=\"high\" decoding=\"async\" class=\"alignnone size-full wp-image-861289\" src=\"https:\/\/www.europesays.com\/fr\/wp-content\/uploads\/2025\/09\/Capture-decran-2025-09-02-150102.png\" alt=\"\" width=\"702\" height=\"258\"\/><\/p>\n<p style=\"text-align: left;\">Pour la troisi\u00e8me ann\u00e9e cons\u00e9cutive, un espace Jeunes Talents permettra \u00e0 de jeunes marchands d\u2019exposer plusieurs pi\u00e8ces sur un stand commun sc\u00e9nographi\u00e9 cette ann\u00e9e par le jeune architecte et designer Edgar Jayet. Les commissaires de l\u2019exposition Carole Blumenfeld, historienne de l\u2019art, Mathieu Deldicque, directeur du mus\u00e9e Cond\u00e9, Ch\u00e2teau de Chantilly et C\u00e9cilia Hottinguer, collectionneuse, m\u00e9c\u00e8ne du Cabinet des arts graphiques des Beaux-arts de Paris et du Ch\u00e2teau de Vaux-le-Vicomte, ont s\u00e9lectionn\u00e9 Joseph LacroixNahmias, Arthur Laurentin, Thomas Rey et Manolo Vosse. La touche subtile d\u2019Edgar Jayet, qui a pour habitude de puiser dans le pass\u00e9, et l\u2019\u00e9motion pour imaginer ses cr\u00e9ations, permettra aux \u0153uvres de ces 4 talentueux marchands d\u2019entrer en r\u00e9sonnance.<\/p>\n<p style=\"text-align: left;\"><strong>Joseph Lacroix-Nahmias<\/strong><\/p>\n<p style=\"text-align: left;\">Apr\u00e8s une grande \u00e9cole de journalisme, Joseph Lacroix-Nahmias r\u00e9alise son r\u00eave et devient, \u00e0 23 ans, reporter pour le journal de 20h de TF1. Deux ann\u00e9es \u00e0 sillonner les routes de France au gr\u00e9 de l\u2019actualit\u00e9. Une exp\u00e9rience hors du commun, avec rapidement un sentiment de ne pas \u00eatre \u00e0 sa place et de s\u2019\u00eatre tromp\u00e9 de chemin. Il cherche alors un autre moyen de raconter des histoires : quoi de mieux que les \u0153uvres d\u2019art et leur pouvoir de narration ? Apr\u00e8s une formation de deux ans \u00e0 Drouot, il monte sa structure, Joseph Lacroix-Nahmias Fine Art, avec une pr\u00e9f\u00e9rence pour la p\u00e9riode au tournant du XXe si\u00e8cle. \u00c0 FAB PARIS, il montrera une \u00e9preuve en pl\u00e2tre de Rodin, \u0153uvre pr\u00e9paratoire pour la Porte de l\u2019Enfer ainsi qu\u2019un pastel d\u2019 Ernest-Ange Duez.<\/p>\n","protected":false},"excerpt":{"rendered":"Le tout avec la possibilit\u00e9 d\u2019\u00e9changer avec des membres du comit\u00e9 d\u2019honneur de la foire, mais aussi marchands,&hellip;\n","protected":false},"author":2,"featured_media":361872,"comment_status":"","ping_status":"","sticky":false,"template":"","format":"standard","meta":{"footnotes":""},"categories":[1888],"tags":[11,1777,674,1011,27,12,626,25],"class_list":{"0":"post-362220","1":"post","2":"type-post","3":"status-publish","4":"format-standard","5":"has-post-thumbnail","7":"category-paris","8":"tag-actualites","9":"tag-eu","10":"tag-europe","11":"tag-fr","12":"tag-france","13":"tag-news","14":"tag-paris","15":"tag-republique-francaise"},"share_on_mastodon":{"url":"https:\/\/pubeurope.com\/@fr\/115138021589671522","error":""},"_links":{"self":[{"href":"https:\/\/www.europesays.com\/fr\/wp-json\/wp\/v2\/posts\/362220","targetHints":{"allow":["GET"]}}],"collection":[{"href":"https:\/\/www.europesays.com\/fr\/wp-json\/wp\/v2\/posts"}],"about":[{"href":"https:\/\/www.europesays.com\/fr\/wp-json\/wp\/v2\/types\/post"}],"author":[{"embeddable":true,"href":"https:\/\/www.europesays.com\/fr\/wp-json\/wp\/v2\/users\/2"}],"replies":[{"embeddable":true,"href":"https:\/\/www.europesays.com\/fr\/wp-json\/wp\/v2\/comments?post=362220"}],"version-history":[{"count":0,"href":"https:\/\/www.europesays.com\/fr\/wp-json\/wp\/v2\/posts\/362220\/revisions"}],"wp:featuredmedia":[{"embeddable":true,"href":"https:\/\/www.europesays.com\/fr\/wp-json\/wp\/v2\/media\/361872"}],"wp:attachment":[{"href":"https:\/\/www.europesays.com\/fr\/wp-json\/wp\/v2\/media?parent=362220"}],"wp:term":[{"taxonomy":"category","embeddable":true,"href":"https:\/\/www.europesays.com\/fr\/wp-json\/wp\/v2\/categories?post=362220"},{"taxonomy":"post_tag","embeddable":true,"href":"https:\/\/www.europesays.com\/fr\/wp-json\/wp\/v2\/tags?post=362220"}],"curies":[{"name":"wp","href":"https:\/\/api.w.org\/{rel}","templated":true}]}}