{"id":362222,"date":"2025-09-03T02:33:12","date_gmt":"2025-09-03T02:33:12","guid":{"rendered":"https:\/\/www.europesays.com\/fr\/362222\/"},"modified":"2025-09-03T02:33:12","modified_gmt":"2025-09-03T02:33:12","slug":"ne-voyant-pas-la-paix-arriver-trump-une-nouvelle-fois-tres-decu-par-poutine","status":"publish","type":"post","link":"https:\/\/www.europesays.com\/fr\/362222\/","title":{"rendered":"Ne voyant pas la paix arriver, Trump une nouvelle fois \u00ab\u00a0tr\u00e8s d\u00e9\u00e7u\u00a0\u00bb par Poutine"},"content":{"rendered":"<p>La frustration de <a href=\"https:\/\/www.20minutes.fr\/dossier\/donald_trump\" target=\"_blank\" class=\"c-link c-link--is-underlined\" rel=\"nofollow noopener\">Donald Trump<\/a> continue de monter vis-\u00e0-vis du ma\u00eetre du Kremlin. Tr\u00e8s impliqu\u00e9 dans le r\u00e8glement dans la <a href=\"https:\/\/www.20minutes.fr\/monde\/ukraine\/\" target=\"_blank\" class=\"c-link c-link--is-underlined\" rel=\"nofollow noopener\">guerre en Ukraine<\/a>, le pr\u00e9sident des <a href=\"https:\/\/www.20minutes.fr\/monde\/etats-unis\/\" target=\"_blank\" class=\"c-link c-link--is-underlined\" rel=\"nofollow noopener\">Etats-Unis<\/a> s\u2019est dit mardi \u00ab\u00a0tr\u00e8s d\u00e9\u00e7u\u00a0\u00bb par Vladimir Poutine, deux semaines apr\u00e8s leur rencontre en Alaska qui n\u2019a abouti \u00e0 aucun progr\u00e8s substantiel.<\/p>\n<p>Apr\u00e8s avoir accueilli en grande pompe le 15\u00a0ao\u00fbt le pr\u00e9sident russe sur le sol am\u00e9ricain, le locataire de la Maison-Blanche a cherch\u00e9 \u00e0 organiser une rencontre entre <a href=\"https:\/\/www.20minutes.fr\/monde\/vladimir_poutine\/\" target=\"_blank\" class=\"c-link c-link--is-underlined\" rel=\"nofollow noopener\">Vladimir Poutine<\/a> et le chef de l\u2019Etat ukrainien, <a href=\"https:\/\/www.20minutes.fr\/monde\/volodymyr-zelensky\/\" target=\"_blank\" class=\"c-link c-link--is-underlined\" rel=\"nofollow noopener\">Volodymyr Zelensky<\/a>. Mais depuis, la Russie a surtout intensifi\u00e9 ses attaques contre l\u2019Ukraine.<\/p>\n<p>La d\u00e9ception apr\u00e8s \u00ab\u00a0une super relation\u00a0\u00bb<\/p>\n<p>\u00ab\u00a0Nous avions une super relation\u00a0\u00bb, a d\u00e9clar\u00e9 Donald Trump lors d\u2019une interview \u00e0 la radio avec le pr\u00e9sentateur Scott Jennings, ajoutant\u00a0: \u00ab\u00a0Je suis tr\u00e8s d\u00e9\u00e7u par le pr\u00e9sident Poutine [\u2026] Des milliers de personnes meurent, c\u2019est une guerre qui n\u2019a aucun sens.\u00a0\u00bb<\/p>\n<\/p>\n<p>Le pr\u00e9sident am\u00e9ricain n\u2019a cependant pas pr\u00e9cis\u00e9 si sa d\u00e9ception aurait des cons\u00e9quences pour la <a href=\"https:\/\/www.20minutes.fr\/monde\/russie\/\" target=\"_blank\" class=\"c-link c-link--is-underlined\" rel=\"nofollow noopener\">Russie<\/a>, malgr\u00e9 un ultimatum de deux semaines donn\u00e9 \u00e0 Moscou et qui doit arriver \u00e0 \u00e9ch\u00e9ance plus tard cette semaine.<\/p>\n<p>Depuis le sommet en Alaska, Donald Trump est rest\u00e9 vague sur le dossier ukrainien, mena\u00e7ant parfois Moscou de sanctions ou affirmant qu\u2019il pourrait bien laisser les deux pays s\u2019affronter. Il a ainsi assur\u00e9 plus tard mardi qu&rsquo;\u00ab\u00a0il y aura(it)\u00a0\u00bb des cons\u00e9quences si les pr\u00e9sidents Poutine et Zelensky ne parvenaient pas \u00e0 s\u2019accorder sur une rencontre dans le but de mettre un terme \u00e0 cette guerre, d\u00e9clench\u00e9e par l\u2019invasion russe de l\u2019Ukraine en f\u00e9vrier\u00a02022.<\/p>\n<p>Trump \u00e9nigmatique<\/p>\n<p>Interrog\u00e9 lors d\u2019un point presse \u00e0 la Maison-Blanche, Donald Trump s\u2019est surtout montr\u00e9 encore plus \u00e9nigmatique\u00a0: \u00ab\u00a0J\u2019ai appris des choses qui seront tr\u00e8s int\u00e9ressantes, je pense que dans les prochains jours vous saurez de quoi il s\u2019agit\u00a0\u00bb.<\/p>\n<p><a href=\"https:\/\/www.20minutes.fr\/monde\/ukraine\/\" target=\"_blank\" class=\"c-link c-btn c-btn--primary\" rel=\"nofollow noopener\">Notre dossier sur la Guerre en Ukraine<\/a><\/p>\n<p>Le pr\u00e9sident de la premi\u00e8re puissance mondiale a par ailleurs d\u00e9clar\u00e9 ne pas \u00eatre inquiet d\u2019une potentielle alliance entre la Russie et la Chine, peu apr\u00e8s une rencontre mardi entre Vladimir Poutine et Xi Jinping \u00e0 P\u00e9kin, \u00e0 la veille d\u2019un grand d\u00e9fil\u00e9 militaire. \u00ab\u00a0Je ne suis pas pr\u00e9occup\u00e9 du tout\u00a0\u00bb, a affirm\u00e9 Donald Trump. \u00ab\u00a0Nous avons les forces militaires les plus puissantes au monde, de loin, et ils n\u2019utiliseraient jamais les leurs contre nous. Croyez-moi, ce serait la pire chose qu\u2019ils puissent jamais faire\u00a0\u00bb.<\/p>\n","protected":false},"excerpt":{"rendered":"La frustration de Donald Trump continue de monter vis-\u00e0-vis du ma\u00eetre du Kremlin. Tr\u00e8s impliqu\u00e9 dans le r\u00e8glement&hellip;\n","protected":false},"author":2,"featured_media":362223,"comment_status":"","ping_status":"","sticky":false,"template":"","format":"standard","meta":{"footnotes":""},"categories":[1590],"tags":[47,11,309,75,73,1777,674,131,74,12,132,220,133,135,134,7084],"class_list":{"0":"post-362222","1":"post","2":"type-post","3":"status-publish","4":"format-standard","5":"has-post-thumbnail","7":"category-ukraine","8":"tag-actualite","9":"tag-actualites","10":"tag-chine","11":"tag-donald-trump","12":"tag-etats-unis","13":"tag-eu","14":"tag-europe","15":"tag-guerre-en-ukraine","16":"tag-monde","17":"tag-news","18":"tag-russie","19":"tag-ukraine","20":"tag-video","21":"tag-vladimir-poutine","22":"tag-volodymyr-zelensky","23":"tag-xi-jinping"},"share_on_mastodon":{"url":"https:\/\/pubeurope.com\/@fr\/115138029409595323","error":""},"_links":{"self":[{"href":"https:\/\/www.europesays.com\/fr\/wp-json\/wp\/v2\/posts\/362222","targetHints":{"allow":["GET"]}}],"collection":[{"href":"https:\/\/www.europesays.com\/fr\/wp-json\/wp\/v2\/posts"}],"about":[{"href":"https:\/\/www.europesays.com\/fr\/wp-json\/wp\/v2\/types\/post"}],"author":[{"embeddable":true,"href":"https:\/\/www.europesays.com\/fr\/wp-json\/wp\/v2\/users\/2"}],"replies":[{"embeddable":true,"href":"https:\/\/www.europesays.com\/fr\/wp-json\/wp\/v2\/comments?post=362222"}],"version-history":[{"count":0,"href":"https:\/\/www.europesays.com\/fr\/wp-json\/wp\/v2\/posts\/362222\/revisions"}],"wp:featuredmedia":[{"embeddable":true,"href":"https:\/\/www.europesays.com\/fr\/wp-json\/wp\/v2\/media\/362223"}],"wp:attachment":[{"href":"https:\/\/www.europesays.com\/fr\/wp-json\/wp\/v2\/media?parent=362222"}],"wp:term":[{"taxonomy":"category","embeddable":true,"href":"https:\/\/www.europesays.com\/fr\/wp-json\/wp\/v2\/categories?post=362222"},{"taxonomy":"post_tag","embeddable":true,"href":"https:\/\/www.europesays.com\/fr\/wp-json\/wp\/v2\/tags?post=362222"}],"curies":[{"name":"wp","href":"https:\/\/api.w.org\/{rel}","templated":true}]}}