{"id":362226,"date":"2025-09-03T02:35:18","date_gmt":"2025-09-03T02:35:18","guid":{"rendered":"https:\/\/www.europesays.com\/fr\/362226\/"},"modified":"2025-09-03T02:35:18","modified_gmt":"2025-09-03T02:35:18","slug":"pourquoi-le-gouvernement-britannique-garde-des-centaines-dappartements-vides","status":"publish","type":"post","link":"https:\/\/www.europesays.com\/fr\/362226\/","title":{"rendered":"Pourquoi le gouvernement britannique garde des centaines d\u2019appartements vides ?"},"content":{"rendered":"<p>Suite \u00e0 <a href=\"https:\/\/lepetitjournal.com\/fil-afp\/lincendie-de-la-tour-grenfell-de-londres-resultat-de-decennies-de-defaillances-392190\" target=\"_blank\" rel=\"nofollow noopener\">l\u2019accident de la tour Grenfell<\/a>, des normes de s\u00e9curit\u00e9 ont \u00e9t\u00e9 mises en place par le gouvernement provoquant une crise de logement vacant au Royaume-Uni.\u00a0 Un dispositif d\u2019inspection obligatoire a \u00e9t\u00e9 mis en place : les contr\u00f4les, pr\u00e9vus pour durer 12 semaines, d\u00e9passent largement ce d\u00e9lai dans deux tiers des cas. \u00ab Le r\u00e9gulateur de la s\u00e9curit\u00e9 du b\u00e2timent ne fait tout simplement pas son travail \u00e0 la vitesse requise et n\u2019est pas \u00e0 la hauteur de sa mission \u00bb, d\u00e9plore <strong>Sam Coats<\/strong>, r\u00e9dacteur politique adjoint chez Sky News.<\/p>\n<p class=\"p-empty\">\u00a0<\/p>\n<p>Des centaines d&rsquo;appartements vides \u00e0 cause de proc\u00e9dures de s\u00e9curit\u00e9 mal organis\u00e9es<\/p>\n<p class=\"p-empty\">\u00a0<\/p>\n<p>Cons\u00e9quence : pr\u00e8s de 1 210 logements d\u00e9j\u00e0 termin\u00e9s restent inoccup\u00e9s \u00e0 travers le pays. <a href=\"https:\/\/news.sky.com\/story\/the-red-tape-keeping-these-flats-empty-and-threatening-labours-vital-new-homes-target-13423446\" target=\"_blank\" rel=\"nofollow noopener\">Sky News a men\u00e9 une enqu\u00eate de terrain,<\/a> en allant visiter un immeuble flambant neuf de 99 appartements \u00e0 l\u2019ouest de Londres, dont les futurs habitants, pour la plupart d\u00e9j\u00e0 propri\u00e9taires, sont soumis \u00e0 ces nouveaux contr\u00f4les. R\u00e9sultat, les locataires attendent toujours l\u2019accord n\u00e9cessaire pour emm\u00e9nager.\u00a0<\/p>\n","protected":false},"excerpt":{"rendered":"Suite \u00e0 l\u2019accident de la tour Grenfell, des normes de s\u00e9curit\u00e9 ont \u00e9t\u00e9 mises en place par le&hellip;\n","protected":false},"author":2,"featured_media":362227,"comment_status":"","ping_status":"","sticky":false,"template":"","format":"standard","meta":{"footnotes":""},"categories":[1588],"tags":[11,1777,674,12,473,1853,1851,1850,1852],"class_list":{"0":"post-362226","1":"post","2":"type-post","3":"status-publish","4":"format-standard","5":"has-post-thumbnail","7":"category-royaume-uni","8":"tag-actualites","9":"tag-eu","10":"tag-europe","11":"tag-news","12":"tag-royaume-uni","13":"tag-royaume-uni-de-grande-bretagne-et-dirlande-du-nord","14":"tag-uk","15":"tag-united-kingdom","16":"tag-united-kingdom-of-great-britain-and-northern-ireland"},"share_on_mastodon":{"url":"https:\/\/pubeurope.com\/@fr\/115138037281285741","error":""},"_links":{"self":[{"href":"https:\/\/www.europesays.com\/fr\/wp-json\/wp\/v2\/posts\/362226","targetHints":{"allow":["GET"]}}],"collection":[{"href":"https:\/\/www.europesays.com\/fr\/wp-json\/wp\/v2\/posts"}],"about":[{"href":"https:\/\/www.europesays.com\/fr\/wp-json\/wp\/v2\/types\/post"}],"author":[{"embeddable":true,"href":"https:\/\/www.europesays.com\/fr\/wp-json\/wp\/v2\/users\/2"}],"replies":[{"embeddable":true,"href":"https:\/\/www.europesays.com\/fr\/wp-json\/wp\/v2\/comments?post=362226"}],"version-history":[{"count":0,"href":"https:\/\/www.europesays.com\/fr\/wp-json\/wp\/v2\/posts\/362226\/revisions"}],"wp:featuredmedia":[{"embeddable":true,"href":"https:\/\/www.europesays.com\/fr\/wp-json\/wp\/v2\/media\/362227"}],"wp:attachment":[{"href":"https:\/\/www.europesays.com\/fr\/wp-json\/wp\/v2\/media?parent=362226"}],"wp:term":[{"taxonomy":"category","embeddable":true,"href":"https:\/\/www.europesays.com\/fr\/wp-json\/wp\/v2\/categories?post=362226"},{"taxonomy":"post_tag","embeddable":true,"href":"https:\/\/www.europesays.com\/fr\/wp-json\/wp\/v2\/tags?post=362226"}],"curies":[{"name":"wp","href":"https:\/\/api.w.org\/{rel}","templated":true}]}}