{"id":362228,"date":"2025-09-03T02:36:13","date_gmt":"2025-09-03T02:36:13","guid":{"rendered":"https:\/\/www.europesays.com\/fr\/362228\/"},"modified":"2025-09-03T02:36:13","modified_gmt":"2025-09-03T02:36:13","slug":"suisse-et-allemagne-cooperation-economique-et-securitaire-renforcee","status":"publish","type":"post","link":"https:\/\/www.europesays.com\/fr\/362228\/","title":{"rendered":"Suisse et Allemagne : coop\u00e9ration \u00e9conomique et s\u00e9curitaire renforc\u00e9e"},"content":{"rendered":"<p>Karin Keller-Sutter et Friedrich Merz se sont attard\u00e9s sur la situation actuelle de la guerre en Ukraine, peut-on lire dans un communiqu\u00e9 qui a suivi la rencontre entre les deux dirigeants. L\u2019occasion pour la pr\u00e9sidente helv\u00e9tique de souligner l\u2019importance pour la Suisse de trouver une solution pacifique au conflit.<\/p>\n<p>Au sujet des droits de douane impos\u00e9s par les Etats-Unis \u00e0 l\u2019Europe, Karin Keller-Sutter a soulign\u00e9 qu\u2019il \u00e9tait n\u00e9cessaire d\u2019\u00e9viter les frictions dans les domaines fiscaux et &#8230;<\/p>\n","protected":false},"excerpt":{"rendered":"Karin Keller-Sutter et Friedrich Merz se sont attard\u00e9s sur la situation actuelle de la guerre en Ukraine, peut-on&hellip;\n","protected":false},"author":2,"featured_media":362229,"comment_status":"","ping_status":"","sticky":false,"template":"","format":"standard","meta":{"footnotes":""},"categories":[1587],"tags":[11,672,1804,1805,1803,1777,674,1801,12,1802],"class_list":{"0":"post-362228","1":"post","2":"type-post","3":"status-publish","4":"format-standard","5":"has-post-thumbnail","7":"category-allemagne","8":"tag-actualites","9":"tag-allemagne","10":"tag-bundesrepublik-deutschland","11":"tag-de","12":"tag-deutschland","13":"tag-eu","14":"tag-europe","15":"tag-germany","16":"tag-news","17":"tag-republique-federale-dallemagne"},"share_on_mastodon":{"url":"https:\/\/pubeurope.com\/@fr\/115138041188502876","error":""},"_links":{"self":[{"href":"https:\/\/www.europesays.com\/fr\/wp-json\/wp\/v2\/posts\/362228","targetHints":{"allow":["GET"]}}],"collection":[{"href":"https:\/\/www.europesays.com\/fr\/wp-json\/wp\/v2\/posts"}],"about":[{"href":"https:\/\/www.europesays.com\/fr\/wp-json\/wp\/v2\/types\/post"}],"author":[{"embeddable":true,"href":"https:\/\/www.europesays.com\/fr\/wp-json\/wp\/v2\/users\/2"}],"replies":[{"embeddable":true,"href":"https:\/\/www.europesays.com\/fr\/wp-json\/wp\/v2\/comments?post=362228"}],"version-history":[{"count":0,"href":"https:\/\/www.europesays.com\/fr\/wp-json\/wp\/v2\/posts\/362228\/revisions"}],"wp:featuredmedia":[{"embeddable":true,"href":"https:\/\/www.europesays.com\/fr\/wp-json\/wp\/v2\/media\/362229"}],"wp:attachment":[{"href":"https:\/\/www.europesays.com\/fr\/wp-json\/wp\/v2\/media?parent=362228"}],"wp:term":[{"taxonomy":"category","embeddable":true,"href":"https:\/\/www.europesays.com\/fr\/wp-json\/wp\/v2\/categories?post=362228"},{"taxonomy":"post_tag","embeddable":true,"href":"https:\/\/www.europesays.com\/fr\/wp-json\/wp\/v2\/tags?post=362228"}],"curies":[{"name":"wp","href":"https:\/\/api.w.org\/{rel}","templated":true}]}}