{"id":362230,"date":"2025-09-03T02:37:14","date_gmt":"2025-09-03T02:37:14","guid":{"rendered":"https:\/\/www.europesays.com\/fr\/362230\/"},"modified":"2025-09-03T02:37:14","modified_gmt":"2025-09-03T02:37:14","slug":"conflit-commercial-apres-la-menace-de-trump-allemagne-et-suisse-se-rapprochent","status":"publish","type":"post","link":"https:\/\/www.europesays.com\/fr\/362230\/","title":{"rendered":"Conflit commercial : apr\u00e8s la menace de Trump, Allemagne et Suisse se rapprochent"},"content":{"rendered":"<p>\u2014<\/p>\n<p>## Conflit commercial : Apr\u00e8s la menace de Trump, l\u2019Allemagne et la Suisse renforcent leur coop\u00e9ration<\/p>\n<p>Depuis l\u2019annonce des lourdes taxes douani\u00e8res am\u00e9ricaines contre la Suisse, le rapprochement entre la Conf\u00e9d\u00e9ration helv\u00e9tique et l\u2019Allemagne s\u2019intensifie. \u00ab Plus nos liens sont \u00e9troits, mieux c\u2019est pour tous : citoyens, entreprises et consommateurs \u00bb, a d\u00e9clar\u00e9 le chancelier allemand Friedrich Merz \u00e0 l\u2019issue d\u2019une rencontre \u00e0 Berlin avec la pr\u00e9sidente suisse Karin Keller-Sutter. Bien que l\u2019adh\u00e9sion de la Suisse \u00e0 l\u2019Union europ\u00e9enne ne soit pas \u00e0 l\u2019ordre du jour, une int\u00e9gration \u00e0 diff\u00e9rents niveaux reste envisageable, a-t-il soulign\u00e9.<\/p>\n<p>De son c\u00f4t\u00e9, la pr\u00e9sidente Keller-Sutter rappelle que la Suisse ne fait pas partie ni de l\u2019Union douani\u00e8re europ\u00e9enne ni de l\u2019OTAN, mais cherche n\u00e9anmoins une collaboration plus soutenue avec l\u2019Allemagne et l\u2019UE. Certains responsables sociaux-d\u00e9mocrates allemands ont m\u00eame \u00e9voqu\u00e9 une possible adh\u00e9sion suisse. Face aux taxes am\u00e9ricaines, particuli\u00e8rement \u00e9lev\u00e9es, Merz appelle \u00e0 une solidarit\u00e9 renforc\u00e9e en Europe, esp\u00e9rant que ces droits \u201cexorbitants\u201d pourront \u00eatre \u00e9vit\u00e9s pour la Suisse. Certes, l\u2019UE a obtenu quelques avanc\u00e9es dans ses n\u00e9gociations avec Washington, mais des secteurs p\u00e2tissent encore de lourdes barri\u00e8res douani\u00e8res. \u00c0 terme, il souhaite \u00e9galement rapprocher les institutions helv\u00e9tiques et europ\u00e9ennes.<\/p>\n<p>Au-del\u00e0 du volet commercial, la coop\u00e9ration germano-suisse porte aussi sur la recherche scientifique et le secteur pharmaceutique, des domaines dont toute l\u2019Europe b\u00e9n\u00e9ficie. Keller-Sutter \u00e9voque des opportunit\u00e9s pour les entreprises suisses et pr\u00e9voit une rencontre avec des partenaires industriels allemands. Abordant la neutralit\u00e9 suisse, tr\u00e8s ancr\u00e9e dans l\u2019opinion publique mais aussi un sujet de d\u00e9bat, la pr\u00e9sidente annonce un projet de r\u00e9forme pour assouplir la l\u00e9gislation sur le mat\u00e9riel de guerre. Cette modification viserait \u00e0 revitaliser une industrie locale largement amoindrie ces derni\u00e8res ann\u00e9es.<\/p>\n<p>Enfin, les restrictions actuelles sur les exportations d\u2019armement compliquent la collaboration europ\u00e9enne, notamment en ce qui concerne le soutien militaire \u00e0 l\u2019Ukraine. Merz et Keller-Sutter r\u00e9affirment leur engagement commun pour d\u00e9fendre un ordre commercial mondial ouvert et stable. Depuis le 7 ao\u00fbt, plusieurs produits suisses sont frapp\u00e9s d\u2019un tarif am\u00e9ricain de 39 %, l\u2019un des taux les plus \u00e9lev\u00e9s appliqu\u00e9s par les \u00c9tats-Unis \u00e0 un pays tiers. Gouvernements et entreprises unissent leurs forces pour n\u00e9gocier aupr\u00e8s de l\u2019administration am\u00e9ricaine une r\u00e9duction de ces droits qui menacent un des premiers march\u00e9s d\u2019exportation helv\u00e9tique.<\/p>\n<p>\u2014<\/p>\n<p>## Les Points Importants<\/p>\n<p>\u2013 La Suisse et l\u2019Allemagne renforcent leurs liens \u00e9conomiques et politiques, affirmant que la coop\u00e9ration europ\u00e9enne demeure la meilleure r\u00e9ponse aux tensions commerciales internationales.<br \/>\u2013 La neutralit\u00e9 suisse, pilier historique, est r\u00e9\u00e9valu\u00e9e \u00e0 l\u2019aune des d\u00e9fis actuels, en particulier dans le secteur de l\u2019industrie de d\u00e9fense.<br \/>\u2013 Malgr\u00e9 l\u2019absence d\u2019adh\u00e9sion de la Suisse \u00e0 l\u2019UE, des formes d\u2019int\u00e9gration modul\u00e9es sont envisag\u00e9es pour faciliter le commerce et la recherche scientifique.<br \/>\u2013 La hausse significative des droits de douane am\u00e9ricains sur les produits suisses cr\u00e9e une pression forte sur les entreprises d\u2019exportation et les gouvernements, qui cherchent un compromis avec Washington.<br \/>\u2013 Le dialogue entre partenaires europ\u00e9ens sur les questions de d\u00e9fense, notamment concernant l\u2019Ukraine, reste complexe sous la contrainte des embargos et r\u00e9glementations nationales.<br \/>\u2013 Ce conflit met en exergue les tensions entre souverainet\u00e9 nationale et interd\u00e9pendance \u00e9conomique dans un monde globalis\u00e9.<\/p>\n<p>Vu d\u2019une perspective internationale, cette situation illustre combien les r\u00e9seaux \u00e9conomiques europ\u00e9ens \u2013 incluant les pays hors UE comme la Suisse \u2013 jouent un r\u00f4le crucial dans la stabilit\u00e9 du march\u00e9 mondial. Par ailleurs, la France, avec son riche tissu industriel et ses liens historiques dans la r\u00e9gion, garde une position cl\u00e9 pour contribuer \u00e0 une coordination plus large au sein de l\u2019Europe, tout en veillant \u00e0 prot\u00e9ger ses propres int\u00e9r\u00eats.<\/p>\n<p>On pourrait se demander si, \u00e0 force de jouer aux alliances \u00e0 g\u00e9om\u00e9trie variable, la Suisse ne devient pas la v\u00e9ritable ma\u00eetresse du jeu europ\u00e9en \u2013 diplomatiquement neutre, mais commercialement proactive. Quant \u00e0 l\u2019Allemagne, elle fait preuve d\u2019une diplomatie pragmatique qui pourrait faire \u00e9cho \u00e0 la c\u00e9l\u00e8bre devise helv\u00e9tique \u00ab\u00a0un pour tous, tous pour un\u00a0\u00bb. En fin de compte, si les \u00c9tats-Unis aiment lancer des d\u00e9fis douaniers, il semble que l\u2019Europe, fid\u00e8le \u00e0 sa tradition d\u2019entraide, continue de r\u00e9pondre avec une belle coh\u00e9rence. Mais, qui sait ? Peut-\u00eatre que la prochaine \u00e9tape sera\u2026 une invitation \u00e0 un grand d\u00eener franco-suisse-allemand pour renouer autour d\u2019un bon fromage et d\u2019un bon vin \u2013 apr\u00e8s tout, le commerce passe aussi par le convivial !<\/p>\n<p>\u2014<\/p>\n<p>  Navigation de l\u2019article<\/p>\n","protected":false},"excerpt":{"rendered":"\u2014 ## Conflit commercial : Apr\u00e8s la menace de Trump, l\u2019Allemagne et la Suisse renforcent leur coop\u00e9ration Depuis&hellip;\n","protected":false},"author":2,"featured_media":0,"comment_status":"","ping_status":"","sticky":false,"template":"","format":"standard","meta":{"footnotes":""},"categories":[1586],"tags":[],"class_list":{"0":"post-362230","1":"post","2":"type-post","3":"status-publish","4":"format-standard","6":"category-europe"},"share_on_mastodon":{"url":"https:\/\/pubeurope.com\/@fr\/115138045025260945","error":""},"_links":{"self":[{"href":"https:\/\/www.europesays.com\/fr\/wp-json\/wp\/v2\/posts\/362230","targetHints":{"allow":["GET"]}}],"collection":[{"href":"https:\/\/www.europesays.com\/fr\/wp-json\/wp\/v2\/posts"}],"about":[{"href":"https:\/\/www.europesays.com\/fr\/wp-json\/wp\/v2\/types\/post"}],"author":[{"embeddable":true,"href":"https:\/\/www.europesays.com\/fr\/wp-json\/wp\/v2\/users\/2"}],"replies":[{"embeddable":true,"href":"https:\/\/www.europesays.com\/fr\/wp-json\/wp\/v2\/comments?post=362230"}],"version-history":[{"count":0,"href":"https:\/\/www.europesays.com\/fr\/wp-json\/wp\/v2\/posts\/362230\/revisions"}],"wp:attachment":[{"href":"https:\/\/www.europesays.com\/fr\/wp-json\/wp\/v2\/media?parent=362230"}],"wp:term":[{"taxonomy":"category","embeddable":true,"href":"https:\/\/www.europesays.com\/fr\/wp-json\/wp\/v2\/categories?post=362230"},{"taxonomy":"post_tag","embeddable":true,"href":"https:\/\/www.europesays.com\/fr\/wp-json\/wp\/v2\/tags?post=362230"}],"curies":[{"name":"wp","href":"https:\/\/api.w.org\/{rel}","templated":true}]}}