{"id":362233,"date":"2025-09-03T02:44:12","date_gmt":"2025-09-03T02:44:12","guid":{"rendered":"https:\/\/www.europesays.com\/fr\/362233\/"},"modified":"2025-09-03T02:44:12","modified_gmt":"2025-09-03T02:44:12","slug":"donald-trump-malade-le-president-americain-repond-fake-news-et-tacle-joe-biden","status":"publish","type":"post","link":"https:\/\/www.europesays.com\/fr\/362233\/","title":{"rendered":"Donald Trump malade\u00a0? Le pr\u00e9sident am\u00e9ricain r\u00e9pond \u00ab\u00a0fake news\u00a0\u00bb et tacle Joe Biden"},"content":{"rendered":"<p>        <img decoding=\"async\" loading=\"lazy\" src=\"https:\/\/www.europesays.com\/fr\/wp-content\/uploads\/2025\/09\/8ec2831_upload-1-ieo6pzftpb3z-capture-da-a-cran-2025-09-02-210329.png\"  width=\"728\" height=\"406\" alt=\"Donald Trump rassure sur son \u00e9tat de sant\u00e9 ce mardi 2\u00a0septembre depuis la Maison Blanche.\"\/>  <\/p>\n<p>Maison Blanche live<\/p>\n<p>Donald Trump rassure sur son \u00e9tat de sant\u00e9 ce mardi 2\u00a0septembre depuis la Maison Blanche.<\/p>\n<p class=\"asset asset-text\">\u00c9TATS-UNIS &#8211; \u00ab\u00a0Come-back\u00a0\u00bb en chair et en os. Lors de sa premi\u00e8re apparition publique depuis une semaine, <a href=\"https:\/\/www.huffingtonpost.fr\/international\/article\/donald-trump-fait-tout-mal-pour-aider-jair-bolsonaro-avant-l-epilogue-de-son-proces-au-bresil_254239.html\" rel=\"nofollow noopener\" target=\"_blank\">Donald Trump<\/a> a annonc\u00e9 ce mardi 2\u00a0septembre le transfert du quartier g\u00e9n\u00e9ral du Commandement spatial en Alabama. Et le pr\u00e9sident am\u00e9ricain, visiblement en forme, a profit\u00e9 de cette prise de parole depuis le Bureau ovale pour rassurer sur son \u00e9tat de sant\u00e9 et mettre fin aux <a href=\"https:\/\/www.huffingtonpost.fr\/international\/video\/donald-trump-mort-comment-la-folle-rumeur-a-enflamme-internet-apres-cette-phrase-de-jd-vance_254189.html\" rel=\"nofollow noopener\" target=\"_blank\">rumeurs qui couraient sur sa mort<\/a><a href=\"https:\/\/www.huffingtonpost.fr\/international\/video\/donald-trump-mort-comment-la-folle-rumeur-a-enflamme-internet-apres-cette-phrase-de-jd-vance_254189.html\" rel=\"nofollow noopener\" target=\"_blank\">.<\/a><\/p>\n<p class=\"asset asset-text\">\u00ab\u00a0Je n\u2019ai pas vu \u00e7a\u00a0\u00bb, a d\u00e9clar\u00e9 le r\u00e9publicain lorsqu\u2019un journaliste l\u2019a interrog\u00e9 sur ces on-dit qui ont circul\u00e9 sur les plateformes X et Bluesky et selon lesquels la sant\u00e9 du dirigeant de 79\u00a0ans \u00e9tait d\u00e9faillante apr\u00e8s ne pas avoir fait d\u2019apparition devant les m\u00e9dias pendant plusieurs jours.<\/p>\n<p class=\"asset asset-text\">\u00ab\u00a0La semaine derni\u00e8re, j\u2019ai donn\u00e9 de nombreuses conf\u00e9rences de presse et elles se sont toutes tr\u00e8s bien d\u00e9roul\u00e9es\u2026 Je n\u2019en ai pas fait pendant deux jours\u2026 Joe Biden n\u2019en a pas fait pendant des mois\u00a0\u00bb, a-t-il affirm\u00e9. \u00ab\u00a0Il doit y avoir quelque chose qui ne va pas chez lui\u00a0\u00bb, a-t-il encore cingl\u00e9.<\/p>\n<p class=\"asset asset-text\">Le locataire de la Maison Blanche ajoute que les informations sur sa mauvaise sant\u00e9 sont des \u00ab\u00a0fake news\u00a0\u00bb et qu\u2019il a \u00e9t\u00e9 tr\u00e8s actif pendant le week-end de la f\u00eate du Travail, au cours duquel il s\u2019est rendu chaque jour sur son terrain de golf en Virginie. Et il a pr\u00e9cis\u00e9 avoir \u00e9galement accord\u00e9 une interview vendredi au site d\u2019information am\u00e9ricain Daily Caller.<\/p>\n<p>                     Une folle rumeur qui enflamme internet    <\/p>\n<p class=\"asset asset-text\">Ce dimanche 31\u00a0ao\u00fbt, Donald Trump avait d\u00e9j\u00e0 tent\u00e9 d\u2019arr\u00eater les rumeurs, en \u00e9crivant sur son r\u00e9seau social Truth Social\u00a0: \u00ab\u00a0JE NE ME SUIS JAMAIS SENTI AUSSI BIEN DE MA VIE.\u00a0\u00bb<\/p>\n<p class=\"asset asset-text\">Cette prise de parole du r\u00e9publicain intervient alors que des rumeurs infond\u00e9es circulent depuis une semaine sur les r\u00e9seaux sociaux au sujet de sa sant\u00e9 et prennent m\u00eame de l\u2019ampleur.<\/p>\n<p class=\"asset asset-text\">Le 25\u00a0ao\u00fbt, une photographie prise de la main de Donald Trump, <a href=\"https:\/\/www.huffingtonpost.fr\/international\/video\/les-mains-de-donald-trump-relancent-les-speculations-sur-l-etat-de-sante-du-president-americain_254105.html\" rel=\"nofollow noopener\" target=\"_blank\">devenue bleue lors de sa rencontre avec\u00a0son homologue cor\u00e9en<\/a>, avait d\u2019abord suscit\u00e9 des th\u00e9ories du complot sur les r\u00e9seaux sociaux. La Maison Blanche avait affirm\u00e9 en juillet que les h\u00e9matomes visibles sur la main droite du pr\u00e9sident \u00e9taient dus \u00e0 \u00ab\u00a0des serrages de main fr\u00e9quents\u00a0\u00bb et \u00e0 sa prise d\u2019aspirine comme traitement cardiovasculaire standard. L\u2019ex\u00e9cutif am\u00e9ricain avait \u00e9galement r\u00e9v\u00e9l\u00e9 que Donald Trump souffrait d\u2019insuffisance veineuse chronique, une affection r\u00e9pandue et b\u00e9nigne.<\/p>\n<p class=\"asset asset-text\">Puis, le vice-pr\u00e9sident JD Vance qui a rendu fou internet, en affirmant jeudi au journal\u00a0<a href=\"https:\/\/www.usatoday.com\/story\/news\/politics\/2025\/08\/28\/vance-training-president-trump-good-health\/85852650007\/\" target=\"_blank\" rel=\"noopener nofollow\" title=\"Nouvelle fen\u00eatre\">USA Today<\/a>\u00a0qu\u2019il \u00e9tait pr\u00eat \u00e0 assumer la pr\u00e9sidence si une \u00ab\u00a0terrible trag\u00e9die\u00a0\u00bb venait \u00e0 se produire. Par ailleurs, l\u2019agenda vide du locataire du Bureau ovale pendant quelques jours, ainsi que son absence d\u2019apparition publique depuis pr\u00e8s d\u2019une semaine, ont aliment\u00e9 les th\u00e9ories du complot. Cette apparition en publique viendra, peut-\u00eatre, mettre fin \u00e0 ces th\u00e9ories douteuses.<\/p>\n","protected":false},"excerpt":{"rendered":"Maison Blanche live Donald Trump rassure sur son \u00e9tat de sant\u00e9 ce mardi 2\u00a0septembre depuis la Maison Blanche.&hellip;\n","protected":false},"author":2,"featured_media":362234,"comment_status":"","ping_status":"","sticky":false,"template":"","format":"standard","meta":{"footnotes":""},"categories":[2],"tags":[11,75,73,1011,27,14,12,25],"class_list":{"0":"post-362233","1":"post","2":"type-post","3":"status-publish","4":"format-standard","5":"has-post-thumbnail","7":"category-actualites","8":"tag-actualites","9":"tag-donald-trump","10":"tag-etats-unis","11":"tag-fr","12":"tag-france","13":"tag-international","14":"tag-news","15":"tag-republique-francaise"},"share_on_mastodon":{"url":"https:\/\/pubeurope.com\/@fr\/115138072783724898","error":""},"_links":{"self":[{"href":"https:\/\/www.europesays.com\/fr\/wp-json\/wp\/v2\/posts\/362233","targetHints":{"allow":["GET"]}}],"collection":[{"href":"https:\/\/www.europesays.com\/fr\/wp-json\/wp\/v2\/posts"}],"about":[{"href":"https:\/\/www.europesays.com\/fr\/wp-json\/wp\/v2\/types\/post"}],"author":[{"embeddable":true,"href":"https:\/\/www.europesays.com\/fr\/wp-json\/wp\/v2\/users\/2"}],"replies":[{"embeddable":true,"href":"https:\/\/www.europesays.com\/fr\/wp-json\/wp\/v2\/comments?post=362233"}],"version-history":[{"count":0,"href":"https:\/\/www.europesays.com\/fr\/wp-json\/wp\/v2\/posts\/362233\/revisions"}],"wp:featuredmedia":[{"embeddable":true,"href":"https:\/\/www.europesays.com\/fr\/wp-json\/wp\/v2\/media\/362234"}],"wp:attachment":[{"href":"https:\/\/www.europesays.com\/fr\/wp-json\/wp\/v2\/media?parent=362233"}],"wp:term":[{"taxonomy":"category","embeddable":true,"href":"https:\/\/www.europesays.com\/fr\/wp-json\/wp\/v2\/categories?post=362233"},{"taxonomy":"post_tag","embeddable":true,"href":"https:\/\/www.europesays.com\/fr\/wp-json\/wp\/v2\/tags?post=362233"}],"curies":[{"name":"wp","href":"https:\/\/api.w.org\/{rel}","templated":true}]}}