{"id":362235,"date":"2025-09-03T02:45:22","date_gmt":"2025-09-03T02:45:22","guid":{"rendered":"https:\/\/www.europesays.com\/fr\/362235\/"},"modified":"2025-09-03T02:45:22","modified_gmt":"2025-09-03T02:45:22","slug":"172-mouvements-plus-de-500-millions-deuros-depenses-les-chiffres-des-mercatos-sous-longoria","status":"publish","type":"post","link":"https:\/\/www.europesays.com\/fr\/362235\/","title":{"rendered":"172 mouvements, plus de 500 millions d&rsquo;euros d\u00e9pens\u00e9s&#8230; les chiffres des mercatos sous Longoria"},"content":{"rendered":"<p>Le mercato estival, <a href=\"https:\/\/www.laprovence.com\/article\/om\/65058729270238\/mercato-om-vermeeren-emerson-aguerd-oriley-et-la-surprise-pavard-retour-sur-une-derniere-journee-tres-agitee\" target=\"_blank\" rel=\"noopener\">qui a ferm\u00e9 ses portes ce lundi soir \u00e0 20h<\/a>, a une nouvelle fois \u00e9t\u00e9 plus que mouvement\u00e9 \u00e0 l&rsquo;OM. Si la direction olympienne avait pr\u00f4n\u00e9 la continuit\u00e9 avant l&rsquo;\u00e9t\u00e9, cela n&rsquo;a pas forc\u00e9ment \u00e9t\u00e9 le cas malgr\u00e9 le fait que plusieurs cadres (Rulli, Balerdi, Hojbjerg, Greenwood) et que l&rsquo;entra\u00eeneur Roberto De Zerbi ont d\u00e9cid\u00e9 de poursuivre l&rsquo;aventure en Provence.<\/p>\n<p>Lors de cette fen\u00eatre des transferts, 12 nouveaux \u00e9l\u00e9ments ont pos\u00e9 leurs bagages \u00e0 Marseille (Paixao, Medina, <a href=\"https:\/\/www.laprovence.com\/article\/om\/71330757224931\/mercato-om-le-club-officialise-larrivee-darthur-vermeeren\" target=\"_blank\" rel=\"noopener\">Vermeeren<\/a>, Weah, Gomes, Egan-Riley, Aubameyang, <a href=\"https:\/\/www.laprovence.com\/article\/om\/17454847126287\/om-hamed-junior-traore-a-pas-de-velours-pour-ses-debuts\" target=\"_blank\" rel=\"noopener\">Traor\u00e9<\/a>, Palmieri, <a href=\"https:\/\/www.laprovence.com\/article\/om\/1041737390766214\/mercato-om-nayef-aguerd-a-son-tour-officialise\" target=\"_blank\" rel=\"noopener\">Aguerd<\/a>, <a href=\"https:\/\/www.laprovence.com\/article\/om\/1029428401979614\/mercato-om-matt-oriley-officiellement-annonce-par-le-club\" target=\"_blank\" rel=\"noopener\">O&rsquo;Riley<\/a>, <a href=\"https:\/\/www.laprovence.com\/article\/om\/44772235916618\/mercato-om-benjamin-pavard-plus-proche-que-jamais-de-marseille\" target=\"_blank\" rel=\"noopener\">Pavard<\/a>), quand 15 ont fait le chemin inverse (<a href=\"https:\/\/www.laprovence.com\/article\/om\/56366857901171\/mercato-om-rabiot-de-l-aventure-olympienne-a-l-escapade-milanaise\" target=\"_blank\" rel=\"noopener\">Rabiot<\/a>, Luis Henrique, Rowe, <a href=\"https:\/\/www.laprovence.com\/article\/om\/80590147504239\/mercato-om-le-club-officialise-le-depart-dazzedine-ounahi-vers-le-girona-fc\" target=\"_blank\" rel=\"noopener\">Ounahi<\/a>, Rongier, Merlin, Kon\u00e9, <a href=\"https:\/\/www.laprovence.com\/article\/om\/42356891871835\/mercato-om-bamo-meite-de-retour-a-lorient-en-pret\" target=\"_blank\" rel=\"noopener\">Me\u00eft\u00e9<\/a>, Cornelius, <a href=\"https:\/\/www.laprovence.com\/article\/om\/85851087793227\/mercato-om-le-club-officialise-le-depart-de-faris-moumbagna\" target=\"_blank\" rel=\"noopener\">Moumbagna<\/a>, Ngapandouetnbu, Bennacer, Dedic, Felipe, <a href=\"https:\/\/www.laprovence.com\/article\/om\/41016487898476\/om-mbemba-sanchez-clauss-ces-anciens-olympiens-courtises-lors-du-dernier-jour-du-mercato\" target=\"_blank\" rel=\"noopener\">Mbemba<\/a>).<\/p>\n<p>Ce qui porte le total \u00e0 172 mouvements (80 arriv\u00e9es, 92 d\u00e9parts) depuis que Pablo Longoria a rejoint l&rsquo;OM en tant que \u00ab\u00a0Head of football\u00a0\u00bb en ao\u00fbt 2020.<\/p>\n<p>Financi\u00e8rement parlant, le club olympien a d\u00e9pens\u00e9 environ 542 millions d&rsquo;euros en cinq ans (dont 98,5 cet \u00e9t\u00e9), hors bonus et primes \u00e0 la signature, mais en comptant les obligations d&rsquo;achat sur la saison du pr\u00eat (les 13 M\u20ac d&rsquo;Hojbjerg pay\u00e9s cet \u00e9t\u00e9 \u00e0 Tottenham ou les 20M\u20ac que le club devra verser \u00e0 Lens l&rsquo;\u00e9t\u00e9 prochain pour le transfert de Medina par exemple). Dans le sens inverse, environ 336,5 M\u20ac (dont 74 cet \u00e9t\u00e9) sont rentr\u00e9s dans les caisses du club.<\/p>\n<p>Le d\u00e9tail de chaque mercato :<\/p>\n<p>2020-21 : 7 arriv\u00e9es (28,5 M\u20ac), 7 d\u00e9parts (34,75 M\u20ac)<\/p>\n<p>2021-22 : 15 arriv\u00e9es (88,4 M\u20ac), 12 d\u00e9parts (7 M\u20ac)<\/p>\n<p>2022-23 : 17 arriv\u00e9es (86 M\u20ac), 21 d\u00e9parts (46 M\u20ac)<\/p>\n<p>2023-24 : 13 arriv\u00e9es (98,5 M\u20ac), 16 d\u00e9parts (79,5 M\u20ac)<\/p>\n<p>2024-25 : 16 arriv\u00e9es (134 M\u20ac), 21 d\u00e9parts (93,5 M\u20ac)<\/p>\n<p>2025-26 : 12 arriv\u00e9es (98,5 M\u20ac), 15 d\u00e9parts (74 M\u20ac)<\/p>\n","protected":false},"excerpt":{"rendered":"Le mercato estival, qui a ferm\u00e9 ses portes ce lundi soir \u00e0 20h, a une nouvelle fois \u00e9t\u00e9&hellip;\n","protected":false},"author":2,"featured_media":362236,"comment_status":"","ping_status":"","sticky":false,"template":"","format":"standard","meta":{"footnotes":""},"categories":[2],"tags":[49736,17,14971,11,10183,1011,27,4657,49737,12,149,378,25],"class_list":{"0":"post-362235","1":"post","2":"type-post","3":"status-publish","4":"format-standard","5":"has-post-thumbnail","7":"category-actualites","8":"tag-49736","9":"tag-17","10":"tag-14971","11":"tag-actualites","12":"tag-deuros","13":"tag-fr","14":"tag-france","15":"tag-millions","16":"tag-mouvements","17":"tag-news","18":"tag-om","19":"tag-plus","20":"tag-republique-francaise"},"share_on_mastodon":{"url":"https:\/\/pubeurope.com\/@fr\/115138076709412092","error":""},"_links":{"self":[{"href":"https:\/\/www.europesays.com\/fr\/wp-json\/wp\/v2\/posts\/362235","targetHints":{"allow":["GET"]}}],"collection":[{"href":"https:\/\/www.europesays.com\/fr\/wp-json\/wp\/v2\/posts"}],"about":[{"href":"https:\/\/www.europesays.com\/fr\/wp-json\/wp\/v2\/types\/post"}],"author":[{"embeddable":true,"href":"https:\/\/www.europesays.com\/fr\/wp-json\/wp\/v2\/users\/2"}],"replies":[{"embeddable":true,"href":"https:\/\/www.europesays.com\/fr\/wp-json\/wp\/v2\/comments?post=362235"}],"version-history":[{"count":0,"href":"https:\/\/www.europesays.com\/fr\/wp-json\/wp\/v2\/posts\/362235\/revisions"}],"wp:featuredmedia":[{"embeddable":true,"href":"https:\/\/www.europesays.com\/fr\/wp-json\/wp\/v2\/media\/362236"}],"wp:attachment":[{"href":"https:\/\/www.europesays.com\/fr\/wp-json\/wp\/v2\/media?parent=362235"}],"wp:term":[{"taxonomy":"category","embeddable":true,"href":"https:\/\/www.europesays.com\/fr\/wp-json\/wp\/v2\/categories?post=362235"},{"taxonomy":"post_tag","embeddable":true,"href":"https:\/\/www.europesays.com\/fr\/wp-json\/wp\/v2\/tags?post=362235"}],"curies":[{"name":"wp","href":"https:\/\/api.w.org\/{rel}","templated":true}]}}