{"id":362239,"date":"2025-09-03T02:49:18","date_gmt":"2025-09-03T02:49:18","guid":{"rendered":"https:\/\/www.europesays.com\/fr\/362239\/"},"modified":"2025-09-03T02:49:18","modified_gmt":"2025-09-03T02:49:18","slug":"thomas-a-tout-fait-pour-sintegrer-au-mieux-la-recrue-a-pris-de-lavance","status":"publish","type":"post","link":"https:\/\/www.europesays.com\/fr\/362239\/","title":{"rendered":"Thomas a tout fait pour s\u2019int\u00e9grer au mieux, la recrue a pris de l\u2019avance"},"content":{"rendered":"<p>Une recrue all\u00e9chante pour le Stade Toulousain. L\u2019\u00e9t\u00e9 dernier, le club rouge et noir a d\u00e9cid\u00e9 de miser sur Teddy Thomas pour venir renforcer sa ligne de trois-quarts. En fin de contrat avec le Stade Rochelais, le centre ou ailier aura fort \u00e0 faire pour s\u2019imposer dans l\u2019effectif XXL d\u2019Ugo Mola. Connu pour ses fulgurances offensives, l\u2019international fran\u00e7ais a mis toutes les chances de son c\u00f4t\u00e9 en venant plus pr\u00e9par\u00e9 que jamais, comme il l\u2019a confi\u00e9 \u00e0 <a href=\"https:\/\/www.rugbyrama.fr\/2025\/08\/31\/exclusif-top-14-teddy-thomas-evoque-son-arrivee-a-toulouse-je-le-prends-comme-un-dernier-gros-defi-12891262.php\" rel=\"nofollow noopener\" target=\"_blank\">Midi Olympique.<\/a><\/p>\n<p>\u00ab\u00a0Je me suis pas mal entra\u00een\u00e9\u00a0\u00bb<\/p>\n<blockquote>\n<p>\u00ab Je me suis pas mal entra\u00een\u00e9 pour arriver avec pas trop de retard sur cette pr\u00e9-saisons. On va dire, grosso modo, sur les deux mois de vacances que j\u2019ai eues, j\u2019ai vraiment coup\u00e9 trois \u00e0 quatre semaines. Je me sens \u00e0 l\u2019endroit o\u00f9 je dois \u00eatre, o\u00f9 je me sens bien, o\u00f9 je me sens compris. Je sais quand m\u00eame que jouer au Stade Toulousain demande beaucoup d\u2019exigence et de rigueur si tu veux \u00eatre performant.\u00a0\u00bb<\/p>\n<\/blockquote>\n<p>S\u2019il aura le temps de se montrer dans les mois \u00e0 venir, Teddy Thomas a vu son aventure d\u00e9buter de la pire des mani\u00e8res. Pour son premier match de pr\u00e9paration, face \u00e0 Vannes, il s\u2019est bless\u00e9 et manquera les premi\u00e8res journ\u00e9es de Top 14.<\/p>\n<p>\u00a0<\/p>\n<p>Partagez cette info avec vos amis et vos proches en cliquant ici<br \/>Pour r\u00e9sumer<\/p>\n<p>Teddy Thomas est revenu sur ses premiers pas avec le Stade Toulousain. Bless\u00e9 lors de son match de reprise face \u00e0 Vannes, le centre ou ailier avait pourtant tout mis en \u0153uvre pour \u00eatre pr\u00eat \u00e0 faire face \u00e0 ce nouveau d\u00e9fi.<\/p>\n<p> <img decoding=\"async\" width=\"76\" height=\"76\" loading=\"lazy\" src=\"https:\/\/www.europesays.com\/fr\/wp-content\/uploads\/2025\/04\/avatar-quinze.png\" alt=\"Arnaud D\u00e9chelotte\"\/><\/p>\n","protected":false},"excerpt":{"rendered":"Une recrue all\u00e9chante pour le Stade Toulousain. L\u2019\u00e9t\u00e9 dernier, le club rouge et noir a d\u00e9cid\u00e9 de miser&hellip;\n","protected":false},"author":2,"featured_media":362240,"comment_status":"","ping_status":"","sticky":false,"template":"","format":"standard","meta":{"footnotes":""},"categories":[1416],"tags":[1011,27,479,1468,60],"class_list":{"0":"post-362239","1":"post","2":"type-post","3":"status-publish","4":"format-standard","5":"has-post-thumbnail","7":"category-rugby","8":"tag-fr","9":"tag-france","10":"tag-rugby","11":"tag-rugby-football","12":"tag-sports"},"share_on_mastodon":{"url":"https:\/\/pubeurope.com\/@fr\/115138092355442530","error":""},"_links":{"self":[{"href":"https:\/\/www.europesays.com\/fr\/wp-json\/wp\/v2\/posts\/362239","targetHints":{"allow":["GET"]}}],"collection":[{"href":"https:\/\/www.europesays.com\/fr\/wp-json\/wp\/v2\/posts"}],"about":[{"href":"https:\/\/www.europesays.com\/fr\/wp-json\/wp\/v2\/types\/post"}],"author":[{"embeddable":true,"href":"https:\/\/www.europesays.com\/fr\/wp-json\/wp\/v2\/users\/2"}],"replies":[{"embeddable":true,"href":"https:\/\/www.europesays.com\/fr\/wp-json\/wp\/v2\/comments?post=362239"}],"version-history":[{"count":0,"href":"https:\/\/www.europesays.com\/fr\/wp-json\/wp\/v2\/posts\/362239\/revisions"}],"wp:featuredmedia":[{"embeddable":true,"href":"https:\/\/www.europesays.com\/fr\/wp-json\/wp\/v2\/media\/362240"}],"wp:attachment":[{"href":"https:\/\/www.europesays.com\/fr\/wp-json\/wp\/v2\/media?parent=362239"}],"wp:term":[{"taxonomy":"category","embeddable":true,"href":"https:\/\/www.europesays.com\/fr\/wp-json\/wp\/v2\/categories?post=362239"},{"taxonomy":"post_tag","embeddable":true,"href":"https:\/\/www.europesays.com\/fr\/wp-json\/wp\/v2\/tags?post=362239"}],"curies":[{"name":"wp","href":"https:\/\/api.w.org\/{rel}","templated":true}]}}