{"id":362241,"date":"2025-09-03T02:50:11","date_gmt":"2025-09-03T02:50:11","guid":{"rendered":"https:\/\/www.europesays.com\/fr\/362241\/"},"modified":"2025-09-03T02:50:11","modified_gmt":"2025-09-03T02:50:11","slug":"grace-au-forfait-de-vondrousova-sabalenka-se-hisse-demi-finale-sans-jouer","status":"publish","type":"post","link":"https:\/\/www.europesays.com\/fr\/362241\/","title":{"rendered":"gr\u00e2ce au forfait de Vondrousova, Sabalenka se hisse demi-finale sans jouer"},"content":{"rendered":"<p>La Tch\u00e8que Marketa Vondrousova a d\u00e9clar\u00e9 forfait ce mardi avant d\u2019affronter Aryna Sabalenka en quart de finale de l\u2019US Open, qui affrontera Jessica Pegula en demie.<\/p>\n<p class=\"fig-paragraph\">Un peu plus de repos. La N.1 mondiale Aryna Sabalenka s&rsquo;est qualifi\u00e9e mardi sans jouer pour les demi-finales de l&rsquo;US Open apr\u00e8s le forfait de son adversaire en quarts, la Tch\u00e8que\u00a0<a href=\"http:\/\/www.lefigaro.fr\/sports\/tennis\/us-open\/us-open-vondrousova-sort-rybakina-et-retrouvera-sabalenka-en-quart-20250901\" data-fig-type=\"NewsFlash\" data-gtm-custom-categorie=\"navigation\" data-gtm-custom-action=\"crossclick\" data-gtm-custom-label=\"Contextuel\" data-gtm-event=\"customEventSPE\" data-fig-domain=\"LEFIGARO\" rel=\"nofollow noopener\" target=\"_blank\">Marketa Vondrousova<\/a>\u00a0(60e).<\/p>\n<p class=\"fig-paragraph\">La laur\u00e9ate de l&rsquo;\u00e9dition 2023 de Wimbledon \u00abs&rsquo;est retir\u00e9e du tableau de simple en raison d&rsquo;une blessure\u00bb, ont affirm\u00e9 dans un communiqu\u00e9 de presse les organisateurs du dernier Grand Chelem de la saison. Tenante du titre \u00e0 New York, Sabalenka affrontera jeudi dans le dernier carr\u00e9 l&rsquo;Am\u00e9ricaine\u00a0<a href=\"http:\/\/www.lefigaro.fr\/sports\/tennis\/us-open\/us-open-pegula-fonce-en-demi-finale-a-domicile-20250902\" data-fig-type=\"NewsFlash\" data-gtm-custom-categorie=\"navigation\" data-gtm-custom-action=\"crossclick\" data-gtm-custom-label=\"Contextuel\" data-gtm-event=\"customEventSPE\" data-fig-domain=\"LEFIGARO\" rel=\"nofollow noopener\" target=\"_blank\">Jessica Pegula<\/a>, qu&rsquo;elle avait battue en finale en 2024.<\/p>\n<p>                                    <a class=\"fig-a11y-skip a11y-hidden\" href=\"#fig-a11y-skip-main-inarticle\"><br \/>\n        Passer la publicit\u00e9<br \/>\n    <\/a><\/p>\n<p>\u00abTerriblement d\u00e9sol\u00e9e\u00bb<\/p>\n<p class=\"fig-paragraph\">Dans une story sur Instagram, la B\u00e9larusse s\u2019est d\u00e9clar\u00e9e \u00abterriblement d\u00e9sol\u00e9e\u00bb pour la Tch\u00e8que, qui l\u2019avait domin\u00e9e en juin sur le gazon du WTA 500 de Berlin avant de remporter le tournoi. \u00abElle jouait un tennis incroyable et je sais combien cela doit lui faire mal\u00bb d\u2019\u00eatre contrainte au forfait, a \u00e9crit la N.1 mondiale, souhaitant un prompt r\u00e9tablissement \u00e0 la Tch\u00e8que.<\/p>\n<p class=\"fig-paragraph\">Finaliste de Roland-Garros en 2019 en plus de son sacre \u00e0 Wimbledon, Vondrousova avait battu deux membres du top 10 pour atteindre le deuxi\u00e8me quart de finale de sa carri\u00e8re \u00e0 New York: l\u2019Italienne Jasmine Paolini (8e) et la Kazakhe Elena Rybakina (10e).<\/p>\n<p class=\"fig-paragraph\">Op\u00e9r\u00e9e de l\u2019\u00e9paule gauche en 2024, la gauch\u00e8re tch\u00e8que de 26 ans n\u2019a disput\u00e9 aucun match officiel entre sa d\u00e9faite au premier tour de Wimbledon et la fin de la saison. Revenue sur le circuit en d\u00e9but d\u2019ann\u00e9e 2025, elle s\u2019en est \u00e0 nouveau \u00e9loign\u00e9e trois mois entre la fin f\u00e9vrier et le d\u00e9but de Roland-Garros fin mai, pour continuer \u00e0 soigner son \u00e9paule.<\/p>\n<p class=\"fig-paragraph\">Programm\u00e9 juste apr\u00e8s le match entre Sabalenka et Vondrousova, qui devait lancer la session de nuit sur le Central \u00e0 19h00 locales (01h00 \u00e0 Paris), le quart de finale entre Novak Djokovic et Taylor Fritz est d\u00e9sormais annonc\u00e9 \u00e0 20h00 locales (02h00 \u00e0 Paris).<\/p>\n","protected":false},"excerpt":{"rendered":"La Tch\u00e8que Marketa Vondrousova a d\u00e9clar\u00e9 forfait ce mardi avant d\u2019affronter Aryna Sabalenka en quart de finale de&hellip;\n","protected":false},"author":2,"featured_media":362242,"comment_status":"","ping_status":"","sticky":false,"template":"","format":"standard","meta":{"footnotes":""},"categories":[1415],"tags":[7615,1011,27,60,1467],"class_list":{"0":"post-362241","1":"post","2":"type-post","3":"status-publish","4":"format-standard","5":"has-post-thumbnail","7":"category-tennis","8":"tag-aryna-sabalenka","9":"tag-fr","10":"tag-france","11":"tag-sports","12":"tag-tennis"},"share_on_mastodon":{"url":"https:\/\/pubeurope.com\/@fr\/115138096183873701","error":""},"_links":{"self":[{"href":"https:\/\/www.europesays.com\/fr\/wp-json\/wp\/v2\/posts\/362241","targetHints":{"allow":["GET"]}}],"collection":[{"href":"https:\/\/www.europesays.com\/fr\/wp-json\/wp\/v2\/posts"}],"about":[{"href":"https:\/\/www.europesays.com\/fr\/wp-json\/wp\/v2\/types\/post"}],"author":[{"embeddable":true,"href":"https:\/\/www.europesays.com\/fr\/wp-json\/wp\/v2\/users\/2"}],"replies":[{"embeddable":true,"href":"https:\/\/www.europesays.com\/fr\/wp-json\/wp\/v2\/comments?post=362241"}],"version-history":[{"count":0,"href":"https:\/\/www.europesays.com\/fr\/wp-json\/wp\/v2\/posts\/362241\/revisions"}],"wp:featuredmedia":[{"embeddable":true,"href":"https:\/\/www.europesays.com\/fr\/wp-json\/wp\/v2\/media\/362242"}],"wp:attachment":[{"href":"https:\/\/www.europesays.com\/fr\/wp-json\/wp\/v2\/media?parent=362241"}],"wp:term":[{"taxonomy":"category","embeddable":true,"href":"https:\/\/www.europesays.com\/fr\/wp-json\/wp\/v2\/categories?post=362241"},{"taxonomy":"post_tag","embeddable":true,"href":"https:\/\/www.europesays.com\/fr\/wp-json\/wp\/v2\/tags?post=362241"}],"curies":[{"name":"wp","href":"https:\/\/api.w.org\/{rel}","templated":true}]}}