{"id":362243,"date":"2025-09-03T02:52:15","date_gmt":"2025-09-03T02:52:15","guid":{"rendered":"https:\/\/www.europesays.com\/fr\/362243\/"},"modified":"2025-09-03T02:52:15","modified_gmt":"2025-09-03T02:52:15","slug":"motogp-toprak-razgatlioglu-sur-la-grille-des-2026-un-choix-trop-precipite-selon-carlo-pernat","status":"publish","type":"post","link":"https:\/\/www.europesays.com\/fr\/362243\/","title":{"rendered":"MotoGP, Toprak Razgatlioglu sur la grille d\u00e8s 2026 : un choix trop pr\u00e9cipit\u00e9 selon Carlo Pernat"},"content":{"rendered":"<p><strong>Le transfert de Toprak Razgatlioglu en MotoGP pour 2026<br \/>\nfait d\u00e9j\u00e0 beaucoup de bruit. La star turque du WorldSBK rejoindra<br \/>\nPramac Yamaha, devenant ainsi l\u2019un des ajouts les plus<br \/>\nspectaculaires \u00e0 la grille. Mais certains, \u00e0 commencer par Carlo<br \/>\nPernat, estiment que ce saut pourrait \u00eatre pr\u00e9matur\u00e9.<\/strong><\/p>\n<p>Le c\u00e9l\u00e8bre manager italien n\u2019a pas m\u00e2ch\u00e9 ses mots dans une<br \/>\ninterview \u00e0 GPOne :<\/p>\n<p>\u00ab Personnellement, <strong>j\u2019aurais conseill\u00e9 \u00e0 Razgatlioglu<br \/>\nde reporter l\u2019arriv\u00e9e d\u2019un an<\/strong>. Il faudra voir si, en 2026,<br \/>\nil pilotera d\u00e9j\u00e0 une Yamaha projet\u00e9e pour 2027 ou encore cette<br \/>\nversion d\u00e9pass\u00e9e. <strong>J\u2019esp\u00e8re pour lui qu\u2019il a re\u00e7u les bonnes<br \/>\ngaranties<\/strong>, comme Fabio Quartararo en a certainement<br \/>\nre\u00e7u. \u00bb<\/p>\n<p>L\u2019incertitude principale r\u00e9side dans le calendrier technique de<br \/>\n<a href=\"https:\/\/www.paddock-gp.com\/motogp-fabio-quartararo-fixe-lobjectif-pour-la-nouvelle-yamaha-v4-moins-dune-demi-seconde-de-mon-au-tour-avec-lactuelle-m1\/\" target=\"_blank\" rel=\"noopener\"><br \/>\n<strong>Yamaha<\/strong><\/a> : Toprak h\u00e9ritera-t-il d\u2019une moto de<br \/>\ntransition ou b\u00e9n\u00e9ficiera-t-il d\u00e9j\u00e0 d\u2019un avant-go\u00fbt du futur<br \/>\n<a href=\"https:\/\/www.paddock-gp.com\/motogp-yamaha-2026-le-moteur-v4-est-pret-mais-la-strategie-pilote-est-en-panne-seche\/\" target=\"_blank\" rel=\"noopener\"><br \/>\n<strong>V4<\/strong><\/a> qui doit r\u00e9volutionner l\u2019usine d\u2019Iwata<br \/>\n?<\/p>\n<p>Autre paradoxe : <strong>Razgatlioglu<\/strong> fera sa premi\u00e8re<br \/>\nsaison en MotoGP avec des pneus <strong>Michelin<\/strong>, alors<br \/>\nqu\u2019il retrouvera ses chers <strong>Pirelli<\/strong> d\u00e8s 2027,<br \/>\nlorsque la discipline changera de fournisseur officiel.<\/p>\n<p><img loading=\"lazy\" decoding=\"async\" class=\"aligncenter wp-image-1324284\" src=\"https:\/\/www.europesays.com\/fr\/wp-content\/uploads\/2025\/09\/Toprak-Razgatlioglu-.jpg\" alt=\"Toprak Razgatlioglu\" width=\"808\" height=\"416\"  \/><\/p>\n<p><strong>Quelle Yamaha pour Toprak<br \/>\nRazgatlioglu en 2026\u00a0?<\/strong><\/p>\n<p>L\u2019homme qui a b\u00e2ti sa gloire sur la ma\u00eetrise des<br \/>\n<strong>Pirelli<\/strong> devra donc s\u2019adapter, puis r\u00e9apprendre un<br \/>\nan plus tard. Un risque qui pourrait freiner son acclimatation dans<br \/>\nla cat\u00e9gorie reine.<\/p>\n<p>Pendant ce temps, Yamaha joue une partie \u00e0 quitte ou double. Le<br \/>\nmoteur <strong>V4<\/strong> \u2013 une r\u00e9volution dans l\u2019ADN de la marque<br \/>\n\u2013 doit faire ses d\u00e9buts en course lors du <a href=\"https:\/\/www.paddock-gp.com\/motogp-yamaha-frappe-fort-la-m1-v4-fera-ses-debuts-en-course-a-misano\/\" target=\"_blank\" rel=\"noopener\"><br \/>\n<strong>Grand Prix de Saint-Marin<\/strong><\/a>. C\u2019est<br \/>\n<strong>Augusto Fernandez<\/strong>, pilote d\u2019essai, qui aura<br \/>\nl\u2019honneur de l\u2019inaugurer.<\/p>\n<p>Le probl\u00e8me ? En se concentrant sur ce futur moteur,<br \/>\n<strong>Yamaha<\/strong> a pratiquement d\u00e9laiss\u00e9 le d\u00e9veloppement de<br \/>\nla M1 actuelle. Une strat\u00e9gie qui ne passe pas inaper\u00e7ue dans le<br \/>\npaddock.<\/p>\n<p>L\u2019arriv\u00e9e de <strong>Razgatlioglu<\/strong> en <a href=\"https:\/\/www.motogp.com\/en\" target=\"_blank\" rel=\"noopener\">MotoGP<\/a> reste une excellente<br \/>\nnouvelle pour le spectacle, tant son style spectaculaire fascine.<br \/>\nMais son timing interroge : une ann\u00e9e de transition, une moto<br \/>\npeut-\u00eatre d\u00e9pass\u00e9e et des pneus qu\u2019il devra r\u00e9apprendre\u2026 Autant<br \/>\nd\u2019\u00e9l\u00e9ments qui pourraient transformer ce r\u00eave en un parcours sem\u00e9<br \/>\nd\u2019emb\u00fbches.<\/p>\n<p><img loading=\"lazy\" decoding=\"async\" class=\"aligncenter\" src=\"https:\/\/www.europesays.com\/fr\/wp-content\/uploads\/2025\/09\/gng_1250665_hires_0.jpg\" alt=\"Toprak Razgatlioglu\" width=\"785\" height=\"522\"\/><\/p>\n","protected":false},"excerpt":{"rendered":"Le transfert de Toprak Razgatlioglu en MotoGP pour 2026 fait d\u00e9j\u00e0 beaucoup de bruit. La star turque du&hellip;\n","protected":false},"author":2,"featured_media":362244,"comment_status":"","ping_status":"","sticky":false,"template":"","format":"standard","meta":{"footnotes":""},"categories":[1413],"tags":[1011,27,1457,1456,60],"class_list":{"0":"post-362243","1":"post","2":"type-post","3":"status-publish","4":"format-standard","5":"has-post-thumbnail","7":"category-moto","8":"tag-fr","9":"tag-france","10":"tag-moto","11":"tag-motocycle","12":"tag-sports"},"share_on_mastodon":{"url":"https:\/\/pubeurope.com\/@fr\/115138104161878165","error":""},"_links":{"self":[{"href":"https:\/\/www.europesays.com\/fr\/wp-json\/wp\/v2\/posts\/362243","targetHints":{"allow":["GET"]}}],"collection":[{"href":"https:\/\/www.europesays.com\/fr\/wp-json\/wp\/v2\/posts"}],"about":[{"href":"https:\/\/www.europesays.com\/fr\/wp-json\/wp\/v2\/types\/post"}],"author":[{"embeddable":true,"href":"https:\/\/www.europesays.com\/fr\/wp-json\/wp\/v2\/users\/2"}],"replies":[{"embeddable":true,"href":"https:\/\/www.europesays.com\/fr\/wp-json\/wp\/v2\/comments?post=362243"}],"version-history":[{"count":0,"href":"https:\/\/www.europesays.com\/fr\/wp-json\/wp\/v2\/posts\/362243\/revisions"}],"wp:featuredmedia":[{"embeddable":true,"href":"https:\/\/www.europesays.com\/fr\/wp-json\/wp\/v2\/media\/362244"}],"wp:attachment":[{"href":"https:\/\/www.europesays.com\/fr\/wp-json\/wp\/v2\/media?parent=362243"}],"wp:term":[{"taxonomy":"category","embeddable":true,"href":"https:\/\/www.europesays.com\/fr\/wp-json\/wp\/v2\/categories?post=362243"},{"taxonomy":"post_tag","embeddable":true,"href":"https:\/\/www.europesays.com\/fr\/wp-json\/wp\/v2\/tags?post=362243"}],"curies":[{"name":"wp","href":"https:\/\/api.w.org\/{rel}","templated":true}]}}