{"id":362245,"date":"2025-09-03T02:53:16","date_gmt":"2025-09-03T02:53:16","guid":{"rendered":"https:\/\/www.europesays.com\/fr\/362245\/"},"modified":"2025-09-03T02:53:16","modified_gmt":"2025-09-03T02:53:16","slug":"franco-morbidelli-renouvelle-son-contrat-avec-vr46-pour-2026","status":"publish","type":"post","link":"https:\/\/www.europesays.com\/fr\/362245\/","title":{"rendered":"Franco Morbidelli renouvelle son contrat avec VR46 pour 2026"},"content":{"rendered":"<p>Franco Morbidelli continuera \u00e0 courir pour l&rsquo;\u00e9quipe Pertamina Enduro VR46 Racing pour la saison 2026, assurant sa place aux c\u00f4t\u00e9s de Fabio Di Giannantonio . Cette nouvelle intervient apr\u00e8s un d\u00e9but en fanfare au sein de l&rsquo;\u00e9quipe, qui lui a d\u00e9j\u00e0 permis de monter sur le podium en 2025.<\/p>\n<p>Les liens entre Morbidelli et la VR46 sont profonds. Il a \u00e9t\u00e9 le premier pilote \u00e0 passer par la VR46 Riders Academy et, en 2017, il a donn\u00e9 au projet son premier titre de champion du monde en remportant le titre Moto2. Depuis qu&rsquo;il est pass\u00e9 au MotoGP, il a remport\u00e9 trois victoires en course, six podiums et a \u00e9t\u00e9 vice-champion du monde lors de la saison 2020.<\/p>\n<p>Apr\u00e8s avoir rejoint la VR46 en 2025, Morbidelli n&rsquo;a pas tard\u00e9 \u00e0 faire ses preuves. Il a d\u00e9croch\u00e9 deux podiums en Grand Prix, l&rsquo;un en Argentine et l&rsquo;autre au Qatar. Il a \u00e9galement ajout\u00e9 deux autres podiums lors des courses de sprint au Qatar et en Hongrie.<\/p>\n<p>\u00c0 propos de la reconduction de son contrat, Morbidelli a fait part \u00e0 MotoGP.com de sa satisfaction \u00e0 l&rsquo;\u00e9gard de l&rsquo;\u00e9quipe :<\/p>\n<p>\u00ab\u00a0Je ressens un v\u00e9ritable lien ici et j&rsquo;appr\u00e9cie de travailler avec chaque membre de l&rsquo;\u00e9quipe. C&rsquo;est une joie de continuer \u00e0 courir avec VR46 la saison prochaine. Nous avons d\u00e9j\u00e0 partag\u00e9 des moments extraordinaires et je pense qu&rsquo;il y en aura encore beaucoup d&rsquo;autres. Je tiens \u00e0 remercier Vale, Uccio, Pablo, tous les partenaires et la VR46 Academy pour leur confiance et leur soutien.\u00a0\u00bb<\/p>\n<p>Ce nouvel accord signifie que Morbidelli restera dans l&rsquo;\u00e9quipe pour une deuxi\u00e8me ann\u00e9e cons\u00e9cutive, sous la direction de Valentino Rossi.<\/p>\n","protected":false},"excerpt":{"rendered":"Franco Morbidelli continuera \u00e0 courir pour l&rsquo;\u00e9quipe Pertamina Enduro VR46 Racing pour la saison 2026, assurant sa place&hellip;\n","protected":false},"author":2,"featured_media":362246,"comment_status":"","ping_status":"","sticky":false,"template":"","format":"standard","meta":{"footnotes":""},"categories":[1412],"tags":[1451,1452,1453,1454,1455,1011,27,60],"class_list":{"0":"post-362245","1":"post","2":"type-post","3":"status-publish","4":"format-standard","5":"has-post-thumbnail","7":"category-f1","8":"tag-f1","9":"tag-formula-1","10":"tag-formula1","11":"tag-formule-1","12":"tag-formule1","13":"tag-fr","14":"tag-france","15":"tag-sports"},"share_on_mastodon":{"url":"https:\/\/pubeurope.com\/@fr\/115138108014426043","error":""},"_links":{"self":[{"href":"https:\/\/www.europesays.com\/fr\/wp-json\/wp\/v2\/posts\/362245","targetHints":{"allow":["GET"]}}],"collection":[{"href":"https:\/\/www.europesays.com\/fr\/wp-json\/wp\/v2\/posts"}],"about":[{"href":"https:\/\/www.europesays.com\/fr\/wp-json\/wp\/v2\/types\/post"}],"author":[{"embeddable":true,"href":"https:\/\/www.europesays.com\/fr\/wp-json\/wp\/v2\/users\/2"}],"replies":[{"embeddable":true,"href":"https:\/\/www.europesays.com\/fr\/wp-json\/wp\/v2\/comments?post=362245"}],"version-history":[{"count":0,"href":"https:\/\/www.europesays.com\/fr\/wp-json\/wp\/v2\/posts\/362245\/revisions"}],"wp:featuredmedia":[{"embeddable":true,"href":"https:\/\/www.europesays.com\/fr\/wp-json\/wp\/v2\/media\/362246"}],"wp:attachment":[{"href":"https:\/\/www.europesays.com\/fr\/wp-json\/wp\/v2\/media?parent=362245"}],"wp:term":[{"taxonomy":"category","embeddable":true,"href":"https:\/\/www.europesays.com\/fr\/wp-json\/wp\/v2\/categories?post=362245"},{"taxonomy":"post_tag","embeddable":true,"href":"https:\/\/www.europesays.com\/fr\/wp-json\/wp\/v2\/tags?post=362245"}],"curies":[{"name":"wp","href":"https:\/\/api.w.org\/{rel}","templated":true}]}}