{"id":362251,"date":"2025-09-03T02:56:11","date_gmt":"2025-09-03T02:56:11","guid":{"rendered":"https:\/\/www.europesays.com\/fr\/362251\/"},"modified":"2025-09-03T02:56:11","modified_gmt":"2025-09-03T02:56:11","slug":"apres-7-ans-damour-lactrice-chloe-grace-moretz-sest-mariee-avec-la-mannequin-kate-harrison","status":"publish","type":"post","link":"https:\/\/www.europesays.com\/fr\/362251\/","title":{"rendered":"Apr\u00e8s 7 ans d\u2019amour, l\u2019actrice Chlo\u00eb Grace Moretz s\u2019est mari\u00e9e avec la mannequin Kate Harrison"},"content":{"rendered":"<p>    Chlo\u00eb Grace Moretz.<br \/>\n                MICHAEL TRAN \/ AFP<\/p>\n<p>Si le lieu de la c\u00e9r\u00e9monie n\u2019a pas \u00e9t\u00e9 d\u00e9voil\u00e9, la star de Kick Ass a toutefois livr\u00e9 des d\u00e9tails sur les pr\u00e9paratifs.<\/p>\n<p class=\"fig-paragraph\">Les deux tourterelles ont partag\u00e9 la nouvelle sur les r\u00e9seaux sociaux. En couple depuis 2018,<a href=\"http:\/\/madame.lefigaro.fr\/celebrites\/actu-people\/chloe-grace-moretz-fait-son-coming-out-dans-un-message-de-soutien-a-kamala-harris-20241105\" target=\"_blank\" data-fig-type=\"Article\" rel=\"noopener nofollow\" data-gtm-custom-categorie=\"navigation\" data-gtm-custom-action=\"crossclick\" data-gtm-custom-label=\"Contextuel\" data-gtm-event=\"customEventSPE\" data-fig-domain=\"MADAME\">\u00a0Chlo\u00eb Grace Moretz<\/a>\u00a0et sa compagne de longue date, le mannequin Kate Harrison, se sont dit \u00aboui\u00bb, selon un post publi\u00e9 ce lundi 1er septembre. Si le lieu de la c\u00e9r\u00e9monie n\u2019a pas \u00e9t\u00e9 d\u00e9voil\u00e9, la star de Kick Ass a toutefois livr\u00e9 des d\u00e9tails sur les pr\u00e9paratifs.<\/p>\n<p class=\"fig-paragraph\">Ambassadrice de Louis Vuitton, l\u2019actrice a remerci\u00e9 Nicolas Ghesqui\u00e8re, directeur artistique des collections Femme de la maison de couture\u00a0: \u00abDire merci ne suffit m\u00eame pas, mais merci. Votre vision a rendu cette journ\u00e9e encore plus significative\u00bb, \u00e9crit-elle sur Instagram.<\/p>\n<p>                                    <a class=\"fig-a11y-skip a11y-hidden\" href=\"#fig-a11y-skip-main-inarticle\"><br \/>\n        Passer la publicit\u00e9<br \/>\n    <\/a><\/p>\n<p class=\"fig-paragraph\">\u00abLorsque nous nous sommes fianc\u00e9es, j\u2019ai tout de suite su que je voulais contacter Nicolas pour voir s\u2019il serait int\u00e9ress\u00e9 par la confection de ma robe de mari\u00e9e, assure Chlo\u00eb Grace Moretz, \u00e2g\u00e9e de 28 ans, dans la\u00a0<a href=\"https:\/\/www.instagram.com\/p\/DOENQcHiDQr\/\" target=\"_blank\" rel=\"sponsored noopener nofollow\" data-gtm-custom-categorie=\"navigation\" data-gtm-custom-action=\"crossclick\" data-gtm-custom-label=\"Contextuel\" data-gtm-event=\"customEventSPE\">vid\u00e9o<\/a>\u00a0partag\u00e9e par Vogue sur Instagram. J\u2019ai re\u00e7u une r\u00e9ponse tr\u00e8s enthousiaste de Nicolas. Il m\u2019a dit que non seulement il serait pr\u00eat \u00e0 faire ma robe de mari\u00e9e, mais qu\u2019il voulait aussi inclure Kate dans ce projet, et faire les deux robes de mari\u00e9e et nos looks d\u2019apr\u00e8s-c\u00e9r\u00e9monie.\u00bb<\/p>\n<p class=\"fig-paragraph\">Dans la vid\u00e9o partag\u00e9e par le magazine de mode, l\u2019actrice porte de longs gants bleus et un voile assorti, avec une robe \u00e0 fines bretelles et volant sur le corsage. Harrison, de son c\u00f4t\u00e9, arbore une robe blanche scintillante gr\u00e2ce \u00e0 des broderies int\u00e9grales, ainsi qu\u2019un voile \u00abcage \u00e0 oiseaux\u00bb sur le visage qui tombait long dans le dos. Les deux jeunes femmes avaient officialis\u00e9 leurs fian\u00e7ailles en janvier 2025.<\/p>\n<p>                                        <script async src=\"\/\/www.instagram.com\/embed.js\"><\/script><\/p>\n","protected":false},"excerpt":{"rendered":"Chlo\u00eb Grace Moretz. MICHAEL TRAN \/ AFP Si le lieu de la c\u00e9r\u00e9monie n\u2019a pas \u00e9t\u00e9 d\u00e9voil\u00e9, la&hellip;\n","protected":false},"author":2,"featured_media":362252,"comment_status":"","ping_status":"","sticky":false,"template":"","format":"standard","meta":{"footnotes":""},"categories":[1359],"tags":[49739,58,59,1011,27,973],"class_list":{"0":"post-362251","1":"post","2":"type-post","3":"status-publish","4":"format-standard","5":"has-post-thumbnail","7":"category-people","8":"tag-chloe-grace-moretz","9":"tag-divertissement","10":"tag-entertainment","11":"tag-fr","12":"tag-france","13":"tag-people"},"share_on_mastodon":{"url":"https:\/\/pubeurope.com\/@fr\/115138119856801391","error":""},"_links":{"self":[{"href":"https:\/\/www.europesays.com\/fr\/wp-json\/wp\/v2\/posts\/362251","targetHints":{"allow":["GET"]}}],"collection":[{"href":"https:\/\/www.europesays.com\/fr\/wp-json\/wp\/v2\/posts"}],"about":[{"href":"https:\/\/www.europesays.com\/fr\/wp-json\/wp\/v2\/types\/post"}],"author":[{"embeddable":true,"href":"https:\/\/www.europesays.com\/fr\/wp-json\/wp\/v2\/users\/2"}],"replies":[{"embeddable":true,"href":"https:\/\/www.europesays.com\/fr\/wp-json\/wp\/v2\/comments?post=362251"}],"version-history":[{"count":0,"href":"https:\/\/www.europesays.com\/fr\/wp-json\/wp\/v2\/posts\/362251\/revisions"}],"wp:featuredmedia":[{"embeddable":true,"href":"https:\/\/www.europesays.com\/fr\/wp-json\/wp\/v2\/media\/362252"}],"wp:attachment":[{"href":"https:\/\/www.europesays.com\/fr\/wp-json\/wp\/v2\/media?parent=362251"}],"wp:term":[{"taxonomy":"category","embeddable":true,"href":"https:\/\/www.europesays.com\/fr\/wp-json\/wp\/v2\/categories?post=362251"},{"taxonomy":"post_tag","embeddable":true,"href":"https:\/\/www.europesays.com\/fr\/wp-json\/wp\/v2\/tags?post=362251"}],"curies":[{"name":"wp","href":"https:\/\/api.w.org\/{rel}","templated":true}]}}