{"id":362253,"date":"2025-09-03T02:57:22","date_gmt":"2025-09-03T02:57:22","guid":{"rendered":"https:\/\/www.europesays.com\/fr\/362253\/"},"modified":"2025-09-03T02:57:22","modified_gmt":"2025-09-03T02:57:22","slug":"lart-de-bien-vieillir-photographie-par-karsten-thormaehlen-regarder-le-documentaire-complet","status":"publish","type":"post","link":"https:\/\/www.europesays.com\/fr\/362253\/","title":{"rendered":"L&rsquo;art de bien vieillir photographi\u00e9 par Karsten Thormaehlen &#8211; Regarder le documentaire complet"},"content":{"rendered":"<p class=\"ds-qcz0i0\">La beaut\u00e9 n&rsquo;est pas forc\u00e9ment le privil\u00e8ge \u00e9ph\u00e9m\u00e8re de la jeunesse. Le photographe allemand Karsten Thormaehlen en a fait son mantra : d\u00e9sormais ses mod\u00e8les sont tous au minimum centenaire. Des visages marqu\u00e9s, expressifs, remplis d&rsquo;histoires et m\u00eame de vitalit\u00e9, qu&rsquo;il a photographi\u00e9 \u00e0 travers le monde entier. Apr\u00e8s avoir fait tourner sa derni\u00e8re exposition de New York \u00e0 Tokyo, il expose dans sa r\u00e9gion de Rh\u00e9nanie Palatinat jusque d\u00e9but octobre.<\/p>\n","protected":false},"excerpt":{"rendered":"La beaut\u00e9 n&rsquo;est pas forc\u00e9ment le privil\u00e8ge \u00e9ph\u00e9m\u00e8re de la jeunesse. Le photographe allemand Karsten Thormaehlen en a&hellip;\n","protected":false},"author":2,"featured_media":362254,"comment_status":"","ping_status":"","sticky":false,"template":"","format":"standard","meta":{"footnotes":""},"categories":[1358],"tags":[1348,1384,1385,1386,58,59,1011,27],"class_list":{"0":"post-362253","1":"post","2":"type-post","3":"status-publish","4":"format-standard","5":"has-post-thumbnail","7":"category-arts-et-design","8":"tag-arts","9":"tag-arts-and-design","10":"tag-arts-et-design","11":"tag-design","12":"tag-divertissement","13":"tag-entertainment","14":"tag-fr","15":"tag-france"},"share_on_mastodon":{"url":"https:\/\/pubeurope.com\/@fr\/115138123774081211","error":""},"_links":{"self":[{"href":"https:\/\/www.europesays.com\/fr\/wp-json\/wp\/v2\/posts\/362253","targetHints":{"allow":["GET"]}}],"collection":[{"href":"https:\/\/www.europesays.com\/fr\/wp-json\/wp\/v2\/posts"}],"about":[{"href":"https:\/\/www.europesays.com\/fr\/wp-json\/wp\/v2\/types\/post"}],"author":[{"embeddable":true,"href":"https:\/\/www.europesays.com\/fr\/wp-json\/wp\/v2\/users\/2"}],"replies":[{"embeddable":true,"href":"https:\/\/www.europesays.com\/fr\/wp-json\/wp\/v2\/comments?post=362253"}],"version-history":[{"count":0,"href":"https:\/\/www.europesays.com\/fr\/wp-json\/wp\/v2\/posts\/362253\/revisions"}],"wp:featuredmedia":[{"embeddable":true,"href":"https:\/\/www.europesays.com\/fr\/wp-json\/wp\/v2\/media\/362254"}],"wp:attachment":[{"href":"https:\/\/www.europesays.com\/fr\/wp-json\/wp\/v2\/media?parent=362253"}],"wp:term":[{"taxonomy":"category","embeddable":true,"href":"https:\/\/www.europesays.com\/fr\/wp-json\/wp\/v2\/categories?post=362253"},{"taxonomy":"post_tag","embeddable":true,"href":"https:\/\/www.europesays.com\/fr\/wp-json\/wp\/v2\/tags?post=362253"}],"curies":[{"name":"wp","href":"https:\/\/api.w.org\/{rel}","templated":true}]}}