{"id":362257,"date":"2025-09-03T02:59:10","date_gmt":"2025-09-03T02:59:10","guid":{"rendered":"https:\/\/www.europesays.com\/fr\/362257\/"},"modified":"2025-09-03T02:59:10","modified_gmt":"2025-09-03T02:59:10","slug":"ca-ma-fait-mal-kenny-johnson-lofficier-dominique-luca-se-confie-sur-son-depart-de-s-w-a-t-apres-7-saisons-et-130-episodes","status":"publish","type":"post","link":"https:\/\/www.europesays.com\/fr\/362257\/","title":{"rendered":"\u00ab\u00a0\u00c7a m&rsquo;a fait mal\u00a0\u00bb : Kenny Johnson (L&rsquo;officier Dominique Luca) se confie sur son d\u00e9part de \u00ab\u00a0S.W.A.T.\u00a0\u00bb apr\u00e8s 7 saisons et 130 \u00e9pisodes"},"content":{"rendered":"<p>La suite apr\u00e8s la publicit\u00e9<\/p>\n<p>Ce mardi 2 septembre, TF1 poursuit la diffusion de la septi\u00e8me et avant-derni\u00e8re saison de \u00ab\u00a0S.W.A.T\u00a0\u00bb. Mais l&rsquo;\u00e9pisode 7, intitul\u00e9 \u00ab\u00a0Fin de service\u00a0\u00bb et diffus\u00e9e au printemps dernier aux \u00c9tats-Unis, marque un tournant pour les fans : il voit le d\u00e9part de Dominique Luca, incarn\u00e9 par Kenny Johnson depuis 2017. Apr\u00e8s plus de 130 \u00e9pisodes, l&rsquo;acteur a fait ses adieux \u00e0 son personnage dans une intrigue aussi \u00e9mouvante qu&rsquo;inattendue.<\/p>\n<p>\u00a0\u00ab\u00a0Je perdais ces amis avec lesquels j&rsquo;\u00e9tais li\u00e9 depuis six ans\u00a0\u00bb<\/p>\n<p>Dans les bandes-annonces de la s\u00e9rie, la cha\u00eene am\u00e9ricaine CBS laissait entendre que l\u2019officier Dominique Luca avait \u00e9t\u00e9 tu\u00e9 en service. Un teaser avait suscit\u00e9 l\u2019inqui\u00e9tude des fans, redoutant la disparition du personnage, qui avait une place centrale dans la s\u00e9rie depuis ses d\u00e9buts. Son d\u00e9part n&rsquo;est pour autant pas une immense surprise, puisque Kenny Johnson a \u00e9t\u00e9 r\u00e9trograd\u00e9 au rang de \u00ab\u00a0r\u00f4le r\u00e9current\u00a0\u00bb pour la septi\u00e8me saison du drame.<\/p>\n<p>Mais ses adieux ne vont pas laisser indiff\u00e9rents. <strong>Attention, spoilers : <\/strong>dans cet \u00e9pisode 7, diffus\u00e9 le 5 avril outre-Atlantique, Luca survit \u00e0 un assaut au cours duquel il est gravement bless\u00e9. Si la bande-annonce avait laiss\u00e9 craindre sa mort, la v\u00e9rit\u00e9 est plus nuanc\u00e9e : un diagnostic m\u00e9dical tombe quelques semaines plus tard. Des l\u00e9sions nerveuses irr\u00e9versibles \u00e0 l&rsquo;\u00e9paule l&#8217;emp\u00eachent de reprendre le service actif. Refusant un poste administratif, l&rsquo;officier choisit la retraite, lors d&rsquo;une c\u00e9r\u00e9monie d&rsquo;adieux poignante entour\u00e9 de son \u00e9quipe.<\/p>\n<p>Dans une interview accord\u00e9e \u00e0 \u00ab\u00a0TV Line\u00a0\u00bb, Kenny Johnson est revenu sur ce moment d\u00e9chirant. \u00ab\u00a0Oh mon Dieu\u2026 Juste regarder Jay [Harrington], David [Lim], Anna [Enger Ritch] ou Odie [Gallop]\u2026 Le regard qu&rsquo;ils avaient, parce qu&rsquo;ils savaient ce que cela signifiait\u2026 Nous avons tous \u00e9t\u00e9 si proches pendant toutes ces ann\u00e9es. Chaque fois que je les regardais, c&rsquo;\u00e9tait dur, parce que c&rsquo;\u00e9tait Luca qui partait, mais pour moi, je perdais ces amis avec lesquels j&rsquo;\u00e9tais li\u00e9 depuis six ans. \u00c7a m&rsquo;a fait mal. C&rsquo;\u00e9tait un au revoir, mais aussi un &lsquo;je vous aime&rsquo; \u00e0 tout le monde.\u00a0\u00bb<\/p>\n<p>L&rsquo;\u00e9motion de l&rsquo;acteur s&rsquo;explique d&rsquo;autant plus que la s\u00e9rie elle-m\u00eame revient de loin. D\u00e9j\u00e0 annul\u00e9e en 2023 apr\u00e8s six saisons, \u00ab\u00a0S.W.A.T.\u00a0\u00bb avait b\u00e9n\u00e9fici\u00e9 d&rsquo;un incroyable revirement, obtenant une septi\u00e8me puis une huiti\u00e8me saison. Mais cette fois, le miracle n&rsquo;aura pas lieu : CBS a confirm\u00e9 que la fiction prendra d\u00e9finitivement fin en mai 2025, \u00e0 l&rsquo;issue de sa saison 8.<\/p>\n<p><a href=\"https:\/\/www.ozap.com\/actu\/tracker-tf1-annonce-la-date-de-lancement-de-sa-nouvelle-serie-americaine-evenement-avec-justin-hartley-this-is-us\/651125\" rel=\"nofollow noopener\" target=\"_blank\"><strong>\u00c0 LIRE AUSSI : \u00ab\u00a0Tracker\u00a0\u00bb : TF1 annonce la date de lancement de sa nouvelle s\u00e9rie am\u00e9ricaine \u00e9v\u00e9nement avec Justin Hartley (\u00ab\u00a0This is Us\u00a0\u00bb)<\/strong><\/a><\/p>\n<p>Shemar Moore, figure centrale du show, a promis un final \u00ab\u00a0spectaculaire\u00a0\u00bb, pens\u00e9 \u00e0 la fois comme une conclusion et une ouverture possible. De son c\u00f4t\u00e9, le showrunner Andrew Dettmann a confi\u00e9 que travailler huit ans avec une \u00e9quipe aussi soud\u00e9e avait \u00e9t\u00e9 \u00ab\u00a0un immense plaisir\u00a0\u00bb.\u00a0<\/p>\n<p>Pour les t\u00e9l\u00e9spectateurs fran\u00e7ais, la saison 7 actuellement diffus\u00e9e sur TF1 sera donc marqu\u00e9e par le d\u00e9part de Luca, avant que la saison 8, attendue en 2024\/2025, ne vienne clore d\u00e9finitivement l&rsquo;aventure.<\/p>\n","protected":false},"excerpt":{"rendered":"La suite apr\u00e8s la publicit\u00e9 Ce mardi 2 septembre, TF1 poursuit la diffusion de la septi\u00e8me et avant-derni\u00e8re&hellip;\n","protected":false},"author":2,"featured_media":362258,"comment_status":"","ping_status":"","sticky":false,"template":"","format":"standard","meta":{"footnotes":""},"categories":[1356],"tags":[58,59,1011,27,252,1364],"class_list":{"0":"post-362257","1":"post","2":"type-post","3":"status-publish","4":"format-standard","5":"has-post-thumbnail","7":"category-television","8":"tag-divertissement","9":"tag-entertainment","10":"tag-fr","11":"tag-france","12":"tag-television","13":"tag-tv"},"share_on_mastodon":{"url":"https:\/\/pubeurope.com\/@fr\/115138131647242103","error":""},"_links":{"self":[{"href":"https:\/\/www.europesays.com\/fr\/wp-json\/wp\/v2\/posts\/362257","targetHints":{"allow":["GET"]}}],"collection":[{"href":"https:\/\/www.europesays.com\/fr\/wp-json\/wp\/v2\/posts"}],"about":[{"href":"https:\/\/www.europesays.com\/fr\/wp-json\/wp\/v2\/types\/post"}],"author":[{"embeddable":true,"href":"https:\/\/www.europesays.com\/fr\/wp-json\/wp\/v2\/users\/2"}],"replies":[{"embeddable":true,"href":"https:\/\/www.europesays.com\/fr\/wp-json\/wp\/v2\/comments?post=362257"}],"version-history":[{"count":0,"href":"https:\/\/www.europesays.com\/fr\/wp-json\/wp\/v2\/posts\/362257\/revisions"}],"wp:featuredmedia":[{"embeddable":true,"href":"https:\/\/www.europesays.com\/fr\/wp-json\/wp\/v2\/media\/362258"}],"wp:attachment":[{"href":"https:\/\/www.europesays.com\/fr\/wp-json\/wp\/v2\/media?parent=362257"}],"wp:term":[{"taxonomy":"category","embeddable":true,"href":"https:\/\/www.europesays.com\/fr\/wp-json\/wp\/v2\/categories?post=362257"},{"taxonomy":"post_tag","embeddable":true,"href":"https:\/\/www.europesays.com\/fr\/wp-json\/wp\/v2\/tags?post=362257"}],"curies":[{"name":"wp","href":"https:\/\/api.w.org\/{rel}","templated":true}]}}