{"id":362259,"date":"2025-09-03T03:00:14","date_gmt":"2025-09-03T03:00:14","guid":{"rendered":"https:\/\/www.europesays.com\/fr\/362259\/"},"modified":"2025-09-03T03:00:14","modified_gmt":"2025-09-03T03:00:14","slug":"son-nouveau-single-a-ete-refuse-par-une-eleve-de-la-star-academy","status":"publish","type":"post","link":"https:\/\/www.europesays.com\/fr\/362259\/","title":{"rendered":"son nouveau single a \u00e9t\u00e9 refus\u00e9 par une \u00e9l\u00e8ve de la \u00ab\u00a0Star Academy\u00a0\u00bb"},"content":{"rendered":"<p><img decoding=\"async\" src=\"https:\/\/www.europesays.com\/fr\/wp-content\/uploads\/2025\/09\/photo_1756738015.jpg\" class=\"textcenter img-content\" loading=\"lazy\"\/>Capture YouTube<br \/>\n<br \/>\nR\u00e9p\u00e9titrice puis professeure d&rsquo;expression sc\u00e9nique \u00e0 la \u00ab\u00a0Star Academy\u00a0\u00bb, Marl\u00e8ne Schaff a pass\u00e9 des derniers mois difficiles <a href=\"https:\/\/www.chartsinfrance.net\/Star-Academy\/news-131950.html\" target=\"_blank\" class=\"spip_out\" rel=\"nofollow noopener\">en raison de probl\u00e8mes de sant\u00e9<\/a>. La chanteuse et coach vocal a \u00e9t\u00e9 contrainte de reporter le lancement de son spectacle afin de remonter la pente. \u00ab Depuis plus de trois mois maintenant, se sont invit\u00e9es chez moi plusieurs infections dans la zone ORL. Tout cela a affect\u00e9 ma voix, ma respiration et mon ou\u00efe. Mes oreilles sont ma boussole, la plupart du temps, j&rsquo;entends trop et depuis deux mois, je n&rsquo;entends presque plus rien. Tout cela m&rsquo;isole beaucoup, et ce n&rsquo;est pas top pour le moral \u00bb expliquait-elle, en plein calvaire. Aujourd&rsquo;hui, celle qui attend <a href=\"https:\/\/www.chartsinfrance.net\/Star-Academy\/news-133642.html\" target=\"_blank\" class=\"spip_out\" rel=\"nofollow noopener\">une r\u00e9ponse de la \u00ab\u00a0Star Academy\u00a0\u00bb pour la prochaine saison<\/a> veut aller de l&rsquo;avant et propose son nouveau single \u00ab\u00a0M\u00eame pas peur\u00a0\u00bb.<\/p>\n<p>Le player Dailymotion est en train de se charger&#8230;<\/p>\n<p>\u00ab\u00a0Lucie a r\u00e9\u00e9crit les paroles pour moi\u00a0\u00bb<br \/>\n\u00ab Ces derniers mois ont \u00e9t\u00e9 difficiles, et j&rsquo;ai eu tr\u00e8s peur de perdre ma flamme. Mais m\u00eame quand les murs se referment sur nous, que l&rsquo;on devient poreux aux avis non sollicit\u00e9s, que plus rien n&rsquo;a de sens, et que m\u00eame l&rsquo;envie a quitt\u00e9 le navire, on peut toujours ranimer un feu s&rsquo;il reste des \u00e9tincelles dans le noir du tison \u00bb explique Marl\u00e8ne Schaff, qui s&rsquo;est r\u00e9p\u00e9t\u00e9e \u00ab\u00a0M\u00eame pas peur\u00a0\u00bb \u00ab pour conjurer le sort \u00bb. Un titre qu&rsquo;elle a \u00e9crit et compos\u00e9 avec son amie Lucie Bernardoni et qui avait \u00e9t\u00e9 propos\u00e9 \u00e0 L\u00e9nie, ancienne candidate de \u00ab\u00a0Star Academy\u00a0\u00bb, \u00e0 l&rsquo;origine ! \u00ab Mais L\u00e9nie est partie sur plein d&rsquo;autres choses. Et moi, j&rsquo;ai repens\u00e9 \u00e0 ce morceau que j&rsquo;aimais beaucoup. Je trouvais dommage qu&rsquo;il n&rsquo;existe pas. J&rsquo;en ai reparl\u00e9 \u00e0 Lucie, je lui ai dit que j&rsquo;avais envie de l&rsquo;int\u00e9grer dans mon spectacle, et elle a r\u00e9\u00e9crit les paroles pour moi \u00bb r\u00e9v\u00e8le Marl\u00e8ne Schaff, qui propose l\u00e0 une ballade qui fait la part belle \u00e0 sa puissance vocale.<\/p>\n<p>\u00ab M\u00eame pas peur \/ D&rsquo;\u00e9corcher mes genoux en tombant de partout \/ J&rsquo;me rel\u00e8verai sans cesse \/ Alea jacta est \u00bb lance-t-elle sur le refrain de cette chanson intime, qui s&rsquo;accompagne d&rsquo;un clip avec Magali Saby, une danseuse en fauteuil. Ce titre sera donc inclus dans le spectacle de Marl\u00e8ne Schaff, \u00ab\u00a0A Queen Is Born\u00a0\u00bb, o\u00f9 elle campe le personnage de Petra, son alter ego drag queen. Son retour sur sc\u00e8ne est pr\u00e9vu d\u00e9but 2026 !<\/p>\n","protected":false},"excerpt":{"rendered":"Capture YouTube R\u00e9p\u00e9titrice puis professeure d&rsquo;expression sc\u00e9nique \u00e0 la \u00ab\u00a0Star Academy\u00a0\u00bb, Marl\u00e8ne Schaff a pass\u00e9 des derniers mois&hellip;\n","protected":false},"author":2,"featured_media":362260,"comment_status":"","ping_status":"","sticky":false,"template":"","format":"standard","meta":{"footnotes":""},"categories":[1355],"tags":[58,59,1011,27,1361,873],"class_list":{"0":"post-362259","1":"post","2":"type-post","3":"status-publish","4":"format-standard","5":"has-post-thumbnail","7":"category-musique","8":"tag-divertissement","9":"tag-entertainment","10":"tag-fr","11":"tag-france","12":"tag-music","13":"tag-musique"},"share_on_mastodon":{"url":"https:\/\/pubeurope.com\/@fr\/115138135868990643","error":""},"_links":{"self":[{"href":"https:\/\/www.europesays.com\/fr\/wp-json\/wp\/v2\/posts\/362259","targetHints":{"allow":["GET"]}}],"collection":[{"href":"https:\/\/www.europesays.com\/fr\/wp-json\/wp\/v2\/posts"}],"about":[{"href":"https:\/\/www.europesays.com\/fr\/wp-json\/wp\/v2\/types\/post"}],"author":[{"embeddable":true,"href":"https:\/\/www.europesays.com\/fr\/wp-json\/wp\/v2\/users\/2"}],"replies":[{"embeddable":true,"href":"https:\/\/www.europesays.com\/fr\/wp-json\/wp\/v2\/comments?post=362259"}],"version-history":[{"count":0,"href":"https:\/\/www.europesays.com\/fr\/wp-json\/wp\/v2\/posts\/362259\/revisions"}],"wp:featuredmedia":[{"embeddable":true,"href":"https:\/\/www.europesays.com\/fr\/wp-json\/wp\/v2\/media\/362260"}],"wp:attachment":[{"href":"https:\/\/www.europesays.com\/fr\/wp-json\/wp\/v2\/media?parent=362259"}],"wp:term":[{"taxonomy":"category","embeddable":true,"href":"https:\/\/www.europesays.com\/fr\/wp-json\/wp\/v2\/categories?post=362259"},{"taxonomy":"post_tag","embeddable":true,"href":"https:\/\/www.europesays.com\/fr\/wp-json\/wp\/v2\/tags?post=362259"}],"curies":[{"name":"wp","href":"https:\/\/api.w.org\/{rel}","templated":true}]}}