{"id":36226,"date":"2025-04-19T10:09:18","date_gmt":"2025-04-19T10:09:18","guid":{"rendered":"https:\/\/www.europesays.com\/fr\/36226\/"},"modified":"2025-04-19T10:09:18","modified_gmt":"2025-04-19T10:09:18","slug":"influenceurs-lyonnais-annarvr-grandir-avec-youtube","status":"publish","type":"post","link":"https:\/\/www.europesays.com\/fr\/36226\/","title":{"rendered":"Influenceurs Lyonnais. Annarvr, grandir avec Youtube"},"content":{"rendered":"<p>\t\t\t\t<img fetchpriority=\"high\" decoding=\"async\" width=\"900\" height=\"619\" src=\"https:\/\/www.europesays.com\/fr\/wp-content\/uploads\/2025\/04\/Annarvr-Contre-soiree-Tour-2.jpeg\" alt=\"\" title=\"Annarvr Contre-soir\u00e9e Tour- 2\"   class=\"wp-image-158281\"\/><\/p>\n<p style=\"font-weight: 400;\"><strong>Texte : Margaux Nourry \u2013<\/strong> Elle fait partie de ceux qui ont grandi avec YouTube. \u00ab\u00a0Au coll\u00e8ge, je r\u00eavais devant les vid\u00e9os de youtubeuse beaut\u00e9. Je n\u2019avais rien \u00e0 faire d\u2019autre, raconte Anna. Partager son quotidien me plaisait.\u00a0\u00bb Elle d\u00e9cide de passer du r\u00eave \u00e0 la r\u00e9alit\u00e9 lorsqu\u2019elle re\u00e7oit une cam\u00e9ra \u00e0 No\u00ebl.<\/p>\n<p style=\"font-weight: 400;\">L\u2019adolescente de 13 ans commence par filmer ses vacances et des tutos. Un hobby, avant de devenir un m\u00e9tier. \u00ab\u00a0Au lyc\u00e9e, les r\u00e9seaux sociaux ont pris une place importante, j\u2019ai grandi avec eux, poursuit-elle. J\u2019ai toujours aim\u00e9 raconter ma vie.\u00a0\u00bb<\/p>\n<p style=\"font-weight: 400;\">Et c\u2019est peut-\u00eatre ce qui fait la diff\u00e9rence aujourd\u2019hui, cette authenticit\u00e9\u00a0: \u00ab\u00a0Je n\u2019avais aucune strat\u00e9gie en commen\u00e7ant. J\u2019ai tr\u00e8s peu de filtre, je parle comme avec une copine.\u00a0\u00bb Sa communaut\u00e9 l\u2019a vu grandir, \u00e9voluer \u00e0 travers ses diff\u00e9rentes facettes, \u00ab\u00a0de la fiesta au jus vert\u00a0\u00bb.<\/p>\n<p><a href=\"https:\/\/www.lyonpeople.com\/?attachment_id=158282\" rel=\"attachment wp-att-158282 nofollow noopener\" target=\"_blank\"><img loading=\"lazy\" decoding=\"async\" class=\"lazy lazy-hidden  wp-image-158282 alignright\" data-lazy-type=\"image\" src=\"https:\/\/www.europesays.com\/fr\/wp-content\/uploads\/2025\/04\/IMG_3413.jpg\" alt=\"\" width=\"423\" height=\"527\"\/><\/a><\/p>\n<p style=\"font-weight: 400;\">Un Bachelor et un Master en communication en poche et quelques ann\u00e9es plus tard, Anna vit des r\u00e9seaux sociaux. Aujourd\u2019hui elle se consacre davantage \u00e0 Instagram et \u00e0 sa derni\u00e8re cr\u00e9ation\u2026 son podcast Contre-soir\u00e9e, class\u00e9 143e en France.<\/p>\n<p style=\"font-weight: 400;\">\u00ab\u00a0C\u2019est l\u2019\u00e9volution de comment je parlais aux gens quand j\u2019avais 14 ans\u00a0\u00bb, d\u00e9crit la jeune femme. Un projet sur lequel elle s\u2019investit le plus avec l\u2019ambition de proposer plus de rendez-vous avec son public, comme sa tourn\u00e9e, Contre Soir\u00e9e Tour.<\/p>\n<p style=\"font-weight: 400;\">Mais cette \u00e9volution n\u2019a pas \u00e9t\u00e9 de tout repos. Commencer un m\u00e9tier d\u2019image \u00e0 seulement 13 ans, dans la jungle du coll\u00e8ge, demande du courage pour affronter le regard des autres.<\/p>\n<p style=\"font-weight: 400;\">Un jugement qui persiste encore aujourd\u2019hui. A la diff\u00e9rence que, maintenant, elle arrive \u00e0 prendre du recul gr\u00e2ce \u00e0 un entourage ext\u00e9rieur au milieu de l\u2019influence.<\/p>\n<p style=\"font-weight: 400;\">Ces difficult\u00e9s sont en r\u00e9alit\u00e9 des le\u00e7ons et apprentissages. Tout est une question de point de vue pour voir le positif. \u00ab\u00a0Je suis reconnaissante pour tout ce que j\u2019ai v\u00e9cu quand j\u2019avais 20 ans, t\u00e9moigne Anna. Je ne me rendais pas compte \u00e0 l\u2019\u00e9poque \u00e0 quel point c\u2019\u00e9tait exceptionnel.\u00a0\u00bb C\u2019est sa voie, sa vocation. \u00ab\u00a0J\u2019ai 1 000 id\u00e9es \u00e0 la seconde alors c\u2019est l\u2019endroit parfait pour r\u00e9aliser mes r\u00eaves d\u2019adulte et m\u2019autoriser \u00e0 de la folie dans mes projets.\u00a0\u00bb<\/p>\n<p style=\"font-weight: 400;\">En revanche, \u00e0 bient\u00f4t 30 ans, Anna envisage de red\u00e9finir son activit\u00e9, pour un meilleur \u00e9quilibre entre vie pro et perso. \u00ab\u00a0Il y a certains aspects que je veux garder pour moi, notamment depuis que je suis en couple. Et j\u2019aimerais que mon visage ne soit plus au centre de mon m\u00e9tier. \u00bb Tout en nuan\u00e7ant\u00a0: \u00ab\u00a0Mais il s\u2019agit d\u2019une \u00e9volution sur le tr\u00e8s long terme. Pour le moment, j\u2019arrive \u00e0 m\u2019exprimer sur ce qui parle \u00e0 tout le monde sans d\u00e9voiler mon intimit\u00e9.\u00a0\u00bb<\/p>\n<p style=\"font-weight: 400;\"><strong>Abonn\u00e9s\u00a0: Instagram \u2013 465K \/ TikTok\u00a0: 134,1K \/ YouTube\u00a0: 589K<\/strong><\/p>\n","protected":false},"excerpt":{"rendered":"Texte : Margaux Nourry \u2013 Elle fait partie de ceux qui ont grandi avec YouTube. \u00ab\u00a0Au coll\u00e8ge, je&hellip;\n","protected":false},"author":2,"featured_media":36227,"comment_status":"","ping_status":"","sticky":false,"template":"","format":"standard","meta":{"footnotes":""},"categories":[1889],"tags":[4257,1111,47,11,11673,2430,1777,674,1011,27,2480,2428,12,25],"class_list":{"0":"post-36226","1":"post","2":"type-post","3":"status-publish","4":"format-standard","5":"has-post-thumbnail","7":"category-lyon","8":"tag-0top","9":"tag-actu","10":"tag-actualite","11":"tag-actualites","12":"tag-annarvr","13":"tag-auvergne-rhone-alpes","14":"tag-eu","15":"tag-europe","16":"tag-fr","17":"tag-france","18":"tag-influenceurs","19":"tag-lyon","20":"tag-news","21":"tag-republique-francaise"},"share_on_mastodon":{"url":"https:\/\/pubeurope.com\/@fr\/114364085990166014","error":""},"_links":{"self":[{"href":"https:\/\/www.europesays.com\/fr\/wp-json\/wp\/v2\/posts\/36226","targetHints":{"allow":["GET"]}}],"collection":[{"href":"https:\/\/www.europesays.com\/fr\/wp-json\/wp\/v2\/posts"}],"about":[{"href":"https:\/\/www.europesays.com\/fr\/wp-json\/wp\/v2\/types\/post"}],"author":[{"embeddable":true,"href":"https:\/\/www.europesays.com\/fr\/wp-json\/wp\/v2\/users\/2"}],"replies":[{"embeddable":true,"href":"https:\/\/www.europesays.com\/fr\/wp-json\/wp\/v2\/comments?post=36226"}],"version-history":[{"count":0,"href":"https:\/\/www.europesays.com\/fr\/wp-json\/wp\/v2\/posts\/36226\/revisions"}],"wp:featuredmedia":[{"embeddable":true,"href":"https:\/\/www.europesays.com\/fr\/wp-json\/wp\/v2\/media\/36227"}],"wp:attachment":[{"href":"https:\/\/www.europesays.com\/fr\/wp-json\/wp\/v2\/media?parent=36226"}],"wp:term":[{"taxonomy":"category","embeddable":true,"href":"https:\/\/www.europesays.com\/fr\/wp-json\/wp\/v2\/categories?post=36226"},{"taxonomy":"post_tag","embeddable":true,"href":"https:\/\/www.europesays.com\/fr\/wp-json\/wp\/v2\/tags?post=36226"}],"curies":[{"name":"wp","href":"https:\/\/api.w.org\/{rel}","templated":true}]}}