{"id":362261,"date":"2025-09-03T03:01:29","date_gmt":"2025-09-03T03:01:29","guid":{"rendered":"https:\/\/www.europesays.com\/fr\/362261\/"},"modified":"2025-09-03T03:01:29","modified_gmt":"2025-09-03T03:01:29","slug":"critique-de-venise-bugonia-de-yorgos-lanthimos-les-complotistes-ont-le-vent-en-poupe","status":"publish","type":"post","link":"https:\/\/www.europesays.com\/fr\/362261\/","title":{"rendered":"Critique de Venise &#8211; \u00ab\u00a0Bugonia\u00a0\u00bb de Yorgos Lanthimos\u00a0: les complotistes ont le vent en poupe"},"content":{"rendered":"<p>Yorgos Lanthimos a pr\u00e9sent\u00e9 le remake du film sud-cor\u00e9en \u00ab\u00a0Save the Green Planet\u00a0!\u00a0\u00bb \u00e0 Venise. Et c\u2019est un excellent candidat pour le Lion d\u2019Or.<\/p>\n<p>Tout commence presque comme une farce\u00a0: deux hommes s\u2019organisent pour enlever et s\u00e9questrer une businesswoman \u00e0 la t\u00eate\u00a0d\u2019une soci\u00e9t\u00e9 pharmaceutique mondiale, persuad\u00e9s qu\u2019elle est, en r\u00e9alit\u00e9, un extraterrestre qui a l\u2019intention de d\u00e9truire la Terre\u2026 Mais tr\u00e8s vite, le rire devient jaune et une forme de claustrophobie s\u2019installe. Derri\u00e8re des \u00e9changes absurdes se cache une angoisse bien r\u00e9elle\u00a0: celle de notre \u00e9poque, satur\u00e9e de complots, de m\u00e9fiance et d\u2019algorithmes.<\/p>\n<p>Dans ce huis clos compl\u00e8tement d\u00e9lirant, Emma Stone &#8211; bluffante avec son cr\u00e2ne ras\u00e9 &#8211; incarne Michelle Fuller, une cheffe d\u2019entreprise gla\u00e7ante, magn\u00e9tique, presque irr\u00e9elle. Face \u00e0 elle, Jesse Plemons, un apiculteur lunatique dont la parano\u00efa devient contagieuse, et Aidan Delbis &#8211; \u00e0 ce jour m\u00e9connu du public &#8211; son cousin aussi fragile que na\u00eff. La maison o\u00f9 se d\u00e9roule l\u2019essentiel de l\u2019action est baign\u00e9e dans une lumi\u00e8re chirurgicale, cadr\u00e9e avec une pr\u00e9cision math\u00e9matique. Elle devient le c\u0153ur d\u2019un combat entre v\u00e9rit\u00e9 et croyance, et o\u00f9 le rationnel fr\u00f4le le d\u00e9lire.<\/p>\n<p>    La suite apr\u00e8s cette publicit\u00e9<\/p>\n<p>Emma Stone et Jesse Plemons, un duo incandescent<\/p>\n<p>C\u2019est peut-\u00eatre \u00e7a, au fond, qui rend le film si pr\u00e9cieux\u00a0: cette capacit\u00e9 \u00e0 rendre l\u2019absurde familier. Ce que Yorgos Lanthimos nous montre ici, derri\u00e8re ses personnages grotesques et ses plans froidement compos\u00e9s, c\u2019est bien nous. Avec nos peurs, nos fantasmes et notre besoin d\u00e9sesp\u00e9r\u00e9 de croire \u00e0 quelque chose, n\u2019importe quoi, pourvu que ce soit diff\u00e9rent. \u00ab Bugonia \u00bb\u00a0est d\u2019ailleurs coproduit par\u00a0Ari Aster, dont le dernier film <a href=\"https:\/\/www.parismatch.com\/culture\/cinema\/critique-de-cannes-eddington-dari-aster-bas-les-masques-251505\" rel=\"nofollow noopener\" target=\"_blank\">\u00ab\u00a0Eddington\u00a0\u00bb s\u2019aventurait d\u00e9j\u00e0 dans\u00a0les m\u00e9andres du complotisme<\/a>.<\/p>\n<p>    La suite apr\u00e8s cette publicit\u00e9<\/p>\n<p>Emma Stone et Jesse Plemons forment un duo incandescent. Apr\u00e8s leur performance dans \u00ab\u00a0Kinds of Kindness\u00a0\u00bb, ils se retrouvent \u00e0 l\u2019\u00e9cran avec une alchimie tout simplement parfaite. Derri\u00e8re la cam\u00e9ra aussi, on retrouve les fid\u00e8les de Lanthimos\u00a0: la photographie de Robbie Ryan, la musique de Jerskin Fendrix. Certains choix sc\u00e9naristiques laissent perplexe (notamment dans la derni\u00e8re partie) mais \u00ab\u00a0Bugonia\u00a0\u00bb n\u2019a pas vocation \u00e0 rassurer.<\/p>\n<p><strong>\u00ab\u00a0Bugonia\u00a0\u00bb de Yorgos Lanthimos (4\/5)<\/strong>, sortie le 26\u00a0novembre au cin\u00e9ma.<\/p>\n","protected":false},"excerpt":{"rendered":"Yorgos Lanthimos a pr\u00e9sent\u00e9 le remake du film sud-cor\u00e9en \u00ab\u00a0Save the Green Planet\u00a0!\u00a0\u00bb \u00e0 Venise. Et c\u2019est un&hellip;\n","protected":false},"author":2,"featured_media":362262,"comment_status":"","ping_status":"","sticky":false,"template":"","format":"standard","meta":{"footnotes":""},"categories":[1354],"tags":[58,59,1346,1011,27,1360],"class_list":{"0":"post-362261","1":"post","2":"type-post","3":"status-publish","4":"format-standard","5":"has-post-thumbnail","7":"category-films","8":"tag-divertissement","9":"tag-entertainment","10":"tag-films","11":"tag-fr","12":"tag-france","13":"tag-movies"},"share_on_mastodon":{"url":"https:\/\/pubeurope.com\/@fr\/115138139551379317","error":""},"_links":{"self":[{"href":"https:\/\/www.europesays.com\/fr\/wp-json\/wp\/v2\/posts\/362261","targetHints":{"allow":["GET"]}}],"collection":[{"href":"https:\/\/www.europesays.com\/fr\/wp-json\/wp\/v2\/posts"}],"about":[{"href":"https:\/\/www.europesays.com\/fr\/wp-json\/wp\/v2\/types\/post"}],"author":[{"embeddable":true,"href":"https:\/\/www.europesays.com\/fr\/wp-json\/wp\/v2\/users\/2"}],"replies":[{"embeddable":true,"href":"https:\/\/www.europesays.com\/fr\/wp-json\/wp\/v2\/comments?post=362261"}],"version-history":[{"count":0,"href":"https:\/\/www.europesays.com\/fr\/wp-json\/wp\/v2\/posts\/362261\/revisions"}],"wp:featuredmedia":[{"embeddable":true,"href":"https:\/\/www.europesays.com\/fr\/wp-json\/wp\/v2\/media\/362262"}],"wp:attachment":[{"href":"https:\/\/www.europesays.com\/fr\/wp-json\/wp\/v2\/media?parent=362261"}],"wp:term":[{"taxonomy":"category","embeddable":true,"href":"https:\/\/www.europesays.com\/fr\/wp-json\/wp\/v2\/categories?post=362261"},{"taxonomy":"post_tag","embeddable":true,"href":"https:\/\/www.europesays.com\/fr\/wp-json\/wp\/v2\/tags?post=362261"}],"curies":[{"name":"wp","href":"https:\/\/api.w.org\/{rel}","templated":true}]}}