{"id":362266,"date":"2025-09-03T03:04:13","date_gmt":"2025-09-03T03:04:13","guid":{"rendered":"https:\/\/www.europesays.com\/fr\/362266\/"},"modified":"2025-09-03T03:04:13","modified_gmt":"2025-09-03T03:04:13","slug":"camilla-parker-bowles-comment-la-future-reine-a-echappe-a-une-agression-sexuelle-quand-elle-etait-adolescente","status":"publish","type":"post","link":"https:\/\/www.europesays.com\/fr\/362266\/","title":{"rendered":"Camilla Parker Bowles : comment la future reine a \u00e9chapp\u00e9 \u00e0 une agression sexuelle quand elle \u00e9tait adolescente"},"content":{"rendered":"<p>Bien avant sa rencontre avec le <a href=\"https:\/\/www.closermag.fr\/royautes\/charles_lll\/charles-iii-et-camilla-a-quoi-ressemble-leur-luxueux-chateau-de-holyrood-en-ecosse-3543717\" target=\"_blank\" rel=\"noopener\"><br \/>\nroi Charles III<\/a>, <strong>Camilla Parker Bowles<\/strong> avait<br \/>\n\u00e9t\u00e9 victime d\u2019une agression sexuelle. Une situation qu\u2019elle a su<br \/>\ng\u00e9rer parfaitement alors qu\u2019elle \u00e9tait encore une adolescente \u00e2g\u00e9e<br \/>\nde \u00ab\u00a0<strong>16-17 ans<\/strong>\u00ab\u00a0. Cette <a href=\"https:\/\/www.closermag.fr\/royautes\/camilla-parker-bowles-a-quoi-ressemble-la-maison-champetre-ou-elle-sest-installee-apres-son-divorce-3562554\" target=\"_blank\" rel=\"noopener\"><br \/>\nhistoire \u00e9tonnante<\/a> est racont\u00e9e dans le livre de<br \/>\n<strong>Valentine Low<\/strong>, ancien correspondant royal du<br \/>\nTimes.<\/p>\n<p>Selon l\u2019auteur royal, la r\u00e9v\u00e9lation aurait \u00e9t\u00e9 faite par Guto<br \/>\nHarri, ancien directeur de la communication de <strong>Boris<br \/>\nJohnson<\/strong>. Alors qu\u2019il \u00e9tait encore maire de Londres, la<br \/>\n<strong>reine Camilla<\/strong> se serait confi\u00e9e \u00e0 lui sur cette<br \/>\nagression. A l\u2019\u00e9poque, l\u2019ancien premier ministre du Royaume-Uni<br \/>\navait pour projet d\u2019ouvrir 3 <strong>centres d\u2019aide aux victimes de<br \/>\nviol<\/strong>. \u00ab\u00a0Je pense que [Camilla] en a officiellement<br \/>\ninaugur\u00e9 deux sur les trois\u00a0\u00bb, a d\u00e9clar\u00e9 Guto Harri.<\/p>\n<p><img loading=\"lazy\" decoding=\"async\" itemprop=\"thumbnailUrl\" class=\"size-large wp-image-3560983 img-responsive aligncenter\" src=\"https:\/\/www.europesays.com\/fr\/wp-content\/uploads\/2025\/09\/bestimage_00713768_000003-1-588x1024.jpg\" alt=\"\" width=\"588\" height=\"1024\"\/> \u00a9 Best<br \/>\nimage<\/p>\n<p>Camilla Parker Bowles : \u00ab\u00a0\u2026comme sa m\u00e8re lui avait appris\u00a0\u00bb<\/p>\n<p>Dans le livre, l\u2019ancien directeur de communication explique que<br \/>\npersonne n\u2019avait demand\u00e9 \u00e0 <a href=\"https:\/\/www.closermag.fr\/royautes\/camilla-parker-bowles-ou-est-passee-la-reine-consort-elle-se-retire-pendant-un-petit-bout-de-temps-3569693\" target=\"_blank\" rel=\"noopener\"><br \/>\nCamilla Parker Bowles<\/a> pourquoi elle s\u2019\u00e9tait int\u00e9ress\u00e9e \u00e0 cette<br \/>\ncause. \u00ab\u00a0Mais c\u2019est l\u00e0 que tout a commenc\u00e9\u00a0\u00bb, a-t-il<br \/>\nd\u00e9clar\u00e9. Pour les faits, la source raconte : \u00ab\u00a0Elle \u00e9tait<br \/>\n<strong>dans un train<\/strong> en direction de<br \/>\nPaddington \u2013 elle avait environ 16, 17 ans\u00a0\u00bb.<\/p>\n<blockquote class=\"twitter-tweet\"><p><a class=\"twitter-link\" rel=\"noindex, nofollow noopener\" href=\"https:\/\/twitter.com\/people\/status\/1962291325564272802\" target=\"_blank\"><\/p><\/blockquote>\n<p>\u00ab\u00a0Et un type <strong>bougeait sa main<\/strong><br \/>\nde plus en plus loin\u00a0\u00bb, poursuit-il en se rem\u00e9morant que<br \/>\n<a href=\"https:\/\/www.closermag.fr\/royautes\/camilla-parker-bowles-eblouissante-elle-rend-un-vibrant-hommage-a-elizabeth-ii-3562217\" target=\"_blank\" rel=\"noopener\"><br \/>\nla reine<\/a> avait affirm\u00e9 avoir r\u00e9agi \u00ab\u00a0comme sa m\u00e8re lui avait<br \/>\nappris\u00a0\u00bb. \u00ab\u00a0J\u2019ai enlev\u00e9 ma chaussure et je lui ai donn\u00e9<br \/>\n<strong>un coup de talon dans les testicules<\/strong>\u00ab\u00a0,<br \/>\naurait confi\u00e9 la belle-m\u00e8re des princes <a href=\"https:\/\/www.closermag.fr\/royautes\/harry-et-william-en-guerre-le-moment-exact-ou-tout-a-bascule-entre-les-deux-freres-immortalise-en-photo-3575127\" target=\"_blank\" rel=\"noopener\"><br \/>\nHarry et William<\/a>.<\/p>\n<p>Camilla Parker Bowles victime<br \/>\nd\u2019agression sexuelle : le coupable a \u00e9t\u00e9 appr\u00e9hend\u00e9 !<\/p>\n<p>Seulement, cette histoire d\u2019agression sexuelle sur<br \/>\n<strong>Camilla Parker Bowles<\/strong> ne s\u2019est pas arr\u00eat\u00e9e l\u00e0.<br \/>\n\u00ab\u00a0Elle \u00e9tait suffisamment ma\u00eetresse d\u2019elle-m\u00eame lorsqu\u2019ils sont<br \/>\narriv\u00e9s \u00e0 Paddington pour sauter du train, <strong>trouver<br \/>\nun homme en uniforme et<\/strong> dire : Cet homme vient de<br \/>\nm\u2019attaquer, et il a \u00e9t\u00e9 arr\u00eat\u00e9\u00a0\u00bb, poursuit Valentine Low dans<br \/>\nson livre.<\/p>\n<blockquote class=\"twitter-tweet\"><p><a class=\"twitter-link\" rel=\"noindex, nofollow noopener\" href=\"https:\/\/twitter.com\/BBCNews\/status\/1962394903356338386#\" target=\"_blank\"><\/p><\/blockquote>\n<p>L\u2019homme aurait \u00e9t\u00e9 <strong>interpell\u00e9 au prochain<br \/>\narr\u00eat<\/strong>. Une histoire qui m\u00e9rite des applaudissements\u2026<\/p>\n<p><script async src=\"https:\/\/platform.twitter.com\/widgets.js\" charset=\"utf-8\"><\/script><\/p>\n","protected":false},"excerpt":{"rendered":"Bien avant sa rencontre avec le roi Charles III, Camilla Parker Bowles avait \u00e9t\u00e9 victime d\u2019une agression sexuelle.&hellip;\n","protected":false},"author":2,"featured_media":362267,"comment_status":"","ping_status":"","sticky":false,"template":"","format":"standard","meta":{"footnotes":""},"categories":[8],"tags":[548,4793,58,59,1011,27],"class_list":{"0":"post-362266","1":"post","2":"type-post","3":"status-publish","4":"format-standard","5":"has-post-thumbnail","7":"category-divertissement","8":"tag-article-simple","9":"tag-camilla-parker-bowles","10":"tag-divertissement","11":"tag-entertainment","12":"tag-fr","13":"tag-france"},"share_on_mastodon":{"url":"https:\/\/pubeurope.com\/@fr\/115138151393105050","error":""},"_links":{"self":[{"href":"https:\/\/www.europesays.com\/fr\/wp-json\/wp\/v2\/posts\/362266","targetHints":{"allow":["GET"]}}],"collection":[{"href":"https:\/\/www.europesays.com\/fr\/wp-json\/wp\/v2\/posts"}],"about":[{"href":"https:\/\/www.europesays.com\/fr\/wp-json\/wp\/v2\/types\/post"}],"author":[{"embeddable":true,"href":"https:\/\/www.europesays.com\/fr\/wp-json\/wp\/v2\/users\/2"}],"replies":[{"embeddable":true,"href":"https:\/\/www.europesays.com\/fr\/wp-json\/wp\/v2\/comments?post=362266"}],"version-history":[{"count":0,"href":"https:\/\/www.europesays.com\/fr\/wp-json\/wp\/v2\/posts\/362266\/revisions"}],"wp:featuredmedia":[{"embeddable":true,"href":"https:\/\/www.europesays.com\/fr\/wp-json\/wp\/v2\/media\/362267"}],"wp:attachment":[{"href":"https:\/\/www.europesays.com\/fr\/wp-json\/wp\/v2\/media?parent=362266"}],"wp:term":[{"taxonomy":"category","embeddable":true,"href":"https:\/\/www.europesays.com\/fr\/wp-json\/wp\/v2\/categories?post=362266"},{"taxonomy":"post_tag","embeddable":true,"href":"https:\/\/www.europesays.com\/fr\/wp-json\/wp\/v2\/tags?post=362266"}],"curies":[{"name":"wp","href":"https:\/\/api.w.org\/{rel}","templated":true}]}}