{"id":362268,"date":"2025-09-03T03:05:15","date_gmt":"2025-09-03T03:05:15","guid":{"rendered":"https:\/\/www.europesays.com\/fr\/362268\/"},"modified":"2025-09-03T03:05:15","modified_gmt":"2025-09-03T03:05:15","slug":"un-iceberg-geant-vieux-de-39-ans-fond-au-large-de-lantarctique-actualites","status":"publish","type":"post","link":"https:\/\/www.europesays.com\/fr\/362268\/","title":{"rendered":"Un iceberg g\u00e9ant vieux de 39 ans fond au large de l&rsquo;Antarctique : Actualit\u00e9s"},"content":{"rendered":"<p class=\"lead \">Un iceberg g\u00e9ant form\u00e9 en se d\u00e9tachant de l&rsquo;Antarctique il y a 39 ans, \u00e0 un moment le plus grand du monde, est en train de fondre dans des eaux devenues plus chaudes, selon les scientifiques.<\/p>\n<p class=\"lead \">En d\u00e9but d&rsquo;ann\u00e9e, ce colosse de glace baptis\u00e9 A23a pesait pr\u00e8s de 1.000 milliards de tonnes et couvrait pr\u00e8s de 4.000 km\u00b2, soit 50% de plus que la superficie du Luxembourg.<\/p>\n<p class=\"lead \">Mais en d\u00e9rivant vers le nord, et donc des r\u00e9gions moins froides de l&rsquo;oc\u00e9an Austral, il a vu se d\u00e9tacher de gros morceaux.<\/p>\n<p class=\"lead \">Sa taille est actuellement de 1.770 km\u00b2, avec une largeur qui atteint jusqu&rsquo;\u00e0 60 km, selon une analyse par l&rsquo;AFP d&rsquo;images satellite du service europ\u00e9en Copernicus.<\/p>\n<p class=\"lead \"><img decoding=\"async\" class=\"w-100\" src=\"https:\/\/www.europesays.com\/fr\/wp-content\/uploads\/2025\/09\/2275\/actu\/afp-news\/7a8d6bd9-7224-4802-b9b6-bac150bb8701.jpg\" alt=\"\"\/> \u00ab\u00a0Je dirais qu&rsquo;il est vraiment sur la fin (&#8230;) Il est tout simplement en train de pourrir par la racine. L&rsquo;eau est bien trop chaude pour qu&rsquo;il survive. Il est en train de fondre avec constance\u00a0\u00bb, a expliqu\u00e9 \u00e0 l&rsquo;AFP un oc\u00e9anologue de l&rsquo;institut de recherche antarctique du Royaume-Uni (British Antarctic Survey), Andrew Meijers.<\/p>\n<p class=\"lead \">\u00ab\u00a0Je m&rsquo;attends \u00e0 ce que cela continue dans les prochaines semaines, et je pr\u00e9vois qu&rsquo;il sera rendu m\u00e9connaissable en l&rsquo;espace de quelques semaines\u00a0\u00bb, a-t-il ajout\u00e9.<\/p>\n<p class=\"lead \">A23a s&rsquo;\u00e9tait d\u00e9tach\u00e9 du continent en 1986 avant de s&rsquo;\u00e9chouer en mer de Weddell, o\u00f9 il est rest\u00e9 ancr\u00e9 au plancher oc\u00e9anique pendant plus de trois d\u00e9cennies. En 2020, il s&rsquo;est remis en route, port\u00e9 comme d&rsquo;autres icebergs par le puissant courant circumpolaire antarctique.<\/p>\n<p class=\"lead \">Il s&rsquo;est \u00e0 nouveau \u00e9chou\u00e9 en mars 2025, non loin de la G\u00e9orgie du Sud, une \u00eele britannique de l&rsquo;Atlantique Sud. La crainte \u00e9tait qu&rsquo;il menace la subsistance des manchots et otaries.<\/p>\n<p class=\"lead \">Il a fini sa course en contournant l&rsquo;\u00eele et en gagnant de la vitesse \u00e0 mesure que les vagues puissantes et les eaux moins froides de cet oc\u00e9an le mettaient \u00e0 mal.<\/p>\n<p class=\"lead \">Les scientifiques ont \u00e9t\u00e9 \u00ab\u00a0surpris\u00a0\u00bb de le voir tenir aussi longtemps. \u00ab\u00a0La plupart des icebergs ne vont pas aussi loin\u00a0\u00bb, \u00e9tant \u00ab\u00a0condamn\u00e9s\u00a0\u00bb une fois qu&rsquo;ils quittent la protection du climat antarctique, a ajout\u00e9 M. Meijers.<\/p>\n<p class=\"lead \">La formation d&rsquo;icebergs est un processus naturel dont les scientifiques estiment que le rythme auquel l&rsquo;Antarctique en produit s&rsquo;est accru, probablement en raison du changement climatique d\u00fb aux activit\u00e9s humaines.<\/p>\n<p class=\"small font-weight-bold text-gray3 \"> publi\u00e9 le 2 septembre \u00e0 20h14, AFP<\/p>\n<p>                             Partager<\/p>\n","protected":false},"excerpt":{"rendered":"Un iceberg g\u00e9ant form\u00e9 en se d\u00e9tachant de l&rsquo;Antarctique il y a 39 ans, \u00e0 un moment le&hellip;\n","protected":false},"author":2,"featured_media":362269,"comment_status":"","ping_status":"","sticky":false,"template":"","format":"standard","meta":{"footnotes":""},"categories":[7],"tags":[49740,436,1011,27,49741,43,40,41,39,42,44],"class_list":{"0":"post-362268","1":"post","2":"type-post","3":"status-publish","4":"format-standard","5":"has-post-thumbnail","7":"category-sciences-et-technologies","8":"tag-antarctica","9":"tag-environnement","10":"tag-fr","11":"tag-france","12":"tag-gographie","13":"tag-science","14":"tag-science-and-technology","15":"tag-sciences","16":"tag-sciences-et-technologies","17":"tag-technologies","18":"tag-technology"},"share_on_mastodon":{"url":"https:\/\/pubeurope.com\/@fr\/115138155267806929","error":""},"_links":{"self":[{"href":"https:\/\/www.europesays.com\/fr\/wp-json\/wp\/v2\/posts\/362268","targetHints":{"allow":["GET"]}}],"collection":[{"href":"https:\/\/www.europesays.com\/fr\/wp-json\/wp\/v2\/posts"}],"about":[{"href":"https:\/\/www.europesays.com\/fr\/wp-json\/wp\/v2\/types\/post"}],"author":[{"embeddable":true,"href":"https:\/\/www.europesays.com\/fr\/wp-json\/wp\/v2\/users\/2"}],"replies":[{"embeddable":true,"href":"https:\/\/www.europesays.com\/fr\/wp-json\/wp\/v2\/comments?post=362268"}],"version-history":[{"count":0,"href":"https:\/\/www.europesays.com\/fr\/wp-json\/wp\/v2\/posts\/362268\/revisions"}],"wp:featuredmedia":[{"embeddable":true,"href":"https:\/\/www.europesays.com\/fr\/wp-json\/wp\/v2\/media\/362269"}],"wp:attachment":[{"href":"https:\/\/www.europesays.com\/fr\/wp-json\/wp\/v2\/media?parent=362268"}],"wp:term":[{"taxonomy":"category","embeddable":true,"href":"https:\/\/www.europesays.com\/fr\/wp-json\/wp\/v2\/categories?post=362268"},{"taxonomy":"post_tag","embeddable":true,"href":"https:\/\/www.europesays.com\/fr\/wp-json\/wp\/v2\/tags?post=362268"}],"curies":[{"name":"wp","href":"https:\/\/api.w.org\/{rel}","templated":true}]}}