{"id":362271,"date":"2025-09-03T03:07:21","date_gmt":"2025-09-03T03:07:21","guid":{"rendered":"https:\/\/www.europesays.com\/fr\/362271\/"},"modified":"2025-09-03T03:07:21","modified_gmt":"2025-09-03T03:07:21","slug":"sous-les-yeux-de-son-fils-une-professionnelle-decede-en-voulant-faire-un-selfie-apres-un-saut-a-lelastique-en-russie","status":"publish","type":"post","link":"https:\/\/www.europesays.com\/fr\/362271\/","title":{"rendered":"Sous les yeux de son fils, une professionnelle d\u00e9c\u00e8de en voulant faire un selfie apr\u00e8s un saut \u00e0 l&rsquo;\u00e9lastique en Russie"},"content":{"rendered":"<p>Elizaveta Gushchina est morte ce samedi 30 ao\u00fbt 2025 en voulant faire un <strong>selfie<\/strong> \u00e0 la suite d&rsquo;un<strong> saut \u00e0 l&rsquo;\u00e9lastique<\/strong> r\u00e9alis\u00e9 pour son 45e anniversaire, \u00e0 Pavlovsk pr\u00e8s de Saint-P\u00e9tersbourg en Russie, rapporte le <a href=\"https:\/\/www.dailymail.co.uk\/news\/article-15054159\/Mother-death-taking-selfie-son.html\" target=\"_blank\" rel=\"noopener nofollow\">DailyMail<\/a>.\u00a0<\/p>\n<p>\u00ab\u00a0Dans des circonstances tragiques, Liza, <strong>sauteuse exp\u00e9riment\u00e9e<\/strong> et m\u00e8re de deux enfants, est d\u00e9c\u00e9d\u00e9e. Elizaveta Gushchina et son fils Nikita faisaient partie de notre \u00e9quipe sportive.\u00a0Toute l&rsquo;\u00e9quipe est aujourd&rsquo;hui en deuil. C&rsquo;est une immense trag\u00e9die pour nous\u00a0\u00bb, a r\u00e9agi le lendemain le club 23Block sur <a href=\"https:\/\/vk.com\/23block?fbclid=PAZXh0bgNhZW0CMTEAAafzRyANxRPacmOqfNwJQy_dPRLJpHDRp0wNsdIC1VcJVeeDfIWGjoFYxYB1WQ_aem_SqyjGMwcOaO14_3CKiM4QQ&amp;w=wall-39529386_20285\" target=\"_blank\" rel=\"noopener nofollow\">VK<\/a>, un r\u00e9seau social russe similaire \u00e0 Facebook, en partageant plusieurs photos de la victime.<\/p>\n<p><strong>Chute de 88 m\u00e8tres<\/strong><\/p>\n<p>Apr\u00e8s un saut impressionnant document\u00e9 en vid\u00e9o, \u00ab\u00a0elle est remont\u00e9e\u00a0\u00bb sur la tour \u00ab\u00a0sans corde de s\u00e9curit\u00e9\u00a0\u00bb, \u00ab\u00a0a <strong>gliss\u00e9<\/strong> et est tomb\u00e9e\u00a0\u00bb d&rsquo;une hauteur de 88 m\u00e8tres <strong>sous les yeux de son fils<\/strong> de 23 ans, a pr\u00e9cis\u00e9 la cha\u00eene de t\u00e9l\u00e9vision\u00a0Zvezda g\u00e9r\u00e9e par le minist\u00e8re russe de la D\u00e9fense.\u00a0<\/p>\n<p>Le bureau du procureur de l&rsquo;\u00c9tat a ouvert une enqu\u00eate pour d\u00e9terminer les circonstances exactes du d\u00e9c\u00e8s.<\/p>\n","protected":false},"excerpt":{"rendered":"Elizaveta Gushchina est morte ce samedi 30 ao\u00fbt 2025 en voulant faire un selfie \u00e0 la suite d&rsquo;un&hellip;\n","protected":false},"author":2,"featured_media":362272,"comment_status":"","ping_status":"","sticky":false,"template":"","format":"standard","meta":{"footnotes":""},"categories":[5],"tags":[11,118,1011,27,14,12,28],"class_list":{"0":"post-362271","1":"post","2":"type-post","3":"status-publish","4":"format-standard","5":"has-post-thumbnail","7":"category-international","8":"tag-actualites","9":"tag-faits-divers","10":"tag-fr","11":"tag-france","12":"tag-international","13":"tag-news","14":"tag-world"},"share_on_mastodon":{"url":"https:\/\/pubeurope.com\/@fr\/115138163187211557","error":""},"_links":{"self":[{"href":"https:\/\/www.europesays.com\/fr\/wp-json\/wp\/v2\/posts\/362271","targetHints":{"allow":["GET"]}}],"collection":[{"href":"https:\/\/www.europesays.com\/fr\/wp-json\/wp\/v2\/posts"}],"about":[{"href":"https:\/\/www.europesays.com\/fr\/wp-json\/wp\/v2\/types\/post"}],"author":[{"embeddable":true,"href":"https:\/\/www.europesays.com\/fr\/wp-json\/wp\/v2\/users\/2"}],"replies":[{"embeddable":true,"href":"https:\/\/www.europesays.com\/fr\/wp-json\/wp\/v2\/comments?post=362271"}],"version-history":[{"count":0,"href":"https:\/\/www.europesays.com\/fr\/wp-json\/wp\/v2\/posts\/362271\/revisions"}],"wp:featuredmedia":[{"embeddable":true,"href":"https:\/\/www.europesays.com\/fr\/wp-json\/wp\/v2\/media\/362272"}],"wp:attachment":[{"href":"https:\/\/www.europesays.com\/fr\/wp-json\/wp\/v2\/media?parent=362271"}],"wp:term":[{"taxonomy":"category","embeddable":true,"href":"https:\/\/www.europesays.com\/fr\/wp-json\/wp\/v2\/categories?post=362271"},{"taxonomy":"post_tag","embeddable":true,"href":"https:\/\/www.europesays.com\/fr\/wp-json\/wp\/v2\/tags?post=362271"}],"curies":[{"name":"wp","href":"https:\/\/api.w.org\/{rel}","templated":true}]}}