{"id":362273,"date":"2025-09-03T03:08:15","date_gmt":"2025-09-03T03:08:15","guid":{"rendered":"https:\/\/www.europesays.com\/fr\/362273\/"},"modified":"2025-09-03T03:08:15","modified_gmt":"2025-09-03T03:08:15","slug":"un-temoin-de-laffaire-boulin-vise-par-des-coups-de-feu-dans-le-morbihan","status":"publish","type":"post","link":"https:\/\/www.europesays.com\/fr\/362273\/","title":{"rendered":"un t\u00e9moin de l\u2019affaire Boulin vis\u00e9 par des coups de feu dans le Morbihan"},"content":{"rendered":"<p>            Par<br \/>\n        <strong><br \/>\n            <a href=\"https:\/\/actu.fr\/auteur\/morgane-mace\" title=\"Consulter tous les articles de Morgane Mac\u00e9\" rel=\"nofollow noopener\" target=\"_blank\">Morgane Mac\u00e9<\/a><br \/>\n        <\/strong><\/p>\n<p>        Publi\u00e9 le<\/p>\n<p>            2 sept. 2025 \u00e0 19h30        <\/p>\n<p>\u00ab\u2009Je ne vais pas me taire, je vais aller au bout\u2009\u00bb d\u00e9clare <b>Elio Darmon, <\/b>t\u00e9moin dans l\u2019affaire Robert Boulin, ancien ministre du travail dont la mort est survenue en 1979, expliqu\u00e9e \u00e0 l\u2019\u00e9poque par un suicide, qui ressurgit depuis deux ans, instruite par le <a href=\"https:\/\/actu.fr\/bretagne\/quiberon_56186\/exclusif-les-petites-filles-de-ma-dalton-font-des-revelations-sur-le-meurtre-de-corinne-di-dio_62966955.html\" rel=\"nofollow noopener\" target=\"_blank\">parquet de Versailles<\/a>. Le t\u00e9moin \u00e0 l\u2019origine de la r\u00e9ouverture de ce cold case vit dans le Morbihan et a \u00e9t\u00e9 victime de coups de feu \u00e0 son domicile dans la nuit du<b> vendredi 29\u00a0ao\u00fbt 2025<\/b> \u00e0 <b>Brand\u00e9rion<\/b> (<a href=\"https:\/\/actu.fr\/morbihan\/\" rel=\"nofollow noopener\" target=\"_blank\">Morbihan<\/a>). Il est certain qu\u2019il s\u2019agit l\u00e0 de la monnaie de sa pi\u00e8ce et loin d\u2019\u00eatre intimid\u00e9, est d\u00e9cid\u00e9 \u00e0 faire d\u2019autres r\u00e9v\u00e9lations prochainement sur les circonstances de la mort du ministre.<\/p>\n<p>Une affaire politique en toile de fond<\/p>\n<p class=\" wall-content\">\u00ab\u2009Je vais aller jusqu\u2019au bout\u2009\u00bb assure <b>Elio Darmon, <\/b>t\u00e9moin clef ayant fait ressurgir l\u2019affaire politique de la mort de l\u2019ancien ministre du travail <b>Robert Boulin<\/b> survenue en 1979, expliqu\u00e9e \u00e0 l\u2019\u00e9poque par la th\u00e8se du suicide, auquel n\u2019a pourtant jamais cru sa fille <b>Fabienne Boulin.<\/b><\/p>\n<p class=\" wall-content\"><b>Elio Darmon<\/b>\u00a0a r\u00e9v\u00e9l\u00e9 avoir entendu parler les <b>ex\u00e9cutants du passage \u00e0 tabac <\/b>du ministre ayant vir\u00e9 au drame. Les int\u00e9ress\u00e9s auraient en effet \u00e9voqu\u00e9 ce jour-l\u00e0 l\u2019ex\u00e9cution rat\u00e9e d\u2019une commande ordonn\u00e9e par <b>Charles Pasqua<\/b> et d\u2019autres membres du RPR \u00e0 l\u2019\u00e9poque.<\/p>\n<p class=\" wall-content\">La b\u00e9vue serait telle que la s\u00e9quence de violences \u00e0 l\u2019encontre du ministre se serait sold\u00e9e par son <b>arr\u00eat cardiaque<\/b> impromptu et que les hommes de main auraient ensuite jet\u00e9 son corps dans un <b>\u00e9<\/b><b>tang de la for\u00eat de Rambouillet<\/b>.<\/p>\n<p class=\" wall-content\">Le t\u00e9moin Elio Darmon affirme avoir entendu cette conversation au club libertin le <b>Roi Ren\u00e9<\/b>, couru \u00e0 l\u2019\u00e9poque des hauts dignitaires de l\u2019\u00c9tat et du monde du<b> showbiz.<\/b><\/p>\n<p class=\" wall-content\">Les personnes impliqu\u00e9es \u00e9voquaient selon lui lors de cette conversation l\u2019accident en question redoutant la r\u00e9action de leur chef <b>Charles Pasqua<\/b>.<\/p>\n<p class=\" wall-content\">L\u2019explication de ce sc\u00e9nario\u2009: <b>Robert Boulin<\/b> d\u00e9rangeait les membres du RPR de l\u2019\u00e9poque, \u00e0 ce moment l\u00e0 en pleine ascension et promu dans le gouvernement de <b>Val\u00e9ry Giscard d\u2019Estaing, <\/b>le clan ennemi de la droite fran\u00e7aise qui \u00e9tait divis\u00e9e.<\/p>\n<p class=\" wall-content\">D\u2019o\u00f9, d\u2019apr\u00e8s lui, cette commande qui s\u2019est r\u00e9v\u00e9l\u00e9e <b>funeste<\/b>.<\/p>\n<p>Votre r\u00e9gion, votre actu !<\/p>\n<p>Recevez chaque jour les infos qui comptent pour vous.<\/p>\n<p>\t<a href=\"https:\/\/actu.fr\/newsletter\" class=\"ac-btn ac-btn--corner ac-btn--medium ac-btn--blue800\" rel=\"nofollow noopener\" target=\"_blank\">S&rsquo;incrire<\/a><br \/>\nAgress\u00e9 \u00e0 son domicile\u2009: les faits<\/p>\n<p class=\" wall-content\">Rencontr\u00e9 \u00e0 son domicile de <b>Brand\u00e9rion<\/b>, le <b>mardi 2\u00a0septembre<\/b>, Elio Darmon raconte la s\u00e9quence des coups de feu dont il a \u00e9t\u00e9 victime, quelques mois apr\u00e8s son dernier t\u00e9moignage en<b> janvier\u00a02025 <\/b>sur cette affaire en cours d\u2019instruction.<\/p>\n<p class=\" wall-content\">Il revient sur les faits, lui qui doit sa vie \u00e0 son<b> chien de 4\u00a0ans <\/b>qui a flair\u00e9 la pr\u00e9sence de ses <b>agresseurs,<\/b>\u00a0l\u2019ayant r\u00e9veill\u00e9 aussit\u00f4t en aboyant \u00e0<b> 1\u2009h\u200915 <\/b>du matin dans la nuit<b> du 29\u00a0ao\u00fbt<\/b>.<\/p>\n<blockquote class=\"ac-article-quote wall-content\">\n<p>Je dormais profond\u00e9ment, mon chien dormait devant la porte et s\u2019est mis \u00e0 aboyer de mani\u00e8re inhabituelle sentant une pr\u00e9sence. Il m\u2019a r\u00e9veill\u00e9 et s\u2019est dress\u00e9 sur ses pattes sur la moiti\u00e9 de la porte d\u2019entr\u00e9e vitr\u00e9e.<\/p>\n<p>Elio Darmon, victime des coups de feu<\/p><\/blockquote>\n<p>    <img   decoding=\"async\" loading=\"lazy\" class=\"size-large\" src=\"https:\/\/www.europesays.com\/fr\/wp-content\/uploads\/2025\/09\/f09eb0b617b86e49eb0b617b8d89ebv-960x640.jpeg\" alt=\"Elio Darmont\" width=\"960\" height=\"640\"\/><br \/>\n    Elio Darmon victime de la fusillade du vendredi 29 ao\u00fbt 2025 \u00e0 Brand\u00e9rion (Morbihan) \u00e0 1\u2009h\u200915 du matin. \u00a9Morgane Mac\u00e9<\/p>\n<p class=\" wall-content\">Elio Darmon est aussit\u00f4t sorti et le chien s\u2019est mis \u00e0 courir plusieurs m\u00e8tres plus loin sur le chemin situ\u00e9 au milieu <b>d\u2019une zone bois\u00e9e <\/b>devant chez lui.<\/p>\n<p class=\" wall-content\">Le<b> chien <\/b>a mis du temps revenir\u2009:<\/p>\n<p class=\" wall-content\">\u00ab\u2009Dehors il n\u2019y avait pas d\u2019\u00e9clairage, je n\u2019ai rien vu et une fois de dos en rentrant chez moi sur mon palier, trois coups de feu ont retenti\u2009\u00bb.<\/p>\n<p>    <img   decoding=\"async\" loading=\"lazy\" class=\"size-large\" src=\"https:\/\/www.europesays.com\/fr\/wp-content\/uploads\/2025\/09\/3ed4e17617b8652e4e17617b836e4ev-960x640.jpeg\" alt=\"Four dont la vitre a \u00e9t\u00e9 d\u00e9truite le 29 ao\u00fbt lors de l'agression de Elio Darmont \u00e0 Brand\u00e9iron (Morbihan).\" width=\"960\" height=\"640\"\/><br \/>\n    Four dont la vitre a \u00e9t\u00e9 d\u00e9truite le 29 ao\u00fbt 2025 lors de l\u2019agression au domicile d\u2019Elio Darmon \u00e0 Brand\u00e9rion (Morbihan). \u00a9Morgane Mac\u00e9<\/p>\n<p class=\" wall-content\">L\u2019un d\u2019eux a termin\u00e9 sa trajectoire \u00e0 <b>50 centim\u00e8tres<\/b> d\u2019Elio Darmon, ab\u00eemant son four qui \u00e9tait entrepos\u00e9 sur sa terrasse.<\/p>\n<blockquote class=\"ac-article-quote wall-content\">\n<p>Je n\u2019ai pas vu la personne qui a tir\u00e9, elle devait \u00eatre \u00e0 une dizaine de m\u00e8tres. Le four a \u00e9t\u00e9 esquint\u00e9 et des traces de d\u00e9charge de fusil sont visibles sur un autre appareil de cuisson et des caisses en plastique qui \u00e9taient entrepos\u00e9es sur ma terrasse.<\/p>\n<p>Elio Darmon, victime de l\u2019agression<\/p><\/blockquote>\n<p class=\" wall-content\">Rentr\u00e9 pr\u00e9cipitamment dans sa maison en entendant retentir les tirs, Elio Darmon a ensuite compos\u00e9<b> le 17, <\/b>puis les<b> gendarmes de Lorient<\/b> sont arriv\u00e9s 15\u00a0minutes plus tard.<\/p>\n<p>    <img   decoding=\"async\" loading=\"lazy\" class=\"size-large\" src=\"https:\/\/www.europesays.com\/fr\/wp-content\/uploads\/2025\/09\/b2be60e617b86b6be60e617b87abe6v-768x640.jpeg\" alt=\"traces marqu\u00e9e par les gendarmes\" width=\"768\" height=\"640\"\/><br \/>\n    Trace marqu\u00e9e par les gendarmes de Lorient (Morbihan) intervenus au domicile d\u2019Elio Darmon lequel a \u00e9t\u00e9 victime de coups de feu sur le pas de sa porte dans la nuit du vendredi 29 ao\u00fbt 2025 \u00e0 1\u2009h\u200915 du matin \u00e0 Brand\u00e9rion. \u00a9Morgane Mac\u00e9<\/p>\n<p class=\" wall-content\">Trois coups de feu ont \u00e9t\u00e9 tir\u00e9s au total, les traces de deux d\u2019entre eux ont \u00e9t\u00e9 retrouv\u00e9es par les gendarmes et lui, mais pas de troisi\u00e8me trace en revanche.<\/p>\n<p class=\" wall-content\"><b>Trois douilles <\/b>ont \u00e9t\u00e9 \u00e9galement r\u00e9cup\u00e9r\u00e9es sur le sol puis mises sous scell\u00e9 par les gendarmes qui ont fait des croix sur le sol, indiquant leur emplacement ce qui peut donner des indications sur l\u2019orientation des tirs.<\/p>\n<p>\u00ab\u2009Je ne vais pas me laisser trucider\u2009\u00bb<\/p>\n<p class=\" wall-content\">Sa porte d\u2019entr\u00e9e est \u00e0 moiti\u00e9 en verre, des coups de feu peuvent la briser.<b> Elio Darmon<\/b>\u00a0a en cons\u00e9quence fait demander l\u2019autorisation de <b>d\u00e9tenir une arme<\/b> chez lui pour se prot\u00e9ger\u2009:<\/p>\n<blockquote class=\"ac-article-quote wall-content\">\n<p>Je ne vais pas me laisser trucider. Mon avocate Najwa El Ha\u00eft\u00e9 a \u00e9crit ce matin au procureur de la R\u00e9publique pour demander l\u2019autorisation de d\u00e9tention d\u2019arme indiquant que je suis en danger de mort.<\/p>\n<p>Elio Darmon, victime de l\u2019agression<\/p><\/blockquote>\n<p class=\" wall-content\">Les gendarmes ont r\u00e9alis\u00e9 le <b>test de paraffine<\/b> pour v\u00e9rifier qu\u2019il n\u2019avait pas de poudre ou des r\u00e9sidus de poudre sur les mains, \u00ab\u2009mais je n\u2019ai pas tir\u00e9. J\u2019ai d\u00e9pos\u00e9 plainte le lendemain de la fusillade\u2009\u00bb.<\/p>\n<p>    <img   decoding=\"async\" loading=\"lazy\" class=\"size-large\" src=\"https:\/\/www.europesays.com\/fr\/wp-content\/uploads\/2025\/09\/b670a5c617b86aa70a5c617b87e70av-960x640.jpeg\" alt=\"Croix au sol o\u00f9 a \u00e9t\u00e9 retrouv\u00e9 l'une des douilles.\" width=\"960\" height=\"640\"\/><br \/>\n    Croix au sol o\u00f9 a \u00e9t\u00e9 retrouv\u00e9e l\u2019une des douilles ayant servi au tir le vendredi 29 ao\u00fbt 2025 devant le domicile d\u2019Elio Darmon, un t\u00e9moin clef dans l\u2019enqu\u00eate sur le cold case Robert Boulin. \u00a9Morgane Mac\u00e9<\/p>\n<p class=\" wall-content\">Elio Darmon vit dans <b>une impasse<\/b> d\u00e9bouchant sur une voie ferr\u00e9e, o\u00f9 les seuls voisins ayant pu \u00eatre t\u00e9moins de la sc\u00e8ne sont partis de leur r\u00e9sidence secondaire.<\/p>\n<p class=\" wall-content\">\u00ab\u2009Il y a forc\u00e9ment eu un rep\u00e9rage fait quand ils sont partis, dans les huit derniers jours ayant pr\u00e9c\u00e9d\u00e9 la fusillade, car autrement les agresseurs auraient \u00e9t\u00e9 rep\u00e9r\u00e9s\u2009\u00bb d\u00e9duit-il.<\/p>\n<p>Des personnes impliqu\u00e9es dans \u00ab\u2009une affaire d\u2019\u00c9tat\u2009\u00bb<\/p>\n<p class=\" wall-content\">Il est convaincu que son <b>pass\u00e9 explique cette agression<\/b> et les gendarmes lui ont propos\u00e9 de retirer sa plainte afin qu\u2019il soit prot\u00e9g\u00e9 :<\/p>\n<blockquote class=\"ac-article-quote wall-content\">\n<p>Je ne changerai pas mon t\u00e9moignage d\u2019une virgule, il y a une affaire d\u2019\u00c9tat \u00e0 l\u2019arri\u00e8re-plan, cette fusillade n\u2019est pas gratuite, elle est li\u00e9e \u00e0 l\u2019affaire Boulin, suivie au plus haut niveau dans laquelle j\u2019ai t\u00e9moign\u00e9 il y a deux ans et en janvier dernier.<\/p>\n<p>Elio Darmon, victime des coups de feu<\/p><\/blockquote>\n<p class=\" wall-content\">Deux ans auparavant lors de son premier t\u00e9moignage, la pr\u00e9c\u00e9dente juge en charge du dossier s\u2019appr\u00eatait ainsi qu\u2019il le relate, \u00e0 prononcer un non-lieu \u00e0 la demande du procureur de la R\u00e9publique de Versailles de l\u2019\u00e9poque\u2009: \u00ab\u2009elle m\u2019avait dit au t\u00e9l\u00e9phone, quand je lui ai tout r\u00e9v\u00e9l\u00e9,\u2009\u00a0\u00bbil est minuit moins 5 dans le dossier\u00a0\u00bb\u2009\u00bb car \u00e0 quelques minutes pr\u00e8s, elle signait ce <b>non-lieu<\/b>.<\/p>\n<p>Des interrogatoires \u00e0 Vannes<\/p>\n<p class=\" wall-content\">Une journ\u00e9e d\u2019interrogatoire s\u2019est par la suite d\u00e9roul\u00e9e \u00e0 la caserne de<b> gendarmerie de Vannes<\/b> pour l\u2019entendre.<\/p>\n<p class=\" wall-content\">\u00ab\u00a0J\u2019avais fait remonter l\u2019information par un ami gendarme de Rennes, et ensuite la cellule DIANE en charge des cold case est venue \u00e0 Vannes pour m\u2019entendre.<\/p>\n<blockquote class=\"ac-article-quote wall-content\">\n<p>Huit gendarmes m\u2019ont re\u00e7u pendant une journ\u00e9e d\u2019interrogatoire avec des croissants et du caf\u00e9. Ils m\u2019ont pr\u00e9sent\u00e9 des photos et j\u2019ai reconnu des personnes impliqu\u00e9es dans cinq autres crimes non \u00e9lucid\u00e9s li\u00e9s \u00e0 des r\u00e8glements de compte pour lesquels les personnes mises en cause sont toujours vivantes donc j\u2019\u00e9vite d\u2019en parler.<\/p>\n<p>Elio Darmon, victime des coups de feu<\/p><\/blockquote>\n<p class=\" wall-content\">\u00ab\u2009Seul mon ami gendarme \u00e0 Rennes me connaissait et me faisait confiance et<b>\u00a0les gendarmes<\/b> ont d\u00fb v\u00e9rifier mes d\u00e9clarations pour v\u00e9rifier que je n\u2019\u00e9tais pas mythomane\u2009\u00bb raconte-t-il.<\/p>\n<p class=\" wall-content\">Sur les <b>planches avec les photographies<\/b> qui ont \u00e9t\u00e9 montr\u00e9es \u00e0 Elio Darmon figuraient\u00a0 ceux qu\u2019il avait entendus quelques jours apr\u00e8s la mort du ministre dans le fameux club libertin le Roi Ren\u00e9, lors d\u2019une conversation\u2009:<\/p>\n<p class=\" wall-content\">\u00ab\u2009Il s\u2019est av\u00e9r\u00e9 que ces gens \u00e9taient fich\u00e9s au grand banditisme. Ils sont morts depuis mais il reste autour d\u2019eux des gens vivants du cercle de l\u2019\u00e9poque qui veulent me faire taire\u2009\u00bb.<\/p>\n<p>Des r\u00e9v\u00e9lations \u00e0 venir<\/p>\n<p class=\" wall-content\">En <b>danger de mort <\/b>aujourd\u2019hui, Elio Darmon est d\u00e9termin\u00e9 \u00e0 faire d\u2019autres<b> r\u00e9v\u00e9lations\u2009<\/b>: \u00ab\u2009je vais tout dire en conf\u00e9rence de presse \u00e0 la mi-septembre, j\u2019attends d\u2019avoir l\u2019autorisation de d\u00e9tention d\u2019arme\u2009\u00bb.<\/p>\n<p class=\" wall-content\">Les r\u00e9v\u00e9lations qu\u2019il compte faire mettent en cause des personnes encore vivantes impliqu\u00e9es dans l\u2019affaire <b>Robert Boulin<\/b>.<\/p>\n<blockquote class=\"ac-article-quote wall-content\">\n<p>On m\u2019a conseill\u00e9 de ne pas en parler mais j\u2019ai plut\u00f4t int\u00e9r\u00eat \u00e0 le faire. Des fusillades il y en a partout en France, pourquoi ne dirais-je rien\u2009? Il y a une censure \u00e0 l\u2019\u0153uvre.<\/p>\n<p>Elio Darmon, victime des coups de feu<\/p><\/blockquote>\n<p class=\" wall-content\">Le t\u00e9moin cl\u00e9 de cette affaire pourra peut-\u00eatre permettre de<b> faire \u00e9tat de la v\u00e9rit\u00e9 <\/b>sur les circonstances de la mort de l\u2019ancien ministre.<\/p>\n<p>Le coll\u00e8gue d\u2019un parrain<\/p>\n<p class=\" wall-content\">A <b>78 ans<\/b> aujourd\u2019hui, avant de se retirer des affaires, \u00ab\u00a0je blanchissais pour des voyous dans des bo\u00eetes de nuit et des achats de brasseries. J\u2019achetais des affaires au black\u00a0\u00bb avoue-t-il, il a longtemps offici\u00e9 pour des truands dont un c\u00e9l\u00e8bre\u2009:<\/p>\n<blockquote class=\"ac-article-quote wall-content\">\n<p>J\u2019ai un pass\u00e9 derri\u00e8re moi, c\u2019est la raison pour laquelle les gendarmes m\u2019ont trouv\u00e9 un peu trop calme apr\u00e8s la fusillade et j\u2019\u00e9tais calme en effet. Je ne suis pas impressionnable, j\u2019ai \u00e9t\u00e9 20 ans dans le grand banditisme \u00e0 Paris j\u2019ai travaill\u00e9 avec Francis Le Belge un parrain, une pointure dans le milieu. Je suis retrait\u00e9 aujourd\u2019hui et n\u2019ai rien \u00e0 me reprocher, bien s\u00fbr j\u2019ai eu des proc\u00e9dures dans ma vie mais je n\u2019ai pas de sang sur les mains.<\/p>\n<p>Elio Darmon, victime des coups de feu<\/p><\/blockquote>\n<p class=\" wall-content\">Il est aujourd\u2019hui dans l\u2019attente d\u2019une<b> confrontation <\/b>avec les personnes qui d\u2019apr\u00e8s lui ont tir\u00e9 dessus le 29\u00a0ao\u00fbt.<\/p>\n<p class=\" wall-content\">\u00ab\u2009La juge d\u2019instruction en charge de l\u2019affaire m\u2019avait accord\u00e9 celle-ci par le pass\u00e9 mais a \u00e9t\u00e9 nomm\u00e9e ailleurs comme par hasard juste apr\u00e8s. Les choses sont rest\u00e9es dans l\u2019attente ensuite, mais depuis le 25 ao\u00fbt, un nouveau juge a \u00e9t\u00e9 nomm\u00e9 \u00e0 sa place, ma demande va pouvoir \u00eatre r\u00e9examin\u00e9e\u2009\u00bb annonce-t-il.<\/p>\n<p class=\" wall-content\">Ainsi, si l\u2019enqu\u00eate est toujours dans<b> le secret de l\u2019instruction<\/b>, l\u2019affaire reste \u00e0 suivre dans l\u2019\u00e9ventualit\u00e9 o\u00f9 cette demande est obtenue et si Elio Darmon est autoris\u00e9 \u00e0 <b>d\u00e9tenir une arme<\/b>, car il compte m\u00e9diatiser les noms de ceux qu\u2019il accuse d\u2019avoir particip\u00e9 \u00e0 la brutalisation de l\u2019homme politique.<\/p>\n<p class=\" wall-content\">Personnalisez votre actualit\u00e9 en ajoutant vos villes et m\u00e9dias en favori avec <a href=\"https:\/\/moncompte.actu.fr\" title=\"D\u00e9couvez Mon Actu\" rel=\"nofollow noopener\" data-trk=\"{&quot;cta&quot;:{&quot;action&quot;:&quot;https:\\\/\\\/moncompte.actu.fr&quot;,&quot;category&quot;:&quot;mon compte&quot;,&quot;from&quot;:&quot;article footer&quot;,&quot;name&quot;:&quot;Mon actu&quot;,&quot;type&quot;:&quot;cta&quot;}}\" target=\"_blank\">Mon Actu<\/a>.<\/p>\n","protected":false},"excerpt":{"rendered":"Par Morgane Mac\u00e9 Publi\u00e9 le 2 sept. 2025 \u00e0 19h30 \u00ab\u2009Je ne vais pas me taire, je vais&hellip;\n","protected":false},"author":2,"featured_media":362274,"comment_status":"","ping_status":"","sticky":false,"template":"","format":"standard","meta":{"footnotes":""},"categories":[4],"tags":[11,3495,118,1011,27,3381,12,25],"class_list":{"0":"post-362273","1":"post","2":"type-post","3":"status-publish","4":"format-standard","5":"has-post-thumbnail","7":"category-france","8":"tag-actualites","9":"tag-cold-case","10":"tag-faits-divers","11":"tag-fr","12":"tag-france","13":"tag-gendarmerie","14":"tag-news","15":"tag-republique-francaise"},"share_on_mastodon":{"url":"https:\/\/pubeurope.com\/@fr\/115138167400139252","error":""},"_links":{"self":[{"href":"https:\/\/www.europesays.com\/fr\/wp-json\/wp\/v2\/posts\/362273","targetHints":{"allow":["GET"]}}],"collection":[{"href":"https:\/\/www.europesays.com\/fr\/wp-json\/wp\/v2\/posts"}],"about":[{"href":"https:\/\/www.europesays.com\/fr\/wp-json\/wp\/v2\/types\/post"}],"author":[{"embeddable":true,"href":"https:\/\/www.europesays.com\/fr\/wp-json\/wp\/v2\/users\/2"}],"replies":[{"embeddable":true,"href":"https:\/\/www.europesays.com\/fr\/wp-json\/wp\/v2\/comments?post=362273"}],"version-history":[{"count":0,"href":"https:\/\/www.europesays.com\/fr\/wp-json\/wp\/v2\/posts\/362273\/revisions"}],"wp:featuredmedia":[{"embeddable":true,"href":"https:\/\/www.europesays.com\/fr\/wp-json\/wp\/v2\/media\/362274"}],"wp:attachment":[{"href":"https:\/\/www.europesays.com\/fr\/wp-json\/wp\/v2\/media?parent=362273"}],"wp:term":[{"taxonomy":"category","embeddable":true,"href":"https:\/\/www.europesays.com\/fr\/wp-json\/wp\/v2\/categories?post=362273"},{"taxonomy":"post_tag","embeddable":true,"href":"https:\/\/www.europesays.com\/fr\/wp-json\/wp\/v2\/tags?post=362273"}],"curies":[{"name":"wp","href":"https:\/\/api.w.org\/{rel}","templated":true}]}}