{"id":362277,"date":"2025-09-03T03:12:12","date_gmt":"2025-09-03T03:12:12","guid":{"rendered":"https:\/\/www.europesays.com\/fr\/362277\/"},"modified":"2025-09-03T03:12:12","modified_gmt":"2025-09-03T03:12:12","slug":"nancy-le-secours-populaire-sinstalle-aux-bains-douches","status":"publish","type":"post","link":"https:\/\/www.europesays.com\/fr\/362277\/","title":{"rendered":"Nancy. Le Secours populaire s\u2019installe aux Bains Douches"},"content":{"rendered":"<p>L\u2019ancien cabinet m\u00e9dical de garde Les Bains Douches, situ\u00e9 au 67 rue Saint-Nicolas \u00e0 Nancy, accueille d\u00e9sormais le Secours populaire. <\/p>\n<p>L\u2019ensemble du rez-de-chauss\u00e9e et du premier \u00e9tage est mis \u00e0 disposition par la Ville de Nancy \u00e0 l\u2019association. <\/p>\n<p>Les 430 m2 , r\u00e9nov\u00e9s par la collectivit\u00e9, permettent ainsi la mise en place d\u2019une \u00e9picerie en libre-service au rez-de-chauss\u00e9e avec un accueil pour les parents et enfants autour d\u2019un coin caf\u00e9 jeux et d\u2019un accueil autour de la sant\u00e9 et de l\u2019\u00e9ducation au premier \u00e9tage. Ce lieu d\u2019accueil permettra une \u00e9coute et un dialogue pour les personnes venant chercher une aide alimentaire, et les accompagner vers l\u2019acc\u00e8s aux droits. <\/p>\n<p>A noter que les locaux de l\u2019avenue du G\u00e9n\u00e9ral-Leclerc continueront \u00e0 \u00eatre utilis\u00e9s comme lieu de r\u00e9ception pour la constitution des dossiers. <\/p>\n<p>La bouquinerie reste \u00e9galement dans ces lieux et sa superficie sera augment\u00e9e. Les vestiaires rue du Charmois et de l\u2019avenue Leclerc restent en fonction.<\/p>\n","protected":false},"excerpt":{"rendered":"L\u2019ancien cabinet m\u00e9dical de garde Les Bains Douches, situ\u00e9 au 67 rue Saint-Nicolas \u00e0 Nancy, accueille d\u00e9sormais le&hellip;\n","protected":false},"author":2,"featured_media":362278,"comment_status":"","ping_status":"","sticky":false,"template":"","format":"standard","meta":{"footnotes":""},"categories":[9635],"tags":[1111,11,1704,1777,674,1011,27,775,1702,1703,12,25,801,104,1631],"class_list":{"0":"post-362277","1":"post","2":"type-post","3":"status-publish","4":"format-standard","5":"has-post-thumbnail","7":"category-nancy","8":"tag-actu","9":"tag-actualites","10":"tag-edition-nancy-et-agglomeration","11":"tag-eu","12":"tag-europe","13":"tag-fr","14":"tag-france","15":"tag-grand-est","16":"tag-nancy","17":"tag-nancy-ville-54b","18":"tag-news","19":"tag-republique-francaise","20":"tag-social","21":"tag-societe","22":"tag-vie-associative"},"share_on_mastodon":{"url":"https:\/\/pubeurope.com\/@fr\/115138182958979756","error":""},"_links":{"self":[{"href":"https:\/\/www.europesays.com\/fr\/wp-json\/wp\/v2\/posts\/362277","targetHints":{"allow":["GET"]}}],"collection":[{"href":"https:\/\/www.europesays.com\/fr\/wp-json\/wp\/v2\/posts"}],"about":[{"href":"https:\/\/www.europesays.com\/fr\/wp-json\/wp\/v2\/types\/post"}],"author":[{"embeddable":true,"href":"https:\/\/www.europesays.com\/fr\/wp-json\/wp\/v2\/users\/2"}],"replies":[{"embeddable":true,"href":"https:\/\/www.europesays.com\/fr\/wp-json\/wp\/v2\/comments?post=362277"}],"version-history":[{"count":0,"href":"https:\/\/www.europesays.com\/fr\/wp-json\/wp\/v2\/posts\/362277\/revisions"}],"wp:featuredmedia":[{"embeddable":true,"href":"https:\/\/www.europesays.com\/fr\/wp-json\/wp\/v2\/media\/362278"}],"wp:attachment":[{"href":"https:\/\/www.europesays.com\/fr\/wp-json\/wp\/v2\/media?parent=362277"}],"wp:term":[{"taxonomy":"category","embeddable":true,"href":"https:\/\/www.europesays.com\/fr\/wp-json\/wp\/v2\/categories?post=362277"},{"taxonomy":"post_tag","embeddable":true,"href":"https:\/\/www.europesays.com\/fr\/wp-json\/wp\/v2\/tags?post=362277"}],"curies":[{"name":"wp","href":"https:\/\/api.w.org\/{rel}","templated":true}]}}