{"id":362279,"date":"2025-09-03T03:13:22","date_gmt":"2025-09-03T03:13:22","guid":{"rendered":"https:\/\/www.europesays.com\/fr\/362279\/"},"modified":"2025-09-03T03:13:22","modified_gmt":"2025-09-03T03:13:22","slug":"municipales-a-nancy-mathieu-klein-affute-ses-arguments","status":"publish","type":"post","link":"https:\/\/www.europesays.com\/fr\/362279\/","title":{"rendered":"Municipales \u00e0 Nancy\u00a0: Mathieu Klein aff\u00fbte ses arguments"},"content":{"rendered":"<p>Il n\u2019h\u00e9site pas \u00e0 parler de brouillard pour \u00e9voquer la situation politique. \u00c0 la veille des municipales de 2026, le <a href=\"https:\/\/www.lasemaine.fr\/politique\/municipales-a-nancy-mathieu-klein-chahute-a-gauche\/\" data-type=\"post\" data-id=\"400388\" rel=\"nofollow noopener\" target=\"_blank\">maire socialiste de Nancy<\/a> reconna\u00eet qu\u2019on a d\u00e9j\u00e0 vu plus clair \u00e0 l\u2019horizon\u00a0: \u00ab\u00a0Il faut quand m\u00eame se dire qu\u2019on a encore quelques jours, peut-\u00eatre quelques semaines, de brouillard institutionnel devant nous. Et \u00e7a va impacter grandement, non pas tant les \u00e9lections municipales en elles-m\u00eames\u00a0que la pr\u00e9paration du budget 2026.\u00a0\u00bb<\/p>\n<p>Il met en garde contre les cons\u00e9quences d\u2019un effondrement institutionnel\u00a0: \u00ab\u00a0Moi, je ne veux pas servir de marchepied \u00e0 l\u2019arriv\u00e9e au pouvoir de l\u2019extr\u00eame droite, dans aucun cas de figure. [\u2026] Surtout compte tenu de ce que nous pouvons voir des cons\u00e9quences de l\u2019arriv\u00e9e au pouvoir de l\u2019extr\u00eame droite dans le monde, depuis quelques ann\u00e9es maintenant, <a href=\"https:\/\/www.lasemaine.fr\/economie\/droits-de-douane-de-donald-trump-le-grand-est-tres-expose-selon-franck-leroy\/\" data-type=\"post\" data-id=\"397028\" rel=\"nofollow noopener\" target=\"_blank\">\u00c9tats-Unis inclus.<\/a>\u00a0\u00bb Pour lui, l\u2019heure est \u00e0 une nouvelle lecture des institutions\u00a0: \u00ab\u00a0On peut aujourd\u2019hui vraiment diriger le pays de fa\u00e7on plus parlementaire, plus d\u00e9mocratique, en discutant, en posant les sujets sur la table, en n\u00e9gociant des compromis.\u00a0\u00bb<\/p>\n<p>Municipales 2026\u00a0: un rendez-vous mais pas une obsession<\/p>\n<p>Si les regards se tournent d\u00e9j\u00e0 vers mars\u00a02026, Mathieu Klein se d\u00e9fend de mener une campagne anticip\u00e9e. \u00ab\u00a0Moi, je ne ferai pas une campagne [\u2026] qui ne soit que politique. Parce qu\u2019une \u00e9lection municipale, pour moi, \u00e7a reste quand m\u00eame une \u00e9lection locale. [\u2026] C\u2019est faire en sorte que des femmes et des hommes qui aiment agir pour leur ville puissent trouver l\u2019espace pour le faire\u00a0et sur la base d\u2019un projet partag\u00e9.\u00a0\u00bb \u00c0 le croire, son \u00e9quipe est encore plus motiv\u00e9e que lui\u00a0: \u00ab\u00a0Une \u00e9crasante majorit\u00e9 des \u00e9lus sortants souhaite se repr\u00e9senter. [\u2026] C\u2019est une \u00e9quipe extr\u00eamement active, qui a pass\u00e9 un temps fou sur le terrain, qui est vraiment tr\u00e8s investie dans ses responsabilit\u00e9s.\u00a0\u00bb<\/p>\n<p>S\u00e9curit\u00e9\u00a0: entre pr\u00e9vention et coop\u00e9ration avec l\u2019\u00c9tat<\/p>\n<p>Comme <a href=\"https:\/\/www.lasemaine.fr\/politique\/nancy-mathieu-klein-dresse-son-bilan-et-amorce-sa-campagne\/\" data-type=\"post\" data-id=\"396913\" rel=\"nofollow noopener\" target=\"_blank\">il l\u2019avait fait en juin lors du bilan (officiel)<\/a> de son mandat, Mathieu Klein a remis <a href=\"https:\/\/www.lasemaine.fr\/politique\/bilan-de-la-police-municipale-a-nancy-ce-nest-pas-assez-pour-lopposition\/\" data-type=\"post\" data-id=\"363206\" rel=\"nofollow noopener\" target=\"_blank\">la s\u00e9curit\u00e9 au centre de ses pr\u00e9occupations<\/a>. \u00ab\u00a0Je rappelle que la mendicit\u00e9 agressive est interdite. [\u2026] Nous avons connu ces derniers mois un certain nombre de points de crispation\u00a0sur la place des Vosges, sur le secteur Charles III, sur la place Stan, la nuit.\u00a0\u00bb Et de rappeler que depuis 2020, les effectifs municipaux ont \u00e9t\u00e9 renforc\u00e9s\u00a0: \u00ab\u00a0Quand je suis arriv\u00e9, il y avait 63 agents de police municipale \u00e0 Nancy. [\u2026] On va atteindre, \u00e0 la fin du mandat, une petite centaine de moyens humains d\u00e9di\u00e9s \u00e0 la s\u00e9curit\u00e9 et \u00e0 la m\u00e9diation.\u00a0\u00bb<\/p>\n<p>La Cit\u00e9 judiciaire\u00a0: un dossier sous tension<\/p>\n<p>Parmi les projets structurants, celui de la cit\u00e9 judiciaire illustre les tensions entre l\u2019\u00c9tat et la collectivit\u00e9. \u00ab\u00a0Quand je suis arriv\u00e9 en 2020, la d\u00e9cision d\u2019installer la cit\u00e9 judiciaire sur le site Alstom avait d\u00e9j\u00e0 \u00e9t\u00e9 prise par mes pr\u00e9d\u00e9cesseurs. [\u2026] J\u2019avais exprim\u00e9 une r\u00e9serve d\u00e8s 2019, lorsque Nicole Belloubet avait annonc\u00e9 son choix. Pour moi, c\u2019\u00e9tait le site le plus compliqu\u00e9. Mais je respecte la d\u00e9cision et j\u2019ai engag\u00e9 la ville et la m\u00e9tropole pour rendre ce projet possible.\u00a0\u00bb Mais les blocages demeurent\u00a0: \u00ab\u00a0Tous les march\u00e9s de d\u00e9pollution sont pr\u00eats, sign\u00e9s, valid\u00e9s. Les entreprises sont recrut\u00e9es. Il ne manque qu\u2019une chose\u00a0: que l\u2019\u00c9tat signe l\u2019acte de vente.\u00a0\u00bb<\/p>\n<p>Un rendez-vous avec G\u00e9rald Darmanin, pr\u00e9vu en juillet, a finalement \u00e9t\u00e9 annul\u00e9. \u00ab\u00a0Ce n\u2019est pas mon agenda qui a rendu cette rencontre impossible\u00a0\u00bb, glisse le maire, qui a pris l\u2019initiative d\u2019\u00e9crire au ministre de la Justice. \u00ab\u00a0J\u2019ai propos\u00e9 \u00e0 d\u2019autres parlementaires, dont Thibault Bazin, de cosigner ce courrier. Nous demandons simplement que l\u2019\u00c9tat respecte ses engagements. [\u2026] La campagne qui consiste \u00e0 faire porter le chapeau \u00e0 la m\u00e9tropole n\u2019est pas honn\u00eate.\u00a0\u00bb<\/p>\n<p>Opposition municipale\u00a0: des critiques rejet\u00e9es<\/p>\n<p>Mathieu Klein a aussi r\u00e9agi aux attaques de l\u2019opposition, men\u00e9es vendredi dernier par <a href=\"https:\/\/www.lasemaine.fr\/politique\/municipales-2026-a-nancy-laurent-henart-se-lance-t-il-dans-la-campagne\/\" data-type=\"post\" data-id=\"394975\" rel=\"nofollow noopener\" target=\"_blank\">Laurent H\u00e9nart<\/a> et Val\u00e9rie Debord, qui ont fustig\u00e9 des projets \u00ab\u00a0irr\u00e9alistes et trop co\u00fbteux\u00a0\u00bb, un Centre de supervision urbain (CSU) \u00ab\u00a0\u00e0 l\u2019arr\u00eat\u00a0\u00bb et une ville \u00ab\u00a0droit dans le mur\u00a0\u00bb financi\u00e8rement. \u00ab\u00a0Les projets annonc\u00e9s ne sont pas des annonces de fin de mandat. [\u2026] Le temps de l\u2019urbanisme, ce n\u2019est jamais le temps d\u2019un mandat. La transformation d\u2019une ville, cela se fait sur des dizaines d\u2019ann\u00e9es, et c\u2019est normal.\u00a0\u00bb Sur le CSU, il insiste\u00a0: \u00ab\u00a0L\u2019histoire de l\u2019abandon du CSU, je ne vois pas. [\u2026] On a ajout\u00e9 une trentaine de cam\u00e9ras dans le mandat.\u00a0\u00bb<\/p>\n<p>Le RN, une menace prise au s\u00e9rieux<\/p>\n<p>Enfin, Mathieu Klein alerte sur la progression de l\u2019extr\u00eame droite\u00a0: \u00ab\u00a0Jusqu\u2019\u00e0 maintenant, Nancy a \u00e9t\u00e9 pr\u00e9serv\u00e9e. Mais c\u2019est fini. Le vote RN, jusqu\u2019\u00e0 maintenant, s\u2019est plus affranchi que les autres de la question personnelle. \u00c7a a toujours \u00e9t\u00e9 plus un vote d\u2019\u00e9tiquette qu\u2019un vote personnel. [\u2026] Je ne crois pas que Nancy soit malheureusement plus pr\u00e9serv\u00e9e qu\u2019une autre.\u00a0\u00bb Il confie m\u00eame\u00a0: \u00ab\u00a0Pendant la campagne des l\u00e9gislatives de 2024, j\u2019ai eu des discussions \u00e9difiantes avec certains notables nanc\u00e9iens qui ont dit avoir vot\u00e9 RN pour la premi\u00e8re fois. [\u2026] La d\u00e9diabolisation a fonctionn\u00e9.\u00a0\u00bb<\/p>\n<p>Mais il conclut avec un brin d\u2019optimisme\u00a0: \u00ab\u00a0Mais je crois profond\u00e9ment que les racines humanistes de Nancy nous pr\u00e9serveront d\u2019une vague d\u2019extr\u00eame droite. Il ne faut pas \u00eatre na\u00eff, mais il y a dans cette ville une tradition qui r\u00e9siste.\u00a0\u00bb<\/p>\n","protected":false},"excerpt":{"rendered":"Il n\u2019h\u00e9site pas \u00e0 parler de brouillard pour \u00e9voquer la situation politique. \u00c0 la veille des municipales de&hellip;\n","protected":false},"author":2,"featured_media":362280,"comment_status":"","ping_status":"","sticky":false,"template":"","format":"standard","meta":{"footnotes":""},"categories":[9635],"tags":[1111,11,1777,674,1011,27,775,1702,12,25],"class_list":{"0":"post-362279","1":"post","2":"type-post","3":"status-publish","4":"format-standard","5":"has-post-thumbnail","7":"category-nancy","8":"tag-actu","9":"tag-actualites","10":"tag-eu","11":"tag-europe","12":"tag-fr","13":"tag-france","14":"tag-grand-est","15":"tag-nancy","16":"tag-news","17":"tag-republique-francaise"},"share_on_mastodon":{"url":"https:\/\/pubeurope.com\/@fr\/115138186640415908","error":""},"_links":{"self":[{"href":"https:\/\/www.europesays.com\/fr\/wp-json\/wp\/v2\/posts\/362279","targetHints":{"allow":["GET"]}}],"collection":[{"href":"https:\/\/www.europesays.com\/fr\/wp-json\/wp\/v2\/posts"}],"about":[{"href":"https:\/\/www.europesays.com\/fr\/wp-json\/wp\/v2\/types\/post"}],"author":[{"embeddable":true,"href":"https:\/\/www.europesays.com\/fr\/wp-json\/wp\/v2\/users\/2"}],"replies":[{"embeddable":true,"href":"https:\/\/www.europesays.com\/fr\/wp-json\/wp\/v2\/comments?post=362279"}],"version-history":[{"count":0,"href":"https:\/\/www.europesays.com\/fr\/wp-json\/wp\/v2\/posts\/362279\/revisions"}],"wp:featuredmedia":[{"embeddable":true,"href":"https:\/\/www.europesays.com\/fr\/wp-json\/wp\/v2\/media\/362280"}],"wp:attachment":[{"href":"https:\/\/www.europesays.com\/fr\/wp-json\/wp\/v2\/media?parent=362279"}],"wp:term":[{"taxonomy":"category","embeddable":true,"href":"https:\/\/www.europesays.com\/fr\/wp-json\/wp\/v2\/categories?post=362279"},{"taxonomy":"post_tag","embeddable":true,"href":"https:\/\/www.europesays.com\/fr\/wp-json\/wp\/v2\/tags?post=362279"}],"curies":[{"name":"wp","href":"https:\/\/api.w.org\/{rel}","templated":true}]}}