{"id":36228,"date":"2025-04-19T10:10:19","date_gmt":"2025-04-19T10:10:19","guid":{"rendered":"https:\/\/www.europesays.com\/fr\/36228\/"},"modified":"2025-04-19T10:10:19","modified_gmt":"2025-04-19T10:10:19","slug":"aprile-festival-lart-sinvite-dans-des-appartements-prives-de-lyon","status":"publish","type":"post","link":"https:\/\/www.europesays.com\/fr\/36228\/","title":{"rendered":"\u00c0prile Festival : l&rsquo;art s&rsquo;invite dans des appartements priv\u00e9s de Lyon"},"content":{"rendered":"<p><img loading=\"lazy\" decoding=\"async\" alt=\"\u00a9 Shutterstock - Aprile festival ouvre ce vendredi 18 avril \u00e0 Lyon au d\u00e9part du bastion Saint-Just.\" data-zoom-src=\"https:\/\/www.europesays.com\/fr\/wp-content\/uploads\/2025\/04\/initial-aprile-festivale-lyon-turin-2025-credit-shutterstock.jpg\" data-zoomable=\"\" height=\"702\" src=\"https:\/\/www.europesays.com\/fr\/wp-content\/uploads\/2025\/04\/initial-aprile-festivale-lyon-turin-2025-credit-shutterstock.jpg\" width=\"1248\"\/>  <\/p>\n<p class=\"article-desc\">\u00a9 Shutterstock &#8211; Aprile festival ouvre ce vendredi 18 avril \u00e0 Lyon au d\u00e9part du bastion Saint-Just. <\/p>\n<p>Si le<strong> tunnel Lyon-Turin<\/strong> <a href=\"https:\/\/mesinfos.fr\/73140-saint-martin-de-la-porte\/lyon-turin-un-chantier-pas-encore-a-plein-regime-219650.html\" rel=\"nofollow noopener\" target=\"_blank\">est toujours en chantier<\/a>, un <strong>pont artistique<\/strong> se met en place entre les deux villes du <strong>18 au 20 avril 2025<\/strong>.\u00a0 <\/p>\n<p><strong>\u00c0prile Festival<\/strong> fait office de projecteur illuminant le talent de jeunes artistes et commissaires d&rsquo;exposition, qui transforment des <strong>appartements priv\u00e9s<\/strong> en salles d\u2019<strong>exposition \u00e9ph\u00e9m\u00e8res<\/strong>. <\/p>\n<p>\u00c0prile Festival : rencontre entre les arts lyonnais et turinois <\/p>\n<p>Venu d\u2019Italie, ce <strong>festival <\/strong>cherche \u00e0 \u00ab\u00a0<strong>d\u00e9cloisonner l\u2019art<\/strong>\u00a0\u00bb en retirant tout \u00e9litisme culturel par le biais d\u2019une vision<strong> in\u00e9dite<\/strong> du concept d\u2019exposition. La d\u00e9clinaison d\u2019espaces familiers permet ainsi un rapport culturel nouveau, alliant convivialit\u00e9 et apprentissage.\u00a0 <\/p>\n<blockquote class=\"instagram-media\" data-instgrm-captioned=\"\" data-instgrm-permalink=\"https:\/\/www.instagram.com\/p\/DICGx6Woabp\/?utm_source=ig_embed&amp;utm_campaign=loading\" data-instgrm-version=\"14\" style=\"background:#fff;border:0;border-radius:3px;box-shadow:0 0 1px 0 rgba(0,0,0,.5),0 1px 10px 0 rgba(0,0,0,.15);margin:1px;max-width:540px;min-width:326px;padding:0;width:calc(100% - 2px)\"><\/blockquote>\n<p>La visite consiste en un <strong>parcours artistique gratuit<\/strong> du <strong>1er arrondissement<\/strong> de <strong>Lyon<\/strong> \u00e0 pied, rythm\u00e9 par des <strong>concerts<\/strong>, <strong>rencontres<\/strong> et autres <strong>performances<\/strong>.\u00a0<\/p>\n<p>Apr\u00e8s l\u2019\u00e9dition du 11 au 13 avril \u00e0 <strong>Turin<\/strong>, l\u2019exp\u00e9rience se rend donc \u00e0 Lyon du <strong>vendredi 18 au dimanche 20 avril<\/strong>.\u00a0<\/p>\n<p>En plus de cr\u00e9er un lien avec la ville de Turin, la visite se d\u00e9cortique en <strong>huit expositions<\/strong> \u00e0 propos desquelles les visiteurs pourront \u00e9changer autour d\u2019<strong>\u00e9v\u00e8nements festifs<\/strong> tels qu\u2019un <strong>DJ set<\/strong>, des <strong>conf\u00e9rences<\/strong> et des Group show.\u00a0 <\/p>\n<p>L\u2019ouverture prend place au <strong>bastion Saint Just<\/strong> ce vendredi 18 avril \u00e0 <strong>14h<\/strong>, supervis\u00e9e par l\u2019<strong>\u00e9quipe turinoise<\/strong> et les <strong>artistes de Gamut<\/strong> dans une <strong>galerie-tunnel in\u00e9dite<\/strong> et am\u00e9nag\u00e9e pour l\u2019occasion.\u00a0 <\/p>\n<p>Infos pratiques <\/p>\n<p>Adresses : inauguration au bastion Saint Just &#8211; 8 place de l&rsquo;Abb\u00e9 Larue. Pour l&rsquo;adresse des expositions du week-end, reportez-vous au <strong>compte Instagram<\/strong> du festival. <\/p>\n<p>Horaires et tarifs : vendredi 18 de 14h \u00e0 21h30, samedi et dimanche de 14h \u00e0 19h. Entr\u00e9e libre et gratuite.<\/p>\n<p><script async src=\"\/\/www.instagram.com\/embed.js\"><\/script><\/p>\n","protected":false},"excerpt":{"rendered":"\u00a9 Shutterstock &#8211; Aprile festival ouvre ce vendredi 18 avril \u00e0 Lyon au d\u00e9part du bastion Saint-Just. Si&hellip;\n","protected":false},"author":2,"featured_media":36229,"comment_status":"","ping_status":"","sticky":false,"template":"","format":"standard","meta":{"footnotes":""},"categories":[1889],"tags":[1111,11,2430,1777,674,1011,27,1393,2428,12,25,3336],"class_list":{"0":"post-36228","1":"post","2":"type-post","3":"status-publish","4":"format-standard","5":"has-post-thumbnail","7":"category-lyon","8":"tag-actu","9":"tag-actualites","10":"tag-auvergne-rhone-alpes","11":"tag-eu","12":"tag-europe","13":"tag-fr","14":"tag-france","15":"tag-loisirs","16":"tag-lyon","17":"tag-news","18":"tag-republique-francaise","19":"tag-sortir-u00e0-lyon"},"share_on_mastodon":{"url":"https:\/\/pubeurope.com\/@fr\/114364089866589492","error":""},"_links":{"self":[{"href":"https:\/\/www.europesays.com\/fr\/wp-json\/wp\/v2\/posts\/36228","targetHints":{"allow":["GET"]}}],"collection":[{"href":"https:\/\/www.europesays.com\/fr\/wp-json\/wp\/v2\/posts"}],"about":[{"href":"https:\/\/www.europesays.com\/fr\/wp-json\/wp\/v2\/types\/post"}],"author":[{"embeddable":true,"href":"https:\/\/www.europesays.com\/fr\/wp-json\/wp\/v2\/users\/2"}],"replies":[{"embeddable":true,"href":"https:\/\/www.europesays.com\/fr\/wp-json\/wp\/v2\/comments?post=36228"}],"version-history":[{"count":0,"href":"https:\/\/www.europesays.com\/fr\/wp-json\/wp\/v2\/posts\/36228\/revisions"}],"wp:featuredmedia":[{"embeddable":true,"href":"https:\/\/www.europesays.com\/fr\/wp-json\/wp\/v2\/media\/36229"}],"wp:attachment":[{"href":"https:\/\/www.europesays.com\/fr\/wp-json\/wp\/v2\/media?parent=36228"}],"wp:term":[{"taxonomy":"category","embeddable":true,"href":"https:\/\/www.europesays.com\/fr\/wp-json\/wp\/v2\/categories?post=36228"},{"taxonomy":"post_tag","embeddable":true,"href":"https:\/\/www.europesays.com\/fr\/wp-json\/wp\/v2\/tags?post=36228"}],"curies":[{"name":"wp","href":"https:\/\/api.w.org\/{rel}","templated":true}]}}