{"id":362281,"date":"2025-09-03T03:15:12","date_gmt":"2025-09-03T03:15:12","guid":{"rendered":"https:\/\/www.europesays.com\/fr\/362281\/"},"modified":"2025-09-03T03:15:12","modified_gmt":"2025-09-03T03:15:12","slug":"municipales-a-toulon-pourquoi-la-succession-de-lancien-maire-hubert-falco-vire-au-casse-tete-a-droite","status":"publish","type":"post","link":"https:\/\/www.europesays.com\/fr\/362281\/","title":{"rendered":"Municipales \u00e0 Toulon: pourquoi la succession de l&rsquo;ancien maire Hubert Falco vire au casse-t\u00eate \u00e0 droite"},"content":{"rendered":"<p>Dans un coin privatis\u00e9 de la brasserie toulonnaise Chez le brasseur, place de la Libert\u00e9, vendredi 29 ao\u00fbt. Assis autour de la m\u00eame table, quatre potentiels candidats \u00e0 la mairie de Toulon en 2026: l\u2019actuelle maire <strong>Jos\u00e9e Massi<\/strong>, le s\u00e9nateur LR <strong>Michel Bonnus<\/strong>, le d\u00e9put\u00e9 macroniste <strong>Yannick Chenevard<\/strong>, ainsi que le conseiller municipal <strong>Beno\u00eet Pelletier<\/strong>, ex-directeur de cabinet d\u2019Hubert Falco \u00e0 la M\u00e9tropole TPM.<\/p>\n<p>Et au centre, <strong>Hubert Falco<\/strong> lui-m\u00eame. Bien que d\u00e9finitivement condamn\u00e9 \u00e0 cinq ans d\u2019in\u00e9ligibilit\u00e9 pour recel de d\u00e9tournement de fonds publics, c\u2019est \u00e0 lui que revient l\u2019initiative de cette \u00ab\u00a0r\u00e9union de travail\u00a0\u00bb,<a href=\"https:\/\/www.varmatin.com\/politique\/hubert-falco-josee-massi-michel-bonnus-vers-un-accord-pour-contrer-laure-lavalette--999668\" rel=\"nofollow noopener\" target=\"_blank\"> sorte de G5 extraordinaire de la droite toulonnaise<\/a>.<\/p>\n<p>Un sc\u00e9nario inimaginable il y a encore quelques semaines tant les tensions \u00e9taient exacerb\u00e9es entre les membres de cette famille politique \u00e9clat\u00e9e. L\u2019occasion r\u00eav\u00e9e de s\u2019entendre sur le choix d\u2019une t\u00eate de liste, \u00e0 six mois des \u00e9lections? Ou a minima, d\u2019officialiser le principe d\u2019une liste unique, face \u00e0 la d\u00e9put\u00e9e RN <strong>Laure Lavalette<\/strong>, donn\u00e9e favorite avant m\u00eame de faire campagne? \u00ab\u00a0Vous avez vu de la fum\u00e9e blanche sortir? Moi, non&#8230;\u00a0\u00bb, constate une adjointe de la mairie de Toulon.<\/p>\n<p>\u00ab\u00a0Chacun s\u2019est \u00e9cout\u00e9\u00a0\u00bb<\/p>\n<p>Aucune communication officielle n\u2019a \u00e9t\u00e9 pr\u00e9vue. \u00ab\u00a0Nous avons bien travaill\u00e9 ensemble pour Toulon \u00ab\u00a0, rapporte Yannick Chenevard, comme simple commentaire. M\u00eame strat\u00e9gie d\u2019en dire le moins possible c\u00f4t\u00e9 Jos\u00e9e Massi. \u00ab\u00a0Il est trop t\u00f4t pour que je m\u2019exprime publiquement sur les municipales, conc\u00e8de Hubert Falco. Mais nous travaillons \u00e0 l\u2019unit\u00e9 pour faire gagner Toulon.\u00a0\u00bb Seul Michel Bonnus \u00e9voque le contenu et le ton: \u00ab\u00a0On a fait le tour des sujets importants, notamment une \u00e9ventuelle dissolution. Mais on a surtout discut\u00e9 de Toulon, \u00e0 travers la rentr\u00e9e scolaire, la culture, le sport, l\u2019endettement positif, le bilan depuis 2001 et les projets. Et tout \u00e7a, en parlant \u00e0 b\u00e2tons rompus. Chacun s\u2019est \u00e9cout\u00e9. \u00c7a a \u00e9t\u00e9 tr\u00e8s productif. \u00a0\u00bb Il ajoute en rigolant: \u00ab\u00a0On s\u2019est m\u00eame fait la bise en partant.\u00a0\u00bb Et sinon, quid du leadership? L\u2019ancien rugbyman du RCT botte en touche. \u00a0\u00bb Pas de pr\u00e9cipitation, temp\u00e8re-t-il. Laissons les choses se faire tranquillement.\u00a0\u00bb<\/p>\n<p>Dernier point \u00e0 retenir de ces \u00e9changes: le r\u00f4le d\u2019Hubert Falco. \u00ab\u00a0Il est tr\u00e8s bienveillant et veut faire les choses proprement\u00a0\u00bb, assure le s\u00e9nateur varois, qui a d\u00e9j\u00e0 <a href=\"https:\/\/www.varmatin.com\/politique\/municipales-2026-les-lr-contre-des-accords-avec-le-rn-et-l-udr-989422\" rel=\"nofollow noopener\" target=\"_blank\">la b\u00e9n\u00e9diction de Jean-Louis Masson<\/a>, pr\u00e9sident (LR) du conseil d\u00e9partemental du Var. Fin juin, l\u2019ancien maire de Toulon avait, lui, apport\u00e9 <a href=\"https:\/\/www.varmatin.com\/politique\/l-ancien-maire-hubert-falco-apporte-son-soutien-a-josee-massi-pour-les-municipales-de-2026-a-toulon-991233\" rel=\"nofollow noopener\" target=\"_blank\">son soutien \u00e0 Jos\u00e9e Massi<\/a>, qui venait juste de confier ses ambitions \u00e9lectorales \u00e0 sa majorit\u00e9 municipale. Un soutien officiel, bien que du bout des l\u00e8vres, toujours valable aujourd\u2019hui? Pas si s\u00fbr. Toutes les cartes sont encore sur la table alors qu\u2019aucun profil ne s\u2019est r\u00e9v\u00e9l\u00e9 comme une \u00e9vidence. Et pour cause.<\/p>\n<p>Des ambitions bris\u00e9es?<\/p>\n<p>\u00ab\u00a0C\u2019est le r\u00e9sultat de vingt-deux ann\u00e9es de r\u00e8gne sans partage d\u2019Hubert Falco, commente <strong>C\u00e9cile Muschotti<\/strong>, conseill\u00e8re d\u2019opposition Union des centristes et des \u00e9cologistes. Il n\u2019a fait \u00e9merger personne de son \u00e9quipe et n\u2019a pas voulu pr\u00e9parer sa succession. Il en \u00e9tait incapable, comme l\u2019ancien pr\u00e9sident de la R\u00e9gion Michel Vauzelle. Pire, quand Michel Bonnus a commenc\u00e9 \u00e0 lui faire de l\u2019ombre, il l\u2019a \u00e9cart\u00e9 de la mairie en l\u2019envoyant au S\u00e9nat, loin de la gestion de la ville.\u00a0\u00bb Celle qui a \u00e9t\u00e9 d\u00e9put\u00e9e LREM enfonce le clou: \u00ab\u00a0Aucun autre n\u2019a os\u00e9 avoir des ambitions tant qu\u2019Hubert Falco \u00e9tait au pouvoir. On n\u2019a, par exemple, jamais entendu la voix de certains adjoints.\u00a0\u00bb<\/p>\n<p>Responsable des Jeunes LR 83, avant de prendre la t\u00eate de l\u2019Union des Droite d\u2019Eric Ciotti dans le Var et de s\u2019associer \u00e0 Laure Lavalette, <strong>Julien Argento<\/strong> a un regard assez similaire: \u00ab\u00a0Du temps de Falco, Toulon a \u00e9t\u00e9 une baronnie. Le chef de clan et bon gestionnaire qu\u2019il \u00e9tait a pr\u00e9f\u00e9r\u00e9 la politique de la terre br\u00fbl\u00e9e plut\u00f4t qu\u2019anticiper l\u2019apr\u00e8s. Il aurait d\u00fb s\u2019y mettre d\u00e8s 2020. C\u2019est son erreur.\u00a0\u00bb Celui-ci cite trois noms d\u2019adjoints \u00ab\u00a0comp\u00e9tents, jeunes et engag\u00e9s qui auraient pu prendre une autre dimension si on leur avait propos\u00e9\u00a0\u00bb: Mohammed Mahali (urbanisme), Laurent Bonnet (sports) et Christophe Moreno (dynamisation commerciale). \u00ab\u00a0Ils n\u2019ont pas pu \u00e9clore, l\u00e2che Julien Argento. Or, assurer sa succession, c\u2019est tout aussi important que bien gouverner sa ville.\u00a0\u00bb<\/p>\n<p>En interne, beaucoup esp\u00e9raient \u00ab\u00a0ne pas se retrouver dans une telle situation\u00a0\u00bb. \u00ab\u00a0La question de savoir qui serait l\u2019h\u00e9ritier d\u2019Hubert ne s\u2019est jamais vraiment pos\u00e9e, glisse un proche de l\u2019ancien maire. Jusqu\u2019\u00e0 son dernier recours judiciaire, il a cru \u00e0 son retour. Et nous aussi. Il n\u2019y a rien \u00e0 regretter. On ne va pas refaire le match. L\u2019heure est \u00e0 l\u2019union. Il n\u2019est pas trop tard pour \u00e7a.\u00a0\u00bb Au lendemain de la r\u00e9union au sommet de vendredi dernier, les cinq protagonistes se sont revus: en tant qu\u2019invit\u00e9s au mariage de <strong>Val\u00e9rie Montone<\/strong> (adjointe \u00e0 la famille), cette fois. Avant d\u2019autres n\u00e9gociations pr\u00e9vues ce jeudi, d\u2019apr\u00e8s nos informations. Le moment venu de dire oui \u00e0 une candidature unique de la droite?<\/p>\n<p>              <img ci-src=\"https:\/\/www.varmatin.com\/politique\/protec\/DATA_ART_16167941-4bv7mBrG.jpg?vh=e23ec0&amp;ci_seal=5b86fd44a5\" alt=\"\"\/><br \/>\n         <strong>Deligne.<\/strong> <\/p>\n","protected":false},"excerpt":{"rendered":"Dans un coin privatis\u00e9 de la brasserie toulonnaise Chez le brasseur, place de la Libert\u00e9, vendredi 29 ao\u00fbt.&hellip;\n","protected":false},"author":2,"featured_media":362282,"comment_status":"","ping_status":"","sticky":false,"template":"","format":"standard","meta":{"footnotes":""},"categories":[9619],"tags":[1111,11,1777,674,1011,27,12,316,882,25,2310],"class_list":{"0":"post-362281","1":"post","2":"type-post","3":"status-publish","4":"format-standard","5":"has-post-thumbnail","7":"category-toulon","8":"tag-actu","9":"tag-actualites","10":"tag-eu","11":"tag-europe","12":"tag-fr","13":"tag-france","14":"tag-news","15":"tag-politique","16":"tag-provence-alpes-cote-dazur","17":"tag-republique-francaise","18":"tag-toulon"},"share_on_mastodon":{"url":"https:\/\/pubeurope.com\/@fr\/115138194503783076","error":""},"_links":{"self":[{"href":"https:\/\/www.europesays.com\/fr\/wp-json\/wp\/v2\/posts\/362281","targetHints":{"allow":["GET"]}}],"collection":[{"href":"https:\/\/www.europesays.com\/fr\/wp-json\/wp\/v2\/posts"}],"about":[{"href":"https:\/\/www.europesays.com\/fr\/wp-json\/wp\/v2\/types\/post"}],"author":[{"embeddable":true,"href":"https:\/\/www.europesays.com\/fr\/wp-json\/wp\/v2\/users\/2"}],"replies":[{"embeddable":true,"href":"https:\/\/www.europesays.com\/fr\/wp-json\/wp\/v2\/comments?post=362281"}],"version-history":[{"count":0,"href":"https:\/\/www.europesays.com\/fr\/wp-json\/wp\/v2\/posts\/362281\/revisions"}],"wp:featuredmedia":[{"embeddable":true,"href":"https:\/\/www.europesays.com\/fr\/wp-json\/wp\/v2\/media\/362282"}],"wp:attachment":[{"href":"https:\/\/www.europesays.com\/fr\/wp-json\/wp\/v2\/media?parent=362281"}],"wp:term":[{"taxonomy":"category","embeddable":true,"href":"https:\/\/www.europesays.com\/fr\/wp-json\/wp\/v2\/categories?post=362281"},{"taxonomy":"post_tag","embeddable":true,"href":"https:\/\/www.europesays.com\/fr\/wp-json\/wp\/v2\/tags?post=362281"}],"curies":[{"name":"wp","href":"https:\/\/api.w.org\/{rel}","templated":true}]}}