{"id":362283,"date":"2025-09-03T03:17:24","date_gmt":"2025-09-03T03:17:24","guid":{"rendered":"https:\/\/www.europesays.com\/fr\/362283\/"},"modified":"2025-09-03T03:17:24","modified_gmt":"2025-09-03T03:17:24","slug":"montpellier-le-secteur-de-lenergie-ouvre-le-bal-de-la-rentree-sociale","status":"publish","type":"post","link":"https:\/\/www.europesays.com\/fr\/362283\/","title":{"rendered":"Montpellier : le secteur de l&rsquo;\u00e9nergie ouvre le bal de la rentr\u00e9e sociale"},"content":{"rendered":"<p>\t\t\t\t<a href=\"https:\/\/www.europesays.com\/fr\/wp-content\/uploads\/2025\/09\/CGT-mines-energie.jpg\" data-lightbox=\"lb\" data-title=\"Les salari\u00e9s du secteur de l'\u00e9nergie \u00e9taient en gr\u00e8ve ce mardi 2 septembre. (\" le=\"\" poing=\"\"><br \/>\n\t\t\t\t\t<img decoding=\"async\" class=\"wp-image-7214 size-full\" src=\"https:\/\/www.europesays.com\/fr\/wp-content\/uploads\/2025\/09\/CGT-mines-energie.jpg\"\/><br \/>\n\t\t\t\t<\/a><\/p>\n<p>Les salari\u00e9s du secteur de l&rsquo;\u00e9nergie \u00e9taient en gr\u00e8ve ce mardi 2 septembre. (\u00ab\u00a0Le Poing\u00a0\u00bb)<\/p>\n<p><strong>En gr\u00e8ve \u00e0 partir de ce 2 septembre \u00e0 l\u2019appel de la FNME-CGT, les agents du secteur de l\u2019\u00e9nergie revendiquent des hausses de salaires. A Montpellier, le syndicat annonce \u00e9galement une journ\u00e9e de mobilisation le 10 septembre<\/strong><\/p>\n<p>Il y a de l\u2019eau dans le gaz entre La CGT Mines-Energie et les directions du secteur. Le syndicat a appel\u00e9 \u00e0 la gr\u00e8ve \u00e0 partir du 2 septembre pour demander des hausses de salaires. Ce mardi matin, ce sont plus de 180 sites qui sont mobilis\u00e9s dans toute la France. A Montpellier, Marc Michel, coordinateur r\u00e9gional Mines-Energie de la CGT pr\u00e9cise les raisons de la pr\u00e9sence des salari\u00e9s sur le piquet de gr\u00e8ve devant les locaux d\u2019Enedis : \u201cNous voulons rouvrir les n\u00e9gociations sur la question des salaires. Aujourd\u2019hui, dans le secteur, trois \u00e9chelons de la grille salariale sont en dessous du SMIC, nous demandons donc une hausse de 9%.\u201d  Le syndicat demande aussi la cr\u00e9ation de deux \u00e9chelons d\u2019anciennet\u00e9 pour suivre le d\u00e9calage de l\u2019\u00e2ge de d\u00e9part \u00e0 la retraite, pass\u00e9 de 60 \u00e0 64 ans. <\/p>\n<p>\u201cEntre 2021 et 2024, les salari\u00e9s du secteur ont perdu 4% de pouvoir d\u2019achat\u201d, embraye Sabrina Guillaud, secr\u00e9taire g\u00e9n\u00e9rale la FNME-CGT 34, qui observe une d\u00e9gradation des conditions de travail dans le secteur. \u201cOn constate une augmentation du recours aux int\u00e9rimaires et \u00e0 la sous-traitance pour le raccordement au r\u00e9seau ou les petites interventions, ce qui pr\u00e9carise le secteur\u201d, d\u00e9plore-t-elle. <\/p>\n<p>Contre la hausse des factures d\u2019\u00e9lectricit\u00e9<\/p>\n<p>Les salari\u00e9s mobilis\u00e9s d\u00e9noncent \u00e9galement la hausse des factures d\u2019\u00e9lectricit\u00e9s pour les entreprises et les m\u00e9nages : depuis le premier ao\u00fbt, la TVA appliqu\u00e9e sur l\u2019ensemble des factures d\u2019\u00e9lectricit\u00e9 et de gaz \u2013 abonnement et consommation comprise \u2013 <a href=\"https:\/\/www.humanite.fr\/social-et-economie\/energie\/nouvelle-hausse-pour-les-factures-denergie-les-petits-consommateurs-encore-penalises\" target=\"_blank\" rel=\"noreferrer noopener nofollow\">a \u00e9t\u00e9 rehauss\u00e9e \u00e0 20\u00a0% contre 5,5\u00a0% auparavant<\/a>. \u201cIl faut un retour au march\u00e9 r\u00e9gul\u00e9 et au juste prix\u201d, affirme Marc Michel. \u201cNous sommes pour une gestion publique de l\u2019\u00e9nergie, o\u00f9 les citoyens int\u00e8grent les comit\u00e9s d\u2019entreprises en tant qu\u2019usager pour faire entendre leur voix.\u201d <\/p>\n<p>La gr\u00e8ve, initialement pr\u00e9vue jusqu\u2019au 4 septembre, pourrait bien \u00eatre reconduite. A Montpellier, la FNME-CGT appelle \u00e0 la gr\u00e8ve le 10 septembre, en plus de la journ\u00e9e de gr\u00e8ve annonc\u00e9e par l\u2019intersyndicale le 18. \u201cNous voulons lutter contre le budget Bayrou en portant sur nos lieux de travail des revendications sur les salaires, la retraite \u00e0 60 ans et contre l\u2019aust\u00e9rit\u00e9\u201d, d\u00e9clare Marc Michel. <\/p>\n<p>Nos articles sont gratuits car nous pensons que la presse ind\u00e9pendante doit \u00eatre accessible \u00e0 toutes et tous. Pourtant, produire une information engag\u00e9e et de qualit\u00e9 n\u00e9cessite du temps et de l\u2019argent, surtout quand on refuse d\u2019\u00eatre aux ordres de Bollor\u00e9 et de ses amis\u2026 Pourvu que \u00e7a dure\u00a0! \u00c7a tombe bien, \u00e7a ne tient qu\u2019\u00e0 vous :<\/p>\n","protected":false},"excerpt":{"rendered":"Les salari\u00e9s du secteur de l&rsquo;\u00e9nergie \u00e9taient en gr\u00e8ve ce mardi 2 septembre. (\u00ab\u00a0Le Poing\u00a0\u00bb) En gr\u00e8ve \u00e0&hellip;\n","protected":false},"author":2,"featured_media":362284,"comment_status":"","ping_status":"","sticky":false,"template":"","format":"standard","meta":{"footnotes":""},"categories":[9599],"tags":[1111,11,1777,674,1011,27,2208,12,2680,25],"class_list":{"0":"post-362283","1":"post","2":"type-post","3":"status-publish","4":"format-standard","5":"has-post-thumbnail","7":"category-montpellier","8":"tag-actu","9":"tag-actualites","10":"tag-eu","11":"tag-europe","12":"tag-fr","13":"tag-france","14":"tag-montpellier","15":"tag-news","16":"tag-occitanie","17":"tag-republique-francaise"},"share_on_mastodon":{"url":"https:\/\/pubeurope.com\/@fr\/115138202457050188","error":""},"_links":{"self":[{"href":"https:\/\/www.europesays.com\/fr\/wp-json\/wp\/v2\/posts\/362283","targetHints":{"allow":["GET"]}}],"collection":[{"href":"https:\/\/www.europesays.com\/fr\/wp-json\/wp\/v2\/posts"}],"about":[{"href":"https:\/\/www.europesays.com\/fr\/wp-json\/wp\/v2\/types\/post"}],"author":[{"embeddable":true,"href":"https:\/\/www.europesays.com\/fr\/wp-json\/wp\/v2\/users\/2"}],"replies":[{"embeddable":true,"href":"https:\/\/www.europesays.com\/fr\/wp-json\/wp\/v2\/comments?post=362283"}],"version-history":[{"count":0,"href":"https:\/\/www.europesays.com\/fr\/wp-json\/wp\/v2\/posts\/362283\/revisions"}],"wp:featuredmedia":[{"embeddable":true,"href":"https:\/\/www.europesays.com\/fr\/wp-json\/wp\/v2\/media\/362284"}],"wp:attachment":[{"href":"https:\/\/www.europesays.com\/fr\/wp-json\/wp\/v2\/media?parent=362283"}],"wp:term":[{"taxonomy":"category","embeddable":true,"href":"https:\/\/www.europesays.com\/fr\/wp-json\/wp\/v2\/categories?post=362283"},{"taxonomy":"post_tag","embeddable":true,"href":"https:\/\/www.europesays.com\/fr\/wp-json\/wp\/v2\/tags?post=362283"}],"curies":[{"name":"wp","href":"https:\/\/api.w.org\/{rel}","templated":true}]}}