{"id":362285,"date":"2025-09-03T03:18:13","date_gmt":"2025-09-03T03:18:13","guid":{"rendered":"https:\/\/www.europesays.com\/fr\/362285\/"},"modified":"2025-09-03T03:18:13","modified_gmt":"2025-09-03T03:18:13","slug":"expulsion-du-bidonville-de-montpellier-les-dispositifs-ne-sont-pas-adaptes-aux-besoins-deplore-lassociation-area","status":"publish","type":"post","link":"https:\/\/www.europesays.com\/fr\/362285\/","title":{"rendered":"Expulsion du bidonville de Montpellier\u00a0: \u00ab\u00a0les dispositifs ne sont pas adapt\u00e9s aux besoins\u00a0\u00bb, d\u00e9plore l\u2019association Area"},"content":{"rendered":"<p>\n                                                                L\u2019association Area, qui intervenait au bidonville de Jasse de Maurin, expuls\u00e9 le jeudi 28\u00a0ao\u00fbt, d\u00e9plore \u00ab\u00a0des moyens insuffisants et pas adapt\u00e9s aux personnes\u00a0\u00bb.\n                            <\/p>\n<p>L\u2019association Area, qui intervient dans plusieurs bidonvilles et a accompagn\u00e9 270 personnes vers un logement depuis 2016, ne regrette pas les ann\u00e9es\u00a02021 et\u00a02022, marqu\u00e9es \u00e0 Montpellier par \u00ab\u00a0des expulsions violentes et arbitraires\u00a0\u00bb, sans relogement transitoire. On pense au Mas Rouge ou au Z\u00e9nith, un bidonville qui s\u2019\u00e9tait recr\u00e9\u00e9 \u00e0 cent m\u00e8tres et o\u00f9 intervient toujours Area, aujourd\u2019hui.<\/p>\n<p>Mais l\u2019association\u00a0critique le dispositif choisi \u00e0 Jasse de Maurin. \u00ab\u00a0Comme au bidonville de Celleneuve, c\u2019est le principe de la liste enregistr\u00e9e \u00e0 une date pr\u00e9cise (le 28\u00a0f\u00e9vrier) qui pr\u00e9vaut, d\u00e9plore Jos\u00e9 Lagorce, directeur d\u2019Area. Tous ceux arriv\u00e9s apr\u00e8s cette date ne sont pas pris en compte. Du coup, cinq m\u00e9nages repr\u00e9sentant treize personnes se retrouvent \u00e0 la rue. Comme il n\u2019y a plus de places d\u2019h\u00e9bergement d\u2019urgence, les conditions d\u2019accueil sont plus strictes, et le public le plus pr\u00e9caire s\u2019en trouve exclu.\u00a0\u00bb<\/p>\n<p>\u00ab\u00a0Les bidonvilles sont aussi des lieux o\u00f9 l\u2019on travaille\u00a0\u00bb<\/p>\n<p>\u00ab\u00a0Le constat, c\u2019est que des gens qui vivaient avenue de Maurin ont connu Celleneuve et la Rauze. Et que seuls quatre enfants sur vingt vivant \u00e0 Jasse de Maurin ont fait leur rentr\u00e9e scolaire. Les dispositifs sont trop contraignants, pas assez adapt\u00e9s aux besoins des habitants. Les bidonvilles sont aussi des lieux o\u00f9 l\u2019on travaille, par exemple. Il faudrait penser ces dispositifs de fa\u00e7on plus souple et plus globale.\u00a0\u00bb<\/p>\n","protected":false},"excerpt":{"rendered":"L\u2019association Area, qui intervenait au bidonville de Jasse de Maurin, expuls\u00e9 le jeudi 28\u00a0ao\u00fbt, d\u00e9plore \u00ab\u00a0des moyens insuffisants&hellip;\n","protected":false},"author":2,"featured_media":362286,"comment_status":"","ping_status":"","sticky":false,"template":"","format":"standard","meta":{"footnotes":""},"categories":[9599],"tags":[1111,11,1777,674,1011,27,2208,12,2680,25],"class_list":{"0":"post-362285","1":"post","2":"type-post","3":"status-publish","4":"format-standard","5":"has-post-thumbnail","7":"category-montpellier","8":"tag-actu","9":"tag-actualites","10":"tag-eu","11":"tag-europe","12":"tag-fr","13":"tag-france","14":"tag-montpellier","15":"tag-news","16":"tag-occitanie","17":"tag-republique-francaise"},"share_on_mastodon":{"url":"https:\/\/pubeurope.com\/@fr\/115138206288510764","error":""},"_links":{"self":[{"href":"https:\/\/www.europesays.com\/fr\/wp-json\/wp\/v2\/posts\/362285","targetHints":{"allow":["GET"]}}],"collection":[{"href":"https:\/\/www.europesays.com\/fr\/wp-json\/wp\/v2\/posts"}],"about":[{"href":"https:\/\/www.europesays.com\/fr\/wp-json\/wp\/v2\/types\/post"}],"author":[{"embeddable":true,"href":"https:\/\/www.europesays.com\/fr\/wp-json\/wp\/v2\/users\/2"}],"replies":[{"embeddable":true,"href":"https:\/\/www.europesays.com\/fr\/wp-json\/wp\/v2\/comments?post=362285"}],"version-history":[{"count":0,"href":"https:\/\/www.europesays.com\/fr\/wp-json\/wp\/v2\/posts\/362285\/revisions"}],"wp:featuredmedia":[{"embeddable":true,"href":"https:\/\/www.europesays.com\/fr\/wp-json\/wp\/v2\/media\/362286"}],"wp:attachment":[{"href":"https:\/\/www.europesays.com\/fr\/wp-json\/wp\/v2\/media?parent=362285"}],"wp:term":[{"taxonomy":"category","embeddable":true,"href":"https:\/\/www.europesays.com\/fr\/wp-json\/wp\/v2\/categories?post=362285"},{"taxonomy":"post_tag","embeddable":true,"href":"https:\/\/www.europesays.com\/fr\/wp-json\/wp\/v2\/tags?post=362285"}],"curies":[{"name":"wp","href":"https:\/\/api.w.org\/{rel}","templated":true}]}}