{"id":362287,"date":"2025-09-03T03:22:24","date_gmt":"2025-09-03T03:22:24","guid":{"rendered":"https:\/\/www.europesays.com\/fr\/362287\/"},"modified":"2025-09-03T03:22:24","modified_gmt":"2025-09-03T03:22:24","slug":"le-cocorico-mal-place-de-piolle","status":"publish","type":"post","link":"https:\/\/www.europesays.com\/fr\/362287\/","title":{"rendered":"LE COCORICO MAL PLAC\u00c9 DE PIOLLE"},"content":{"rendered":"<p>Posted On 2 septembre 2025 <\/p>\n<p style=\"text-align: justify;\">Sur <a target=\"_blank\" href=\"https:\/\/x.com\/EricPiolle\/status\/1960966916241015175\">X<\/a> (ex Twitter), Eric Piolle a encore d\u00e9clench\u00e9 une de ces pol\u00e9miques dont il a le secret en vantant la baisse de la pollution de l&rsquo;air \u00e0 Grenoble qu&rsquo;il estime \u00eatre le fruit de son action&#8230; alors qu&rsquo;il b\u00e9n\u00e9ficie simplement d&rsquo;une tendance nationale, comme n&rsquo;ont pas manqu\u00e9 de lui rappeler de nombreux internautes.<\/p>\n<p>PIOLLE VANTE LA BAISSE DE LA POLLUTION DE L&rsquo;AIR&#8230;<\/p>\n<p style=\"text-align: justify;\">C&rsquo;est la fin de mandat et celui qui ne sera plus Maire dans quelques mois cherche d\u00e9sesp\u00e9r\u00e9ment quelle trace il laissera de son passage pendant 12 ans \u00e0 la t\u00eate de la ville. Apr\u00e8s<a href=\"https:\/\/grenoble-le-changement.fr\/2025\/08\/20\/ghettos-de-riches-linquietante-descente-en-gamme-du-territoire-grenoblois\/\" target=\"_blank\" rel=\"noopener\"> la pol\u00e9mique ridicule sur les \u00ab\u00a0ghettos de riches\u00a0\u00bb au coeur du mois d&rsquo;ao\u00fbt, qui a crisp\u00e9 y compris dans son propre camp<\/a>, il tente cette fois plus consensuel en se fendant d&rsquo;un tweet pour vanter la baisse de la pollution de l&rsquo;air \u00e0 Grenoble entre 2017 et 2024.\u00a0\u00a0<\/p>\n<p><a href=\"https:\/\/i1.wp.com\/grenoble-le-changement.fr\/wp-content\/uploads\/2025\/09\/piolle-pollution-tweet.png?ssl=1\" rel=\"lightbox[84373] noopener\" target=\"_blank\"><img loading=\"lazy\" decoding=\"async\" class=\" wp-image-84382 jetpack-lazy-image\" src=\"https:\/\/i1.wp.com\/grenoble-le-changement.fr\/wp-content\/uploads\/2025\/09\/piolle-pollution-tweet.png?resize=478%2C689&amp;ssl=1\" alt=\"\" width=\"478\" height=\"689\" data-recalc-dims=\"1\" data-lazy-src=\"https:\/\/i1.wp.com\/grenoble-le-changement.fr\/wp-content\/uploads\/2025\/09\/piolle-pollution-tweet.png?resize=478%2C689&amp;is-pending-load=1#038;ssl=1\" \/><\/a>Le X\/tweet d&rsquo;Eric Piolle<br \/>\n&#8230; EN ESTIMANT QUE C&rsquo;EST GR\u00c2CE \u00c0 SON ACTION<\/p>\n<p style=\"text-align: justify;\">Piolle rel\u00e8ve ainsi une baisse de 44% de la pollution au dioxyde d&rsquo;azote sur cette p\u00e9riode. Et pour lui les raisons de cette diminution sont tr\u00e8s claires : \u00ab\u00a0pi\u00e9tonnisation, d\u00e9veloppement du v\u00e9lo, g\u00e9n\u00e9ralisation du 30 km\/h et limitation progressive des v\u00e9hicules les plus polluants\u00a0\u00bb. En d&rsquo;autres termes : avec ses petits bras, c&rsquo;est \u00e0 la seule force de son action municipale qu&rsquo;il a r\u00e9ussi \u00e0 amorcer cette baisse. <a href=\"https:\/\/grenoble-le-changement.fr\/2025\/05\/09\/le-melon-dor-confirme-quil-na-rien-a-faire-de-grenoble\/\" target=\"_blank\" rel=\"noopener\">Toujours cette humilit\u00e9 qui caract\u00e9rise tant le personnage.<\/a>\u00a0<\/p>\n<p>GRENOBLE EST DANS LA MOYENNE NATIONALE&#8230;<\/p>\n<p style=\"text-align: justify;\">La nouvelle sortie piollesque a \u00e9t\u00e9 tr\u00e8s largement relay\u00e9e sur le r\u00e9seau, notamment parce que plusieurs personnes ont rapidement d\u00e9mystifi\u00e9es la tentative de propagande \u00e0 sa gloire. D&rsquo;abord en rappelant que, sur la m\u00eame p\u00e9riode, <a target=\"_blank\" href=\"https:\/\/x.com\/Toyec_PE\/status\/1961323718673653798\">les \u00e9missions de NOx au niveau national en fait ont connu une baisse similaire<\/a>. Il n&rsquo;y a donc pas de sp\u00e9cificit\u00e9 grenobloise particuli\u00e8re : la baisse de la pollution de l&rsquo;air est une tendance globale.<\/p>\n<p><a href=\"https:\/\/i2.wp.com\/grenoble-le-changement.fr\/wp-content\/uploads\/2025\/09\/evolution-pollution-france-les-echos.png?ssl=1\" rel=\"lightbox[84373] noopener\" target=\"_blank\"><img loading=\"lazy\" decoding=\"async\" class=\" wp-image-84385 jetpack-lazy-image\" src=\"https:\/\/i0.wp.com\/grenoble-le-changement.fr\/wp-content\/uploads\/2025\/09\/evolution-pollution-france-les-echos-240x300.png?resize=557%2C696&amp;ssl=1\" alt=\"\" width=\"557\" height=\"696\" data-recalc-dims=\"1\" data-lazy-src=\"https:\/\/i0.wp.com\/grenoble-le-changement.fr\/wp-content\/uploads\/2025\/09\/evolution-pollution-france-les-echos-240x300.png?resize=557%2C696&amp;is-pending-load=1#038;ssl=1\" \/><\/a>L&rsquo;\u00e9volution nationale des \u00e9missions de dioxyde d&rsquo;azote, en rouge. Grenoble n&rsquo;a rien invent\u00e9<br \/>\n&#8230; ET CONNAIT UNE BAISSE ININTERROMPUE DEPUIS DES ANN\u00c9ES<\/p>\n<p style=\"text-align: justify;\">Pour enfoncer le clou, cette \u00e9volution n&rsquo;est pas nouvelle car elle n&rsquo;a clairement pas d\u00e9marr\u00e9 avec l&rsquo;arriv\u00e9e des Verts\/LFI aux manettes de la ville en 2014. Les donn\u00e9es montrent en effet que la baisse \u00e0 Grenoble est continue et suit la m\u00eame trajectoire depuis \u00e0 minima 25 ans (en r\u00e9alit\u00e9 sans doute m\u00eame avant, <a target=\"_blank\" href=\"https:\/\/www.ineris.fr\/fr\/recherche-appui\/risques-chroniques\/mesure-prevision-qualite-air\/qualite-air-france-metropolitaine\" rel=\"noopener\">mais la cartoth\u00e8que de la qualit\u00e9 de l&rsquo;air publi\u00e9e par l&rsquo;INERIS ne d\u00e9marre qu&rsquo;en l&rsquo;an 2000<\/a>). Voil\u00e0 qui devrait appeler \u00e0 un peu de modestie des \u00e9lus actuels.<\/p>\n<p><a href=\"https:\/\/i2.wp.com\/grenoble-le-changement.fr\/wp-content\/uploads\/2025\/09\/baisse-grenoble-n02.jpeg?ssl=1\" rel=\"lightbox[84373] noopener\" target=\"_blank\"><img loading=\"lazy\" decoding=\"async\" class=\"wp-image-84379 aligncenter jetpack-lazy-image\" src=\"https:\/\/i2.wp.com\/grenoble-le-changement.fr\/wp-content\/uploads\/2025\/09\/baisse-grenoble-n02.jpeg?resize=678%2C373&amp;ssl=1\" alt=\"\" width=\"678\" height=\"373\" data-recalc-dims=\"1\" data-lazy-src=\"https:\/\/i2.wp.com\/grenoble-le-changement.fr\/wp-content\/uploads\/2025\/09\/baisse-grenoble-n02.jpeg?resize=678%2C373&amp;is-pending-load=1#038;ssl=1\" \/><\/a><\/p>\n<p>MERCI LES NORMES ET LE RENOUVELLEMENT DU PARC AUTO<\/p>\n<p style=\"text-align: justify;\">Les donn\u00e9es que met en avant Eric Piolle sont celles qui concernent la pollution au dioxyde d&rsquo;azote, \u00e9mise principalement par le transport routier. La diminution est donc avant tout li\u00e9e au <a target=\"_blank\" href=\"https:\/\/x.com\/KaplanBen_Fr\/status\/1960800599638679790\">renouvellement du parc automobile et \u00e0 l\u2019application progressive de normes antipollution de plus en plus strictes<\/a> par les constructeurs. Mais ce n&rsquo;est pas anodin qu&rsquo;il choisisse de mettre en avant sp\u00e9cifiquement l&rsquo;\u00e9volution des \u00e9missions de N0x, et pas d&rsquo;autres.<\/p>\n<p>PARTICULES FINES : UNE DIMINUTION \u00ab\u00a0AU MIEUX DANS LA MOYENNE\u00a0\u00bb<\/p>\n<p style=\"text-align: justify;\">Car si on \u00e9tudie aussi les \u00e9missions de particules PM2.5 et PM10, l&rsquo;histoire est toute autre. L&rsquo;an dernier, alors que la m\u00e9tropole de Christophe Ferrari lan\u00e7ait elle aussi des cocoricos en se f\u00e9licitant d&rsquo;une baisse de 50% en 15 ans de la pollution, <a target=\"_blank\" href=\"https:\/\/www.placegrenet.fr\/2024\/10\/25\/pollution-aux-particules-fines-et-dioxyde-dazote-la-metropole-de-grenoble-revendique-une-baisse-de-50-en-quinze-ans\/639060\" rel=\"noopener\">le m\u00e9dia en ligne Place Gre&rsquo;net recontextualisait d\u00e9j\u00e0 les chiffres<\/a> en rappelant que pour ce qui concerne les particules fines, la diminution de la pollution \u00ab\u00a0s\u2019inscrit au mieux dans la moyenne nationale, quand elle n\u2019est pas en-dessous\u00a0\u00bb.<\/p>\n<p>&#8230; \u00ab\u00a0QUAND ELLE N&rsquo;EST PAS EN DESSOUS\u00a0\u00bb<\/p>\n<p style=\"text-align: justify;\">Ajoutant : \u00ab\u00a0les particules fines ont ainsi, en moyenne, diminu\u00e9 de 49 % (pour les PM10) et de 56 % (pour les PM2,5) entre 2000 et 2023 sur l\u2019ensemble de la France\u00a0\u00bb. <a href=\"https:\/\/grenoble-le-changement.fr\/2024\/10\/29\/pollution-grenoble-en-retard\/\" target=\"_blank\" rel=\"noopener\">Nous sommes donc en fait.. en retard,<\/a> pour cette pollution principalement \u00e9mise par le chauffage au bois non performant et qui repr\u00e9sente de loin la 1\u00e8re source de pollution. C&rsquo;est l\u00e0 qu&rsquo;il faudrait mettre les moyens pour une politique \u00e9cologique v\u00e9ritablement efficace&#8230; mais les mesurettes de chasse \u00e0 la bagnole permettent de mieux communiquer bien que peu efficace.\u00a0<\/p>\n<p><a href=\"https:\/\/i0.wp.com\/grenoble-le-changement.fr\/wp-content\/uploads\/2022\/07\/Capture-de\u0301cran-2022-07-15-a\u0300-06.16.06.png?ssl=1\" rel=\"lightbox[84373] noopener\" target=\"_blank\"><img loading=\"lazy\" decoding=\"async\" class=\" wp-image-53710 jetpack-lazy-image\" src=\"https:\/\/i0.wp.com\/grenoble-le-changement.fr\/wp-content\/uploads\/2022\/07\/Capture-de\u0301cran-2022-07-15-a\u0300-06.16.06.png?resize=633%2C437&amp;ssl=1\" alt=\"pollution grenoble renovation\" width=\"633\" height=\"437\" data-recalc-dims=\"1\" data-lazy-src=\"https:\/\/i0.wp.com\/grenoble-le-changement.fr\/wp-content\/uploads\/2022\/07\/Capture-de\u0301cran-2022-07-15-a\u0300-06.16.06.png?resize=633%2C437&amp;is-pending-load=1#038;ssl=1\" \/><\/a>Le chauffage est la pire source de pollution.<br \/>\nLE BILAN \u00c9COLOGIQUE DES \u00ab\u00a0VERTS\u00a0\u00bb EST UNE PURGE<\/p>\n<p style=\"text-align: justify;\">La r\u00e9alit\u00e9 du bilan \u00e9cologique des \u00ab\u00a0verts\u00a0\u00bb est donc sous nos yeux. Pas meilleurs qu&rsquo;ailleurs sur le plan des \u00e9missions de polluants. Et pire que tous les autres en mati\u00e8re de r\u00e9chauffement : nous sommes devenus, sous leur mandat, en 2022, la 1\u00e8re ville de France avec Paris pour les ilots de chaleur. Le r\u00e9sultat direct d&rsquo;une politique de densification massive permise par le Plan d&rsquo;Urbanisme que les Verts\/LFI ont \u00e9labor\u00e9 et vot\u00e9, qui permet de construire sur la moindre dent creuse&#8230; alors que nous sommes <a href=\"https:\/\/grenoble-le-changement.fr\/2023\/07\/12\/nature-en-ville-grenoble-27-eme-sur-31\/\" target=\"_blank\" rel=\"noopener\">d\u00e9j\u00e0 parmi les derniers pour la part de nature en ville.<\/a><\/p>\n<p>LA COMM&rsquo; PERMANENTE POUR TROMPER LE GOGO<\/p>\n<p style=\"text-align: justify;\">Le comble \u00e9tant que Grenoble a d\u00e9croch\u00e9 le record pour les ilots de chaleur <a href=\"https:\/\/grenoble-le-changement.fr\/2023\/06\/30\/le-bilan-officiel-confirme-lechec-de-grenoble-capitale-verte\/\" target=\"_blank\" rel=\"noopener\">en pleine ann\u00e9e de la fumeuse op\u00e9ration \u00ab\u00a0capitale verte\u00a0\u00bb<\/a>. Tout un symbole : on trompe les Grenoblois avec des coups de comm&rsquo; qui ne permettent aucune avanc\u00e9e concr\u00e8te pour l&rsquo;environnement. Les Piollistes le savent, tout comme ils savent que la baisse des \u00e9missions de N0x est une tendance nationale. Mais seul compte l&rsquo;affichage, pour tromper les \u00e9lecteurs gogo mal renseign\u00e9s qui veulent simplement glisser un bulletin estampill\u00e9 \u00ab\u00a0vert\u00a0\u00bb dans l&rsquo;urne.<\/p>\n<p>RUFFIN NON PLUS NE FERA RIEN DE CONCRET<\/p>\n<p style=\"text-align: justify;\">Charge aux Grenoblois de bonne foi de r\u00e9tablir la v\u00e9rit\u00e9 sur les r\u00e9sultats des Verts\/LFI en diffusant les informations, comme notre collectif le fait \u00e0 son modeste niveau. Pour ne pas qu&rsquo;ils soient tromp\u00e9s une fois de plus par les postures de la candidate de Piolle, <a href=\"https:\/\/grenoble-le-changement.fr\/2025\/09\/01\/municipales-coup-denvoi-du-changement-le-19-septembre\/\" target=\"_blank\" rel=\"noopener\">Laurence Ruffin, qui se confond d\u00e9j\u00e0 en bonnes intentions la main sur le coeur \u00e0 propos de l&rsquo;\u00e9cologie, \u00e9videmment sans proposer la moindre mesure concr\u00e8te<\/a>. Et ce alors qu&rsquo;elle sera\u00a0flanqu\u00e9e de tous ceux qui portent ce bilan environnemental sans aucun succ\u00e8s.\u00a0<\/p>\n<p>\u00a0<\/p>\n","protected":false},"excerpt":{"rendered":"Posted On 2 septembre 2025 Sur X (ex Twitter), Eric Piolle a encore d\u00e9clench\u00e9 une de ces pol\u00e9miques&hellip;\n","protected":false},"author":2,"featured_media":362288,"comment_status":"","ping_status":"","sticky":false,"template":"","format":"standard","meta":{"footnotes":""},"categories":[9566],"tags":[1111,11,2430,9604,9607,1777,674,1011,27,2731,10136,12,25],"class_list":{"0":"post-362287","1":"post","2":"type-post","3":"status-publish","4":"format-standard","5":"has-post-thumbnail","7":"category-grenoble","8":"tag-actu","9":"tag-actualites","10":"tag-auvergne-rhone-alpes","11":"tag-christophe-ferrari","12":"tag-eric-piolle","13":"tag-eu","14":"tag-europe","15":"tag-fr","16":"tag-france","17":"tag-grenoble","18":"tag-laurence-ruffin","19":"tag-news","20":"tag-republique-francaise"},"share_on_mastodon":{"url":"https:\/\/pubeurope.com\/@fr\/115138222431101616","error":""},"_links":{"self":[{"href":"https:\/\/www.europesays.com\/fr\/wp-json\/wp\/v2\/posts\/362287","targetHints":{"allow":["GET"]}}],"collection":[{"href":"https:\/\/www.europesays.com\/fr\/wp-json\/wp\/v2\/posts"}],"about":[{"href":"https:\/\/www.europesays.com\/fr\/wp-json\/wp\/v2\/types\/post"}],"author":[{"embeddable":true,"href":"https:\/\/www.europesays.com\/fr\/wp-json\/wp\/v2\/users\/2"}],"replies":[{"embeddable":true,"href":"https:\/\/www.europesays.com\/fr\/wp-json\/wp\/v2\/comments?post=362287"}],"version-history":[{"count":0,"href":"https:\/\/www.europesays.com\/fr\/wp-json\/wp\/v2\/posts\/362287\/revisions"}],"wp:featuredmedia":[{"embeddable":true,"href":"https:\/\/www.europesays.com\/fr\/wp-json\/wp\/v2\/media\/362288"}],"wp:attachment":[{"href":"https:\/\/www.europesays.com\/fr\/wp-json\/wp\/v2\/media?parent=362287"}],"wp:term":[{"taxonomy":"category","embeddable":true,"href":"https:\/\/www.europesays.com\/fr\/wp-json\/wp\/v2\/categories?post=362287"},{"taxonomy":"post_tag","embeddable":true,"href":"https:\/\/www.europesays.com\/fr\/wp-json\/wp\/v2\/tags?post=362287"}],"curies":[{"name":"wp","href":"https:\/\/api.w.org\/{rel}","templated":true}]}}