{"id":362289,"date":"2025-09-03T03:23:51","date_gmt":"2025-09-03T03:23:51","guid":{"rendered":"https:\/\/www.europesays.com\/fr\/362289\/"},"modified":"2025-09-03T03:23:51","modified_gmt":"2025-09-03T03:23:51","slug":"des-travaux-dantesques-debutent-ce-qui-va-changer","status":"publish","type":"post","link":"https:\/\/www.europesays.com\/fr\/362289\/","title":{"rendered":"des travaux dantesques d\u00e9butent, ce qui va changer"},"content":{"rendered":"<p class=\"article__intro\">\u00c7a y est. Le parking Vilaine, situ\u00e9 en plein c\u0153ur de Rennes (Ille-et-Vilaine), a ferm\u00e9 ses portes. Un chantier complexe d\u2019environ huit mois va d\u00e9marrer pour d\u00e9construire la dalle, rendre la Vilaine accessible aux yeux des passants et totalement r\u00e9am\u00e9nager les quais.<\/p>\n<p>\n      L\u2019actu des r\u00e9gions\n    <\/p>\n<p>\n      Chaque jour, un tour d\u2019horizon des principales infos de toutes les r\u00e9gions.\n    <\/p>\n<p>    France T\u00e9l\u00e9visions utilise votre adresse e-mail afin de vous envoyer la newsletter \u00ab\u00a0L\u2019actu des r\u00e9gions\u00a0\u00bb. Vous pouvez vous d\u00e9sinscrire \u00e0 tout moment via le lien en bas de cette newsletter. <a target=\"_blank\" href=\"https:\/\/www.francetelevisions.fr\/groupe\/confidentialite\/politique-de-confidentialite\/politique-de-confidentialite-de-france-televisions-6503\" rel=\"nofollow noopener\">Notre politique de confidentialit\u00e9<\/a><\/p>\n<p>C\u2019\u00e9tait un parking embl\u00e9matique, en plein centre de Rennes, dans l&rsquo;Ille-et-Vilaine. Une dalle de 250 m\u00e8tres de long au-dessus de la Vilaine, qui abritait quelques 249 places de parking.<\/p>\n<\/p>\n<p>Depuis ce lundi 1er septembre, l\u2019endroit est ferm\u00e9 \u00e0 la circulation et au stationnement. D\u00e9j\u00e0, les barri\u00e8res automatiques ont \u00e9t\u00e9 d\u00e9connect\u00e9es. Les arbres en pot sont retir\u00e9s. Des glissi\u00e8res en b\u00e9ton sont mises en place. Dans la semaine, le chantier sera install\u00e9 avec une cl\u00f4ture sur tout le p\u00e9rim\u00e8tre de la dalle.<\/p>\n<p>Le parking Vilaine, \u00e0 Rennes, est en travaux\u00a0<\/p>\n<p>Ce chantier dantesque, qui vise \u00e0 d\u00e9couvrir la Vilaine \u2013 un projet cher \u00e0 la maire Nathalie App\u00e9r\u00e9 \u2013 va s\u2019\u00e9tendre sur huit mois.<\/p>\n<p>Une grue doit \u00eatre install\u00e9e en octobre place de Bretagne. La dalle sera grignot\u00e9e petit bout par petit bout. En tout, 6 000 tonnes de b\u00e9ton seront \u00e9vacu\u00e9es par des barges, sur la Vilaine, jusqu&rsquo;au site de l&rsquo;entreprise Charier TP, \u00e0 4kilom\u00e8tres.<\/p>\n<p><a data-article-figure=\"\" href=\"https:\/\/france3-regions.franceinfo.fr\/image\/3Cut-pzBdiOAHZvj0QPZkspIZSM\/2504x1878\/regions\/2025\/09\/01\/vilaine-68b57a3a39943563176227.jpg\" data-pswp-width=\"2504\" data-pswp-height=\"1878\" target=\"_blank\" rel=\"nofollow noopener\"><\/p>\n<p>          <img width=\"600\" height=\"400\" class=\"article-image lazy\" data-src=\"https:\/\/www.europesays.com\/fr\/wp-content\/uploads\/2025\/09\/vilaine-68b57a3a39943563176227.jpg\" alt=\"Des glissi\u00e8res pos\u00e9es le long du parking Vilaine \u00e0 Rennes\" fetchpriority=\"high\" as=\"image\"\/><\/p>\n<p>\n            Des glissi\u00e8res pos\u00e9es le long du parking Vilaine \u00e0 Rennes<br \/>\n                           \u2022<br \/>\n                                      \u00a9 Benoit Le Vaillant\n                      <\/p>\n<p><\/a><\/p>\n<p>Le chantier dans sa globalit\u00e9 doit co\u00fbter au final 29 millions d&rsquo;euros et devrait \u00eatre achev\u00e9 \u00e0 l&rsquo;\u00e9t\u00e9 2028.<\/p>\n<p>Le 4 d\u00e9cembre 2024, \u00e0 l&rsquo;issue du vote d\u00e9finitif en conseil municipal du d\u00e9couvrement de la Vilaine, nous \u00e9tions all\u00e9s demander aux riverains et utilisateurs du parking leur sentiment sur ce projet. Les avis sont partag\u00e9s.<\/p>\n<\/p>\n<p>\u00ab\u00a0Ce chantier vise \u00e0 r\u00e9pondre \u00e0 ce qu&rsquo;est une attente l\u00e9gitime d&rsquo;un droit \u00e0 la fra\u00eecheur pour les habitants et de pouvoir avoir un processus d&rsquo;adaptation \u00e0 des changements climatiques qui sont d\u00e9j\u00e0 l\u00e0 et qui, malheureusement, risquent de s&rsquo;amplifier\u00a0\u00bb, expliquait Marc Herv\u00e9, maire adjoint d\u00e9l\u00e9gu\u00e9 \u00e0 l&rsquo;urbanisme.<\/p>\n<p><a data-article-figure=\"\" href=\"https:\/\/france3-regions.franceinfo.fr\/image\/l9249Ne2nJRgFd7c2iK1FWEh9jE\/1920x1080\/regions\/2025\/06\/07\/plan-quais-de-rennes-avec-vilaine-decouverte-6843fc0aaec1a732447374.jpg\" data-pswp-width=\"1920\" data-pswp-height=\"1080\" target=\"_blank\" rel=\"nofollow noopener\"><\/p>\n<p>          <img width=\"600\" height=\"400\" class=\"article-image lazy\" data-src=\"https:\/\/www.europesays.com\/fr\/wp-content\/uploads\/2025\/06\/plan-quais-de-rennes-avec-vilaine-decouverte-6843fc0aaec1a732447374.jpg\" alt=\"Oubli\u00e9 le parking qui recouvre (et cache) la Vilaine depuis les ann\u00e9es 1960 dans le centre-ville de Rennes, le fleuve y sera \u00e0 nouveau visible autour de la place de la R\u00e9publique, \u00e0 partir de 2028.\" fetchpriority=\"high\" as=\"image\"\/><\/p>\n<p>\n            Oubli\u00e9 le parking qui recouvre (et cache) la Vilaine depuis les ann\u00e9es 1960 dans le centre-ville de Rennes, le fleuve y sera \u00e0 nouveau visible autour de la place de la R\u00e9publique, \u00e0 partir de 2028.<br \/>\n                           \u2022<br \/>\n                                      \u00a9 Rennes M\u00e9tropole \/ Phytolab\n                      <\/p>\n<p><\/a><\/p>\n<p> \u00ab\u00a0Pr\u00e8s de 200 arbres vont \u00eatre plant\u00e9s sur l\u2019espace public. Et puis ce sera surtout plus apais\u00e9 sur les quais nord puisque ce sera une place essentiellement d\u00e9volue aux pi\u00e9tons et aux cycles\u00a0\u00bb, terminait-il.\u00a0<\/p>\n","protected":false},"excerpt":{"rendered":"\u00c7a y est. Le parking Vilaine, situ\u00e9 en plein c\u0153ur de Rennes (Ille-et-Vilaine), a ferm\u00e9 ses portes. Un&hellip;\n","protected":false},"author":2,"featured_media":362290,"comment_status":"","ping_status":"","sticky":false,"template":"","format":"standard","meta":{"footnotes":""},"categories":[2821],"tags":[1111,11,829,1777,674,1011,27,12,584,25],"class_list":{"0":"post-362289","1":"post","2":"type-post","3":"status-publish","4":"format-standard","5":"has-post-thumbnail","7":"category-rennes","8":"tag-actu","9":"tag-actualites","10":"tag-bretagne","11":"tag-eu","12":"tag-europe","13":"tag-fr","14":"tag-france","15":"tag-news","16":"tag-rennes","17":"tag-republique-francaise"},"share_on_mastodon":{"url":"https:\/\/pubeurope.com\/@fr\/115138230052310716","error":""},"_links":{"self":[{"href":"https:\/\/www.europesays.com\/fr\/wp-json\/wp\/v2\/posts\/362289","targetHints":{"allow":["GET"]}}],"collection":[{"href":"https:\/\/www.europesays.com\/fr\/wp-json\/wp\/v2\/posts"}],"about":[{"href":"https:\/\/www.europesays.com\/fr\/wp-json\/wp\/v2\/types\/post"}],"author":[{"embeddable":true,"href":"https:\/\/www.europesays.com\/fr\/wp-json\/wp\/v2\/users\/2"}],"replies":[{"embeddable":true,"href":"https:\/\/www.europesays.com\/fr\/wp-json\/wp\/v2\/comments?post=362289"}],"version-history":[{"count":0,"href":"https:\/\/www.europesays.com\/fr\/wp-json\/wp\/v2\/posts\/362289\/revisions"}],"wp:featuredmedia":[{"embeddable":true,"href":"https:\/\/www.europesays.com\/fr\/wp-json\/wp\/v2\/media\/362290"}],"wp:attachment":[{"href":"https:\/\/www.europesays.com\/fr\/wp-json\/wp\/v2\/media?parent=362289"}],"wp:term":[{"taxonomy":"category","embeddable":true,"href":"https:\/\/www.europesays.com\/fr\/wp-json\/wp\/v2\/categories?post=362289"},{"taxonomy":"post_tag","embeddable":true,"href":"https:\/\/www.europesays.com\/fr\/wp-json\/wp\/v2\/tags?post=362289"}],"curies":[{"name":"wp","href":"https:\/\/api.w.org\/{rel}","templated":true}]}}