{"id":362291,"date":"2025-09-03T03:24:11","date_gmt":"2025-09-03T03:24:11","guid":{"rendered":"https:\/\/www.europesays.com\/fr\/362291\/"},"modified":"2025-09-03T03:24:11","modified_gmt":"2025-09-03T03:24:11","slug":"lhomme-a-la-croisee-des-arts-et-des-sciences","status":"publish","type":"post","link":"https:\/\/www.europesays.com\/fr\/362291\/","title":{"rendered":"l\u2019homme \u00e0 la crois\u00e9e des arts et des sciences"},"content":{"rendered":"<p>Inventeur ? Pas autant qu\u2019on le pr\u00e9tend. Innovateur ? Assur\u00e9ment, par ses audaces techniques et scientifiques. L\u2019exposition \u00ab <a href=\"https:\/\/www.leschampslibres.fr\/au-programme\/leonard-de-vinci-a-la-croisee-des-arts-et-des-sciences\" target=\"_blank\" rel=\"noopener\">\u00c0 la crois\u00e9e des arts et des sciences<\/a> \u00bb, pr\u00e9sent\u00e9e cet \u00e9t\u00e9 \u00e0 Rennes, ainsi qu\u2019une autre consacr\u00e9e \u00e0 60 maquettes de ses cr\u00e9ations au ch\u00e2teau de K\u00e9rouz\u00e9r\u00e9, en Finist\u00e8re, ont rappel\u00e9 l\u2019ampleur de son g\u00e9nie.<\/p>\n<p>L\u00e9onard de Vinci (1452-1519) s\u2019inscrit dans la Renaissance, h\u00e9riti\u00e8re du Moyen \u00c2ge et de la culture antique. Loin d\u2019\u00eatre une rupture, cette p\u00e9riode prolonge les acquis chr\u00e9tiens et m\u00e9di\u00e9vaux : d\u00e9couvertes, avanc\u00e9es scientifiques et affirmation des langues nationales, dont le fran\u00e7ais.<\/p>\n<p>De l\u2019Italie \u00e0 la Touraine, en passant par la Bretagne<\/p>\n<p>\u00c0 64 ans, L\u00e9onard de Vinci accepte l\u2019invitation du roi Fran\u00e7ois Ier et s\u2019installe au Clos Luc\u00e9, pr\u00e8s d\u2019Amboise, derni\u00e8re demeure de son immense cr\u00e9ativit\u00e9. Le souverain, qui aimait l\u2019appeler \u00ab mon p\u00e8re \u00bb, lui offre un cadre \u00e0 la mesure de son g\u00e9nie. Le lieu garde aussi des traces bretonnes : son pr\u00e9d\u00e9cesseur Charles VIII y fit construire une chapelle pour Anne de Bretagne, d\u00e9cor\u00e9e d\u2019hermines et de fleurs de lys.<\/p>\n<p>Aujourd\u2019hui, le Clos Luc\u00e9 expose une grande partie de l\u2019\u0153uvre du ma\u00eetre.<\/p>\n<p>Un touche-\u00e0-tout visionnaire<\/p>\n<p>\u00ab Homme sans lettres \u00bb, comme il se d\u00e9finissait lui-m\u00eame, L\u00e9onard laisse derri\u00e8re lui pr\u00e8s de 20 codex et 17 000 pages de notes. Peintre de la c\u00e9l\u00e8bre Joconde \u2013 tableau o\u00f9 il perfectionne le\u00a0sfumato, cette technique des contours fondus \u00ab \u00e0 la mani\u00e8re de la fum\u00e9e \u00bb \u2013, il fut aussi ing\u00e9nieur militaire, inventeur de machines de guerre, d\u2019avions, de scaphandres ou de coques \u00e0 double paroi pour les navires. Il imagina m\u00eame une r\u00f4tissoire automatique.<\/p>\n<p>Son r\u00eave, jamais accompli malgr\u00e9 sa devise \u00ab ostinato rigore \u00bb (rigueur obstin\u00e9e), \u00e9tait de faire voler l\u2019homme. L\u2019\u00ab Homme de Vitruve \u00bb, ce dessin embl\u00e9matique o\u00f9 le corps humain s\u2019inscrit dans un cercle et un carr\u00e9, t\u00e9moigne de sa connaissance approfondie des proportions.<\/p>\n<p>Si L\u00e9onard s\u2019aimait lui-m\u00eame, il savait surtout observer et comprendre les autres. Les nombreuses commandes religieuses qu\u2019il r\u00e9alisa expriment une vision spirituelle de l\u2019homme et du monde : \u00ab Notre corps est au-dessous du ciel et le ciel au-dessus de notre esprit \u00bb.<br \/>Pour lui, la connaissance \u00e9tait la voie vers l\u2019amour : \u00ab Plus on conna\u00eet, plus on aime \u00bb, affirmait-il. Une invitation \u00e0 ne jamais dissocier science, beaut\u00e9 et foi en l\u2019homme.<\/p>\n<p>Claudine Dupont Tingaud \u2013 Quimper, 31 ao\u00fbt 2025<\/p>\n<p>Cr\u00e9dit photo : DR (photo d\u2019illustration)<br \/>[cc] Breizh-info.com, 2025, d\u00e9p\u00eaches libres de copie et de diffusion sous r\u00e9serve de mention et de lien vers la source d\u2019origine<\/p>\n","protected":false},"excerpt":{"rendered":"Inventeur ? Pas autant qu\u2019on le pr\u00e9tend. Innovateur ? Assur\u00e9ment, par ses audaces techniques et scientifiques. L\u2019exposition \u00ab&hellip;\n","protected":false},"author":2,"featured_media":362292,"comment_status":"","ping_status":"","sticky":false,"template":"","format":"standard","meta":{"footnotes":""},"categories":[2821],"tags":[1111,11,3734,829,1777,674,1011,27,24303,12,584,25,41],"class_list":{"0":"post-362291","1":"post","2":"type-post","3":"status-publish","4":"format-standard","5":"has-post-thumbnail","7":"category-rennes","8":"tag-actu","9":"tag-actualites","10":"tag-art","11":"tag-bretagne","12":"tag-eu","13":"tag-europe","14":"tag-fr","15":"tag-france","16":"tag-leonard-de-vinci","17":"tag-news","18":"tag-rennes","19":"tag-republique-francaise","20":"tag-sciences"},"share_on_mastodon":{"url":"https:\/\/pubeurope.com\/@fr\/115138230108163013","error":""},"_links":{"self":[{"href":"https:\/\/www.europesays.com\/fr\/wp-json\/wp\/v2\/posts\/362291","targetHints":{"allow":["GET"]}}],"collection":[{"href":"https:\/\/www.europesays.com\/fr\/wp-json\/wp\/v2\/posts"}],"about":[{"href":"https:\/\/www.europesays.com\/fr\/wp-json\/wp\/v2\/types\/post"}],"author":[{"embeddable":true,"href":"https:\/\/www.europesays.com\/fr\/wp-json\/wp\/v2\/users\/2"}],"replies":[{"embeddable":true,"href":"https:\/\/www.europesays.com\/fr\/wp-json\/wp\/v2\/comments?post=362291"}],"version-history":[{"count":0,"href":"https:\/\/www.europesays.com\/fr\/wp-json\/wp\/v2\/posts\/362291\/revisions"}],"wp:featuredmedia":[{"embeddable":true,"href":"https:\/\/www.europesays.com\/fr\/wp-json\/wp\/v2\/media\/362292"}],"wp:attachment":[{"href":"https:\/\/www.europesays.com\/fr\/wp-json\/wp\/v2\/media?parent=362291"}],"wp:term":[{"taxonomy":"category","embeddable":true,"href":"https:\/\/www.europesays.com\/fr\/wp-json\/wp\/v2\/categories?post=362291"},{"taxonomy":"post_tag","embeddable":true,"href":"https:\/\/www.europesays.com\/fr\/wp-json\/wp\/v2\/tags?post=362291"}],"curies":[{"name":"wp","href":"https:\/\/api.w.org\/{rel}","templated":true}]}}