{"id":362293,"date":"2025-09-03T03:25:19","date_gmt":"2025-09-03T03:25:19","guid":{"rendered":"https:\/\/www.europesays.com\/fr\/362293\/"},"modified":"2025-09-03T03:25:19","modified_gmt":"2025-09-03T03:25:19","slug":"strasbourg-rassemblement-pour-les-victimes-dhomophobie-jeudi","status":"publish","type":"post","link":"https:\/\/www.europesays.com\/fr\/362293\/","title":{"rendered":"Strasbourg. Rassemblement pour les victimes d&rsquo;homophobie jeudi"},"content":{"rendered":"<p class=\"wp-block-post-excerpt__excerpt\">Le Front d\u2019Action Gay Strasbourg (FAGs) appelle au rassemblement sur la place Gis\u00e8le Halimi pour d\u00e9noncer les crimes homophobes et soutenir les victimes jeudi 4 septembre \u00e0 18h. <\/p>\n<p class=\"font-sans\">\n\t\t\tCet article est en acc\u00e8s libre. Pour soutenir Rue89 Strasbourg,<br \/>\n\t\t\t<a class=\"underline\" href=\"https:\/\/www.rue89strasbourg.com\/abonnement\" target=\"_blank\" rel=\"noopener\">abonnez-vous<\/a>.\n\t\t<\/p>\n<p>Line Baudriller<\/p>\n<p>Publi\u00e9 le 2 septembre 2025\u00a0\u00a0\u00b7\u00a0\u00a0<\/p>\n<p>Imprim\u00e9 le 3 septembre 2025 \u00e0 04h46\u00a0\u00a0\u00b7\u00a0\u00a0<\/p>\n<p>\t\t\t\t\t1\u00a0minute\n<\/p>\n<p>En hommage \u00e0 Sami, Frantz, Abdellah et Amir assassin\u00e9s cet \u00e9t\u00e9 \u00e0 Choisy-le-Roi, le Front d\u2019Action Gay Strasbourg (FAGs) appelle au rassemblement jeudi 4 septembre \u00e0 18h, sur la place Gis\u00e8le Halimi, devant le Tribunal judiciaire. Le collectif entend ainsi <a href=\"https:\/\/www.rue89strasbourg.com\/lextreme-droite-cest-linsecurite-au-quotidien-pour-les-personnes-lgbt-305786\" target=\"_blank\" rel=\"noreferrer noopener\">d\u00e9noncer les crimes homophobes<\/a> et comm\u00e9morer les victimes de ce quadruple homicide. Le 13 ao\u00fbt 2025, c\u2019est autour d\u2019un local du Val-de-Marne, connu pour \u00eatre un lieu de rencontres homosexuelles, que les corps ont \u00e9t\u00e9 retrouv\u00e9s. Il est parfaitement \u00e9tabli que l\u2019assassinat de Frantz, \u00e2g\u00e9 de 48 ans, <a href=\"https:\/\/c.dna.fr\/faits-divers-justice\/2025\/08\/25\/tueur-en-serie-homophobie-que-sait-on-du-suspect-des-quatre-meurtres-de-choisy-le-roi\" target=\"_blank\" rel=\"noreferrer noopener\">est li\u00e9 \u00e0 son homosexualit\u00e9<\/a>. Et les enqu\u00eates pour les trois autres victimes vont aussi dans cette direction.<\/p>\n<p><a href=\"https:\/\/www.rue89strasbourg.com\/abonnement\" target=\"_blank\" rel=\"noopener\"><img loading=\"lazy\" decoding=\"async\" width=\"970\" height=\"250\" src=\"https:\/\/www.europesays.com\/fr\/wp-content\/uploads\/2025\/05\/bannie\u0300re-autopromo-2025-desktop-1.gif\" alt=\"\" class=\"wp-image-343590\" style=\"width:792px\"\/><\/a><\/p>\n<p><a href=\"https:\/\/www.rue89strasbourg.com\/abonnement\" target=\"_blank\" rel=\"noopener\"><img loading=\"lazy\" decoding=\"async\" width=\"300\" height=\"300\" src=\"https:\/\/www.europesays.com\/fr\/wp-content\/uploads\/2025\/05\/bannieres@2x.png\" alt=\"\" class=\"wp-image-341656\"  \/><\/a><\/p>\n<p>Des revendications plus larges<\/p>\n<p>\u00ab\u00a0Arr\u00eatez de nous tuer, de nous violer, de nous agresser\u00a0\u00bb, mart\u00e8le Laurent Vasquez, un membre du collectif FAGs. Il ne s\u2019agira pas seulement d\u2019une comm\u00e9moration mais de la d\u00e9nonciation d\u2019une oppression syst\u00e9mique, l\u2019homophobie, \u00ab\u00a0qui nous tue toujours\u00a0\u00bb, insiste t-il. Le collectif met l\u2019accent sur les guet-apens homophobes qui pi\u00e8gent un homosexuel par semaine en France, selon une <a href=\"https:\/\/www.mediapart.fr\/studio\/documentaires\/france\/le-documentaire-guet-apens-des-crimes-invisibles-sur-mediapart\" target=\"_blank\" rel=\"noreferrer noopener\">enqu\u00eate<\/a> r\u00e9alis\u00e9e par Mediapart. Ces crimes sont perp\u00e9tr\u00e9s par des hommes h\u00e9t\u00e9rosexuels se pr\u00e9tendant homosexuels, qui donnent rendez-vous \u00e0 leurs victimes pour ensuite les d\u00e9pouiller et les frapper.<\/p>\n<p>Dans un communiqu\u00e9 publi\u00e9 sur ses r\u00e9seaux sociaux, le FAGs d\u00e9taille \u00e9galement les motivations de son rassemblement : \u00ab\u00a0Nous exigeons de la part des pouvoirs publics et de la justice qu\u2019ils agissent, et des hommes h\u00e9t\u00e9ro qu\u2019ils nous laissent tranquilles.\u00a0\u00bb<\/p>\n<p>Y <strong>aller<\/strong><\/p>\n<p><strong>Rassemblement du Front d\u2019Action Gay Strasbourg en soutien aux victimes d\u2019homophobie<\/strong>, jeudi 4 septembre, \u00e0 18 heures sur la place Gis\u00e8le Halimi, Strasbourg \u2013 Tribunal.<\/p>\n","protected":false},"excerpt":{"rendered":"Le Front d\u2019Action Gay Strasbourg (FAGs) appelle au rassemblement sur la place Gis\u00e8le Halimi pour d\u00e9noncer les crimes&hellip;\n","protected":false},"author":2,"featured_media":362294,"comment_status":"","ping_status":"","sticky":false,"template":"","format":"standard","meta":{"footnotes":""},"categories":[2820],"tags":[1111,11,1777,674,1011,27,775,8717,9087,2088,12,25,640],"class_list":{"0":"post-362293","1":"post","2":"type-post","3":"status-publish","4":"format-standard","5":"has-post-thumbnail","7":"category-strasbourg","8":"tag-actu","9":"tag-actualites","10":"tag-eu","11":"tag-europe","12":"tag-fr","13":"tag-france","14":"tag-grand-est","15":"tag-homophobie","16":"tag-lgbt","17":"tag-manifestation","18":"tag-news","19":"tag-republique-francaise","20":"tag-strasbourg"},"share_on_mastodon":{"url":"https:\/\/pubeurope.com\/@fr\/115138233992669839","error":""},"_links":{"self":[{"href":"https:\/\/www.europesays.com\/fr\/wp-json\/wp\/v2\/posts\/362293","targetHints":{"allow":["GET"]}}],"collection":[{"href":"https:\/\/www.europesays.com\/fr\/wp-json\/wp\/v2\/posts"}],"about":[{"href":"https:\/\/www.europesays.com\/fr\/wp-json\/wp\/v2\/types\/post"}],"author":[{"embeddable":true,"href":"https:\/\/www.europesays.com\/fr\/wp-json\/wp\/v2\/users\/2"}],"replies":[{"embeddable":true,"href":"https:\/\/www.europesays.com\/fr\/wp-json\/wp\/v2\/comments?post=362293"}],"version-history":[{"count":0,"href":"https:\/\/www.europesays.com\/fr\/wp-json\/wp\/v2\/posts\/362293\/revisions"}],"wp:featuredmedia":[{"embeddable":true,"href":"https:\/\/www.europesays.com\/fr\/wp-json\/wp\/v2\/media\/362294"}],"wp:attachment":[{"href":"https:\/\/www.europesays.com\/fr\/wp-json\/wp\/v2\/media?parent=362293"}],"wp:term":[{"taxonomy":"category","embeddable":true,"href":"https:\/\/www.europesays.com\/fr\/wp-json\/wp\/v2\/categories?post=362293"},{"taxonomy":"post_tag","embeddable":true,"href":"https:\/\/www.europesays.com\/fr\/wp-json\/wp\/v2\/tags?post=362293"}],"curies":[{"name":"wp","href":"https:\/\/api.w.org\/{rel}","templated":true}]}}