{"id":362295,"date":"2025-09-03T03:26:19","date_gmt":"2025-09-03T03:26:19","guid":{"rendered":"https:\/\/www.europesays.com\/fr\/362295\/"},"modified":"2025-09-03T03:26:19","modified_gmt":"2025-09-03T03:26:19","slug":"de-linsecticide-pulverise-dans-ce-quartier-de-strasbourg-cette-nuit","status":"publish","type":"post","link":"https:\/\/www.europesays.com\/fr\/362295\/","title":{"rendered":"de l&rsquo;insecticide pulv\u00e9ris\u00e9 dans ce quartier de Strasbourg cette nuit"},"content":{"rendered":"<p>            Par<br \/>\n        <strong><br \/>\n            <a href=\"https:\/\/actu.fr\/auteur\/emil-vautrin\" title=\"Consulter tous les articles de Emil Vautrin\" rel=\"nofollow noopener\" target=\"_blank\">Emil Vautrin<\/a><br \/>\n        <\/strong><\/p>\n<p>        Publi\u00e9 le<\/p>\n<p>            2 sept. 2025 \u00e0 17h56        <\/p>\n<p>Durant la nuit du mardi 2 au mercredi 3 septembre, une <strong>op\u00e9ration de d\u00e9moustication<\/strong> va se tenir dans un quartier de Strasbourg.<\/p>\n<p class=\" wall-content\">Cette derni\u00e8re est organis\u00e9e alors qu\u2019un cas de dengue a \u00e9t\u00e9 identifi\u00e9 chez une personne ayant r\u00e9cemment s\u00e9journ\u00e9 dans un pays tropical o\u00f9 la maladie est pr\u00e9sente.<\/p>\n<p>Emp\u00eacher la prolif\u00e9ration du moustique tigre<\/p>\n<p class=\" wall-content\">L\u2019op\u00e9ration vise \u00e0 \u00ab\u00a0emp\u00eacher la prolif\u00e9ration de moustiques tigres potentiellement porteurs de la maladie\u00a0\u00bb, explique la pr\u00e9fecture dans un communiqu\u00e9.<\/p>\n<p class=\" wall-content\">Des enqu\u00eates ont permis de d\u00e9terminer la zone fr\u00e9quent\u00e9e par la personne pendant la p\u00e9riode o\u00f9 elle peut transmettre la maladie.<\/p>\n<p class=\" wall-content\">Le secteur de <strong>Cronenbourg<\/strong> a donc pu \u00eatre identifi\u00e9.<\/p>\n<p>Les r\u00e9sidents invit\u00e9s \u00e0 rester chez eux<\/p>\n<p class=\" wall-content\">Dans un communiqu\u00e9 de presse, il est indiqu\u00e9 que les riverains de la zone concern\u00e9e sont invit\u00e9s \u00e0 appliquer certaines r\u00e8gles durant la d\u00e9moustication :<\/p>\n<p>Votre r\u00e9gion, votre actu !<\/p>\n<p>Recevez chaque jour les infos qui comptent pour vous.<\/p>\n<p>\t<a href=\"https:\/\/actu.fr\/newsletter\" class=\"ac-btn ac-btn--corner ac-btn--medium ac-btn--blue800\" rel=\"nofollow noopener\" target=\"_blank\">S&rsquo;incrire<\/a><\/p>\n<ul class=\" wall-content\">\n<li>demeurer \u00e0 l\u2019int\u00e9rieur des b\u00e2timents,<\/li>\n<li>fermer les fen\u00eatres durant l\u2019intervention,<\/li>\n<li>rincer \u00e0 l\u2019eau le mobilier de jardin, rentrer les gamelles des animaux.<\/li>\n<\/ul>\n<p class=\" wall-content\">\u00ab\u00a0Les r\u00e9sidents et \u00e9tablissements des rues concern\u00e9es ont \u00e9t\u00e9 inform\u00e9s de cette op\u00e9ration ainsi que des mesures de pr\u00e9caution \u00e0 prendre\u00a0\u00bb, indique la pr\u00e9fecture.<\/p>\n<p class=\" wall-content\">L\u2019op\u00e9ration, pr\u00e9ventive, aura pour but d\u2019emp\u00eacher la prolif\u00e9ration de <a href=\"https:\/\/actu.fr\/grand-est\/strasbourg_67482\/moustique-tigre-ces-deux-quartiers-de-strasbourg-ont-ete-particulierement-infestes-en-2024_62476161.html\" rel=\"nofollow noopener\" target=\"_blank\">moustiques tigres<\/a> potentiellement porteurs de la maladie.<\/p>\n<p class=\" wall-content\">Personnalisez votre actualit\u00e9 en ajoutant vos villes et m\u00e9dias en favori avec <a href=\"https:\/\/moncompte.actu.fr\" title=\"D\u00e9couvez Mon Actu\" rel=\"nofollow noopener\" data-trk=\"{&quot;cta&quot;:{&quot;action&quot;:&quot;https:\\\/\\\/moncompte.actu.fr&quot;,&quot;category&quot;:&quot;mon compte&quot;,&quot;from&quot;:&quot;article footer&quot;,&quot;name&quot;:&quot;Mon actu&quot;,&quot;type&quot;:&quot;cta&quot;}}\" target=\"_blank\">Mon Actu<\/a>.<\/p>\n","protected":false},"excerpt":{"rendered":"Par Emil Vautrin Publi\u00e9 le 2 sept. 2025 \u00e0 17h56 Durant la nuit du mardi 2 au mercredi&hellip;\n","protected":false},"author":2,"featured_media":362296,"comment_status":"","ping_status":"","sticky":false,"template":"","format":"standard","meta":{"footnotes":""},"categories":[2820],"tags":[1111,11,1777,674,1011,27,775,2856,12,25,104,640],"class_list":{"0":"post-362295","1":"post","2":"type-post","3":"status-publish","4":"format-standard","5":"has-post-thumbnail","7":"category-strasbourg","8":"tag-actu","9":"tag-actualites","10":"tag-eu","11":"tag-europe","12":"tag-fr","13":"tag-france","14":"tag-grand-est","15":"tag-moustique-tigre","16":"tag-news","17":"tag-republique-francaise","18":"tag-societe","19":"tag-strasbourg"},"share_on_mastodon":{"url":"https:\/\/pubeurope.com\/@fr\/115138237869136021","error":""},"_links":{"self":[{"href":"https:\/\/www.europesays.com\/fr\/wp-json\/wp\/v2\/posts\/362295","targetHints":{"allow":["GET"]}}],"collection":[{"href":"https:\/\/www.europesays.com\/fr\/wp-json\/wp\/v2\/posts"}],"about":[{"href":"https:\/\/www.europesays.com\/fr\/wp-json\/wp\/v2\/types\/post"}],"author":[{"embeddable":true,"href":"https:\/\/www.europesays.com\/fr\/wp-json\/wp\/v2\/users\/2"}],"replies":[{"embeddable":true,"href":"https:\/\/www.europesays.com\/fr\/wp-json\/wp\/v2\/comments?post=362295"}],"version-history":[{"count":0,"href":"https:\/\/www.europesays.com\/fr\/wp-json\/wp\/v2\/posts\/362295\/revisions"}],"wp:featuredmedia":[{"embeddable":true,"href":"https:\/\/www.europesays.com\/fr\/wp-json\/wp\/v2\/media\/362296"}],"wp:attachment":[{"href":"https:\/\/www.europesays.com\/fr\/wp-json\/wp\/v2\/media?parent=362295"}],"wp:term":[{"taxonomy":"category","embeddable":true,"href":"https:\/\/www.europesays.com\/fr\/wp-json\/wp\/v2\/categories?post=362295"},{"taxonomy":"post_tag","embeddable":true,"href":"https:\/\/www.europesays.com\/fr\/wp-json\/wp\/v2\/tags?post=362295"}],"curies":[{"name":"wp","href":"https:\/\/api.w.org\/{rel}","templated":true}]}}