{"id":362299,"date":"2025-09-03T03:28:11","date_gmt":"2025-09-03T03:28:11","guid":{"rendered":"https:\/\/www.europesays.com\/fr\/362299\/"},"modified":"2025-09-03T03:28:11","modified_gmt":"2025-09-03T03:28:11","slug":"tant-quon-aura-besoin-de-moi-je-resterai-contre-la-volonte-du-maire-de-nice-elle-continue-dassurer-des-distributions-alimentaires-au-jardin-thiole","status":"publish","type":"post","link":"https:\/\/www.europesays.com\/fr\/362299\/","title":{"rendered":"\u00ab\u00a0Tant qu\u2019on aura besoin de moi, je resterai\u00a0\u00bb: contre la volont\u00e9 du maire de Nice, elle continue d\u2019assurer des distributions alimentaires au jardin Thiole"},"content":{"rendered":"<p>Au petit matin, elle est l\u00e0. Quotidiennement ou presque, sur la place de la Poste Lib\u00e9ration, entre les avenues Malaussena et Villermont. Marie-Jo y assure une distribution de denr\u00e9es alimentaires aux personnes sans ressources. Des actions que le maire de Nice veut d\u00e9placer, mais qui sont indispensables ici, selon la b\u00e9n\u00e9vole. \u00c0 80 ans pass\u00e9s, elle a consacr\u00e9 sa vie aux autres. Apr\u00e8s une carri\u00e8re professionnelle dans le social, elle s\u2019est engag\u00e9e au Secours populaire. Durant le confinement, elle a commenc\u00e9 ces distributions, sans savoir qu\u2019elle les poursuivrait aussi longtemps. \u00ab\u00a0Je sais qu\u2019ils ont besoin de moi. C\u2019est de plus en plus dur pour eux\u00a0\u00bb, justifie Marie-Jo.<\/p>\n<p>Pains, sandwichs et caf\u00e9s<\/p>\n<p>Alors tous les jours vers 7h30, juste \u00e0 c\u00f4t\u00e9 du jardin Thiole, elle d\u00e9charge de sa voiture ses cagettes en plastique contenant des comestibles pour les distribuer aux personnes sans ressources. Pains, pizzas, sandwichs, pissaladi\u00e8res, viennoiseries, yaourt, cr\u00eapes: tout est r\u00e9cup\u00e9r\u00e9 la veille aupr\u00e8s de commer\u00e7ants qui font don de leurs invendus. Avec son v\u00e9hicule personnel, elle transporte le tout, aid\u00e9e par des personnes elles-m\u00eames en situation de pr\u00e9carit\u00e9.<\/p>\n<p>D\u00e8s les premi\u00e8res minutes, une trentaine de personnes se pressent en file. Les profils sont tr\u00e8s diff\u00e9rents: du jeune au plus \u00e2g\u00e9, des femmes, des hommes. Des passants dont on ne soup\u00e7onne parfois pas la n\u00e9cessit\u00e9, d\u2019autres plus mal en point. \u00ab\u00a0Ce sont des gens que la famille a jet\u00e9s, d\u00e9pass\u00e9s par les d\u00e9marches administratives, qui ont perdu leur emploi et n\u2019en retrouvent pas\u00a0\u00bb, d\u00e9crit la b\u00e9n\u00e9vole.<\/p>\n<p>Parfois, Marie-Jo est oblig\u00e9e d\u2019\u00e9lever la voix pour discipliner ceux qui tentent de doubler ou de se servir eux-m\u00eames. \u00ab\u00a0\u00c7a, c\u2019est s\u00fbr, elle se fait respecter\u00a0\u00bb, glisse un vieil homme barbu attendant son tour. Certains viennent simplement chercher leur caf\u00e9 du matin, d\u2019autres remplir leur sac, \u00e0 raison de quelques provisions seulement pour en laisser \u00e0 tout le monde. Lundi 25 ao\u00fbt au matin, ils ont \u00e9t\u00e9 environ 150 \u00e0 venir chercher de quoi se sustenter.<\/p>\n<p>Compl\u00e9ter le travail d\u2019autres structures<\/p>\n<p>Dans les alentours, il y a d\u2019autres centres de distribution, mais pas toujours accessibles. \u00ab\u00a0Ils ferment le dimanche, ouvrent \u00e0 9h ou 9h30. Sauf que ceux qui dorment dehors sont vir\u00e9s assez t\u00f4t par les agents qui nettoient les rues. Et qu\u2019est-ce qu\u2019ils font avant l\u2019ouverture? Ils boivent\u00a0\u00bb, regrette Marie-Jo, qui pr\u00e9f\u00e8re leur offrir un caf\u00e9 en attendant. Les Restos du C\u0153ur, au 21 rue Dabray (\u00e0 600m), assurent des distributions les lundis, mardis et jeudis, sous conditions de ressources, contrairement \u00e0 Marie-Jo. Il est n\u00e9cessaire de pr\u00e9senter une pi\u00e8ce d\u2019identit\u00e9, ainsi que des justificatifs de revenus et de d\u00e9penses. Compliqu\u00e9 quand on n\u2019est pas \u00e0 l\u2019aise avec les d\u00e9marches administratives.<\/p>\n<p>D\u2019un coup, une dispute \u00e9clate entre deux hommes, \u00e0 coups d\u2019insultes. Ce sera le seul d\u00e9bordement de la matin\u00e9e. \u00ab\u00a0Ils ne sont pas m\u00e9chants, ils sont en d\u00e9tresse. Il faut les prendre tels quel\u00a0\u00bb, rassure Marie-Jo.<\/p>\n<p>\u00ab\u00a0Heureusement qu\u2019elle est l\u00e0\u00a0\u00bb<\/p>\n<p>Anouchka, par exemple, a repris des \u00e9tudes \u00e0 56 ans. Auparavant, elle dormait dans les couloirs de l\u2019a\u00e9roport de Nice. D\u00e9sormais, elle habite dans une chambre de bonne qu\u2019elle r\u00e9ussissait \u00e0 payer avec ses aides et sa bourse. Mais depuis quelques mois, elle a cess\u00e9 de verser son loyer et remplit son frigo gr\u00e2ce \u00e0 ces distributions. \u00ab\u00a0Heureusement que Marie-Jo est l\u00e0. Sinon, on ne mangerait pas. Je ne veux pas faire la manche. Mendier, je n\u2019y arrive pas\u00a0\u00bb, confie-t-elle. \u00c0 c\u00f4t\u00e9, David, bient\u00f4t la cinquantaine. Il travaille dans le recyclage. Pas suffisant pour se payer un logement, alors il dort \u00e0 la rue depuis quatre ans et vient se ravitailler quasi quotidiennement.<\/p>\n<p>Mais <a href=\"https:\/\/www.nicematin.com\/social\/populations-errantes-les-annonces-fortes-du-maire-de-nice-christian-estrosi-994423\" rel=\"nofollow noopener\" target=\"_blank\">dans Nice-Matin le mois dernier<\/a>, nous annoncions que Christian Estrosi demandait \u00e0 ce que cessent les distributions alimentaires \u00e0 Thiole. En cause: les riverains qui se plaignent des nuisances sonores et de l\u2019\u00e9tat des lieux apr\u00e8s les distributions. \u00ab\u00a0Une charte de distribution alimentaire, conclue entre la ville, le CCAS et les associations permet de cadrer les distributions alimentaires et pr\u00e9cise les zones o\u00f9 sont pr\u00e9vues les maraudes\u00a0\u00bb, d\u00e9taille Jennifer Salles, adjointe au maire de Nice, d\u00e9l\u00e9gu\u00e9e aux seniors et aux solidarit\u00e9s. La Ville pr\u00e9voit l\u2019ouverture \u00e0 la rentr\u00e9e d\u2019un nouveau local de distribution rue Dabray.<\/p>\n<p>\u00ab\u00a0Il y a des gens qui ne respectent rien. Et nous, on paye les pots cass\u00e9s\u00a0\u00bb, regrette Philippe. De son c\u00f4t\u00e9, Marie-Jo tranche: \u00ab\u00a0Ce serait l\u2019id\u00e9al qu\u2019il n\u2019y ait plus personne dehors. Mais tant qu\u2019on aura besoin de moi, je resterai\u00a0\u00bb.<\/p>\n","protected":false},"excerpt":{"rendered":"Au petit matin, elle est l\u00e0. Quotidiennement ou presque, sur la place de la Poste Lib\u00e9ration, entre les&hellip;\n","protected":false},"author":2,"featured_media":362300,"comment_status":"","ping_status":"","sticky":false,"template":"","format":"standard","meta":{"footnotes":""},"categories":[2819],"tags":[1111,11,1777,674,1011,27,12,2401,882,25,801],"class_list":{"0":"post-362299","1":"post","2":"type-post","3":"status-publish","4":"format-standard","5":"has-post-thumbnail","7":"category-nice","8":"tag-actu","9":"tag-actualites","10":"tag-eu","11":"tag-europe","12":"tag-fr","13":"tag-france","14":"tag-news","15":"tag-nice","16":"tag-provence-alpes-cote-dazur","17":"tag-republique-francaise","18":"tag-social"},"share_on_mastodon":{"url":"https:\/\/pubeurope.com\/@fr\/115138245650066785","error":""},"_links":{"self":[{"href":"https:\/\/www.europesays.com\/fr\/wp-json\/wp\/v2\/posts\/362299","targetHints":{"allow":["GET"]}}],"collection":[{"href":"https:\/\/www.europesays.com\/fr\/wp-json\/wp\/v2\/posts"}],"about":[{"href":"https:\/\/www.europesays.com\/fr\/wp-json\/wp\/v2\/types\/post"}],"author":[{"embeddable":true,"href":"https:\/\/www.europesays.com\/fr\/wp-json\/wp\/v2\/users\/2"}],"replies":[{"embeddable":true,"href":"https:\/\/www.europesays.com\/fr\/wp-json\/wp\/v2\/comments?post=362299"}],"version-history":[{"count":0,"href":"https:\/\/www.europesays.com\/fr\/wp-json\/wp\/v2\/posts\/362299\/revisions"}],"wp:featuredmedia":[{"embeddable":true,"href":"https:\/\/www.europesays.com\/fr\/wp-json\/wp\/v2\/media\/362300"}],"wp:attachment":[{"href":"https:\/\/www.europesays.com\/fr\/wp-json\/wp\/v2\/media?parent=362299"}],"wp:term":[{"taxonomy":"category","embeddable":true,"href":"https:\/\/www.europesays.com\/fr\/wp-json\/wp\/v2\/categories?post=362299"},{"taxonomy":"post_tag","embeddable":true,"href":"https:\/\/www.europesays.com\/fr\/wp-json\/wp\/v2\/tags?post=362299"}],"curies":[{"name":"wp","href":"https:\/\/api.w.org\/{rel}","templated":true}]}}