{"id":36230,"date":"2025-04-19T10:11:08","date_gmt":"2025-04-19T10:11:08","guid":{"rendered":"https:\/\/www.europesays.com\/fr\/36230\/"},"modified":"2025-04-19T10:11:08","modified_gmt":"2025-04-19T10:11:08","slug":"week-end-des-19-20-et-21-avril-six-idees-de-sorties-en-ile-de-france-et-dans-loise","status":"publish","type":"post","link":"https:\/\/www.europesays.com\/fr\/36230\/","title":{"rendered":"Week-end des 19, 20 et 21\u00a0avril\u00a0: six id\u00e9es de sorties en \u00cele-de-France et dans l\u2019Oise"},"content":{"rendered":"<p class=\"paragraph text_align_left\">Les cloches passent et les \u0153ufs se ramassent \u00e0 la pelle. Pour donner une saveur particuli\u00e8re \u00e0 cette fringale de chocolat \u00e0 venir, la f\u00e9d\u00e9ration parisienne du Secours populaire propose aux enfants de 2 \u00e0 10 ans, en trois cat\u00e9gories d\u2019\u00e2ges, de partir en qu\u00eate des friandises dans un parcours ludique ce dimanche d\u00e8s 9h30 au parc des Buttes-Chaumont lors de quatre cr\u00e9neaux horaires disponibles. Ateliers cr\u00e9atifs, maquillage, tombola compl\u00e8tent la manifestation solidaire, l\u2019int\u00e9gralit\u00e9 des recettes des droits d\u2019entr\u00e9e \u00e0 la chasse \u2014 de 8 \u00e0 10 euros \u2014 allant aux actions internationales de la structure.<\/p>\n","protected":false},"excerpt":{"rendered":"Les cloches passent et les \u0153ufs se ramassent \u00e0 la pelle. Pour donner une saveur particuli\u00e8re \u00e0 cette&hellip;\n","protected":false},"author":2,"featured_media":36231,"comment_status":"","ping_status":"","sticky":false,"template":"","format":"standard","meta":{"footnotes":""},"categories":[1592],"tags":[1111,11,872,1777,674,1011,27,662,12,626,25,6047],"class_list":{"0":"post-36230","1":"post","2":"type-post","3":"status-publish","4":"format-standard","5":"has-post-thumbnail","7":"category-ile-de-france","8":"tag-actu","9":"tag-actualites","10":"tag-culture-et-loisirs","11":"tag-eu","12":"tag-europe","13":"tag-fr","14":"tag-france","15":"tag-ile-de-france","16":"tag-news","17":"tag-paris","18":"tag-republique-francaise","19":"tag-sortir-en-region-parisienne"},"share_on_mastodon":{"url":"https:\/\/pubeurope.com\/@fr\/114364093860605713","error":""},"_links":{"self":[{"href":"https:\/\/www.europesays.com\/fr\/wp-json\/wp\/v2\/posts\/36230","targetHints":{"allow":["GET"]}}],"collection":[{"href":"https:\/\/www.europesays.com\/fr\/wp-json\/wp\/v2\/posts"}],"about":[{"href":"https:\/\/www.europesays.com\/fr\/wp-json\/wp\/v2\/types\/post"}],"author":[{"embeddable":true,"href":"https:\/\/www.europesays.com\/fr\/wp-json\/wp\/v2\/users\/2"}],"replies":[{"embeddable":true,"href":"https:\/\/www.europesays.com\/fr\/wp-json\/wp\/v2\/comments?post=36230"}],"version-history":[{"count":0,"href":"https:\/\/www.europesays.com\/fr\/wp-json\/wp\/v2\/posts\/36230\/revisions"}],"wp:featuredmedia":[{"embeddable":true,"href":"https:\/\/www.europesays.com\/fr\/wp-json\/wp\/v2\/media\/36231"}],"wp:attachment":[{"href":"https:\/\/www.europesays.com\/fr\/wp-json\/wp\/v2\/media?parent=36230"}],"wp:term":[{"taxonomy":"category","embeddable":true,"href":"https:\/\/www.europesays.com\/fr\/wp-json\/wp\/v2\/categories?post=36230"},{"taxonomy":"post_tag","embeddable":true,"href":"https:\/\/www.europesays.com\/fr\/wp-json\/wp\/v2\/tags?post=36230"}],"curies":[{"name":"wp","href":"https:\/\/api.w.org\/{rel}","templated":true}]}}