{"id":362301,"date":"2025-09-03T03:29:12","date_gmt":"2025-09-03T03:29:12","guid":{"rendered":"https:\/\/www.europesays.com\/fr\/362301\/"},"modified":"2025-09-03T03:29:12","modified_gmt":"2025-09-03T03:29:12","slug":"la-meteo-de-votre-mercredi-3-septembre-coup-de-vent-et-orages-au-nord-ouest","status":"publish","type":"post","link":"https:\/\/www.europesays.com\/fr\/362301\/","title":{"rendered":"La m\u00e9t\u00e9o de votre mercredi 3 septembre : coup de vent et orages au nord-ouest"},"content":{"rendered":"<p>Apr\u00e8s une rentr\u00e9e d\u00e9j\u00e0 perturb\u00e9e, la journ\u00e9e de mercredi s\u2019annonce encore bien agit\u00e9e sur de nombreuses r\u00e9gions, en particulier dans le quart nord-ouest o\u00f9 le temps sera perturb\u00e9 entre pluies, rafales et orages.<\/p>\n<p><strong>\u00c0 retenir de cette journ\u00e9e :<\/strong><\/p>\n<p>&#8211; Coup de vent marqu\u00e9 sur les c\u00f4tes de la Manche, rafales jusqu\u2019\u00e0 90 km\/h<\/p>\n<p>&#8211; Averses orageuses fr\u00e9quentes du nord-ouest aux fronti\u00e8res du nord<\/p>\n<p>&#8211; Atmosph\u00e8re plus calme et lumineuse au sud et \u00e0 l\u2019est<\/p>\n<p>&#8211; Temp\u00e9ratures contrast\u00e9es, de la fra\u00eecheur sous la pluie \u00e0 la chaleur estivale pr\u00e8s de la M\u00e9diterran\u00e9e<\/p>\n<p>\n            <img loading=\"lazy\" decoding=\"async\" class=\"lazyload\" bad-src=\"data:image\/png;base64,R0lGODlhAQABAAD\/ACwAAAAAAQABAAACADs=\" src=\"https:\/\/www.europesays.com\/fr\/wp-content\/uploads\/2025\/09\/1756870152_8_658x370_80_300_000000x30x0.jpg\"   width=\"658\" height=\"370\"\/><br \/>\n                Rafales de vent attendues ce mercredi \u00a9 la Chaine M\u00e9t\u00e9o<\/p>\n<p><strong>Matin : un r\u00e9veil agit\u00e9 \u00e0 l\u2019ouest<\/strong><\/p>\n<p>D\u00e8s les premi\u00e8res heures, les pluies soutenues balaient la Bretagne, les Pays de la Loire et la Normandie. Le vent souffle fort, atteignant d\u00e9j\u00e0 80 km\/h en bord de mer. Plus \u00e0 l\u2019est, les nuages dominent, tandis que le soleil s\u2019impose sans difficult\u00e9 du sud-ouest au pourtour m\u00e9diterran\u00e9en. Les temp\u00e9ratures vont de 13 \u00e0 18\u00b0C (20\u00b0C \u00e0 Nice et en Corse).<\/p>\n<p><strong>Apr\u00e8s-midi : renforcement du vent et des orages<\/strong><\/p>\n<p>La d\u00e9pression gagne la Manche et accentue le coup de vent, notamment entre Cotentin et littoral picard o\u00f9 les rafales fr\u00f4lent les 90 \u00e0 100 km\/h. Les averses deviennent localement orageuses du bassin parisien aux Hauts-de-France. En revanche, la chaleur r\u00e9siste au sud, avec des pointes \u00e0 30 \u00b0C sur le midi toulousain, la basse vall\u00e9e du Rh\u00f4ne et en Provence.<\/p>\n<p>Les temp\u00e9ratures vont de 19 \u00e0 23\u00b0C au nord de la Loire, et de 24) \u00e0 30\u00b0C au sud.<\/p>\n<p><strong>Soir\u00e9e : l\u2019instabilit\u00e9 gagne vers le nord-est<\/strong><\/p>\n<p>En soir\u00e9e, les pluies orageuses se d\u00e9calent vers la Champagne et la Lorraine, tandis qu\u2019un ciel de tra\u00eene actif se maintient sur l\u2019ouest. Le calme persiste au sud, sous un ciel clair et des temp\u00e9ratures encore \u00e9lev\u00e9es.<\/p>\n<p><strong>Tendance pour les prochains jours<\/strong><\/p>\n<p>Jeudi et vendredi, le temps restera changeant sur le nord de la France, avec encore des averses et du vent. Plus au sud, une d\u00e9gradation orageuse est attendue du sud-ouest au centre-est avec un risque d&rsquo;alerte m\u00e9t\u00e9o. Ensuite, le beau temps de plus en plus chaud reviendra d\u00e8s vendredi en vue d&rsquo;un<a target=\"_blank\" rel=\"noopener noreferrer nofollow\" href=\"https:\/\/actualite.lachainemeteo.com\/actualite-meteo\/2025-01-26\/meteo-week-end-vers-un-retour-de-l-ete-et-de-la-chaleur-75050\"><strong> beau week-end.<\/strong><\/a><\/p>\n","protected":false},"excerpt":{"rendered":"Apr\u00e8s une rentr\u00e9e d\u00e9j\u00e0 perturb\u00e9e, la journ\u00e9e de mercredi s\u2019annonce encore bien agit\u00e9e sur de nombreuses r\u00e9gions, en&hellip;\n","protected":false},"author":2,"featured_media":362302,"comment_status":"","ping_status":"","sticky":false,"template":"","format":"standard","meta":{"footnotes":""},"categories":[2818],"tags":[1111,11,1777,674,1011,27,766,12,2636,25],"class_list":{"0":"post-362301","1":"post","2":"type-post","3":"status-publish","4":"format-standard","5":"has-post-thumbnail","7":"category-nantes","8":"tag-actu","9":"tag-actualites","10":"tag-eu","11":"tag-europe","12":"tag-fr","13":"tag-france","14":"tag-nantes","15":"tag-news","16":"tag-pays-de-la-loire","17":"tag-republique-francaise"},"share_on_mastodon":{"url":"https:\/\/pubeurope.com\/@fr\/115138249609905761","error":""},"_links":{"self":[{"href":"https:\/\/www.europesays.com\/fr\/wp-json\/wp\/v2\/posts\/362301","targetHints":{"allow":["GET"]}}],"collection":[{"href":"https:\/\/www.europesays.com\/fr\/wp-json\/wp\/v2\/posts"}],"about":[{"href":"https:\/\/www.europesays.com\/fr\/wp-json\/wp\/v2\/types\/post"}],"author":[{"embeddable":true,"href":"https:\/\/www.europesays.com\/fr\/wp-json\/wp\/v2\/users\/2"}],"replies":[{"embeddable":true,"href":"https:\/\/www.europesays.com\/fr\/wp-json\/wp\/v2\/comments?post=362301"}],"version-history":[{"count":0,"href":"https:\/\/www.europesays.com\/fr\/wp-json\/wp\/v2\/posts\/362301\/revisions"}],"wp:featuredmedia":[{"embeddable":true,"href":"https:\/\/www.europesays.com\/fr\/wp-json\/wp\/v2\/media\/362302"}],"wp:attachment":[{"href":"https:\/\/www.europesays.com\/fr\/wp-json\/wp\/v2\/media?parent=362301"}],"wp:term":[{"taxonomy":"category","embeddable":true,"href":"https:\/\/www.europesays.com\/fr\/wp-json\/wp\/v2\/categories?post=362301"},{"taxonomy":"post_tag","embeddable":true,"href":"https:\/\/www.europesays.com\/fr\/wp-json\/wp\/v2\/tags?post=362301"}],"curies":[{"name":"wp","href":"https:\/\/api.w.org\/{rel}","templated":true}]}}