{"id":362303,"date":"2025-09-03T03:30:11","date_gmt":"2025-09-03T03:30:11","guid":{"rendered":"https:\/\/www.europesays.com\/fr\/362303\/"},"modified":"2025-09-03T03:30:11","modified_gmt":"2025-09-03T03:30:11","slug":"laffaire-se-presente-bien-pour-johanna-rolland-ps","status":"publish","type":"post","link":"https:\/\/www.europesays.com\/fr\/362303\/","title":{"rendered":"l\u2019affaire se pr\u00e9sente bien pour Johanna Rolland (PS)"},"content":{"rendered":"<p style=\"text-align: justify;\"><strong>Cumuler les histoires, c\u2019est le privil\u00e8ge des insoumis nantais. Ils avaient Andy Kerbrat, ils ont maintenant Marina Ferreruela. Dans cette grande famille qu\u2019est LFI, on se d\u00e9chire volontiers. Ce qui est certainement contre-productif \u00e0 six mois des \u00e9lections municipales. Situation qui facilitera la t\u00e2che de Johanna Rolland.<\/strong><\/p>\n<p style=\"text-align: justify;\">A Nantes, les militants de La France insoumise caressaient de grandes ambitions pour les \u00e9lections municipales de mars 2026. Tout d\u00e9marre sur les chapeaux de roues lorsque, en mars, William Aucant, conseiller r\u00e9gional des Pays de la Loire, et Marina Ferreruela, suppl\u00e9ante du d\u00e9put\u00e9 Andy Kerbrat (Nantes centre), sont intronis\u00e9s chefs de file de leur parti \u00ab\u00a0pour mener la bataille des municipales \u00e0 Nantes\u00a0\u00bb. Objectif affich\u00e9 et assum\u00e9\u00a0: \u00e9laborer \u00ab\u00a0un projet de rupture\u00a0\u00bb afin d\u2019op\u00e9rer, en lien avec les militants, \u00ab\u00a0un tournant pour Nantes\u00a0\u00bb (Presse Oc\u00e9an, vendredi 21 mars 2025). Effectivement, les Insoumis pr\u00e9sentent un programme de 650 mesures. Des mesures tr\u00e8s concr\u00e8tes\u00a0:\u00a0\u00ab\u00a0le retour des conciergeries dans les quartiers, pour avoir un interlocuteur quand il y a des petits travaux \u00e0 r\u00e9aliser ou lorsque des d\u00e9gradations ont \u00e9t\u00e9 commises\u00a0\u00bb, mais aussi des trucs bizarres comme des salles de shoot. \u00ab\u00a0Des endroits tr\u00e8s s\u00e9curis\u00e9s, pour \u00e9viter que ces personnes prennent des risques, et les aider \u00e0 sortir de leur d\u00e9pendance\u00bb, promet Marina Ferreruela (Ouest-France, Nantes, mardi 17\u00a0 juin 2025). Pour William Aucant, c\u2019est d\u2019un programme de rupture qu\u2019il s\u2019agit, \u00ab\u00a0rupture d\u00e9mocratique, on verra si nos partenaires sont d\u2019accord, s\u2019ils veulent aller vers cette rupture. Ce programme amorce un d\u00e9bat politique avec les autres formations de gauche\u00a0\u00bb (Ouest-France, Nantes, mardi 17 juin 2025). Aucant se montre ferme sur plusieurs points sur lesquels il ne transigera pas dans les discussions avec les partenaires de gauche, par exemple le refus de l\u2019installation d\u2019un centre de r\u00e9tention administrative \u00e0 Nantes\u00a0:\u00a0\u00ab\u00a0S\u2019il y a une union de second tour, le programme qui sera pr\u00e9sent\u00e9 sera un programme accept\u00e9 en int\u00e9gralit\u00e9 par toutes les forces qui composent cette union. Chez les insoumis, il n\u2019y a pas de renoncement\u00a0: on dit ce qu\u2019on fera et on fera ce qu\u2019on dit.\u00a0\u00bb (Presse Oc\u00e9an, mardi 17 juin 2025) Fermez le ban\u00a0!<\/p>\n<p style=\"text-align: justify;\">Avec ces propos un brin mena\u00e7ant, Ferreruela et Aucant comptent bien faire pression sur Johanna Rolland. Surtout si cette derni\u00e8re a besoin des \u00e9lecteurs insoumis au second tour \u2013 ne serait-ce que pour faire face \u00e0 la liste d\u2019union droite-centre qui pourrait r\u00e9aliser un beau score au premier tour. Cela dit la maire de Nantes a de la m\u00e9moire. Elle se souvient qu\u2019au premier tour des \u00e9lections municipales de mars 2020, la liste \u00abNantes en commun\u00a0\u00bb conduite\u00a0 par Margot Medkour et soutenue par LFI n\u2019avait pas \u00e9t\u00e9 qualifi\u00e9e pour le second tour, faute d\u2019atteindre les 10 %\u00a0des suffrages exprim\u00e9s (6\u00a0479 voix, 8,95 %), tandis que la liste \u00ab\u00a0Nantes en confiance\u00a0\u00bb dirig\u00e9e par Johanna Rolland (PS) arrivait en t\u00eate (22\u00a0713 voix, 31,36 %) et celle des \u00e9colos \u00ab\u00a0Nantes ensemble\u00a0\u00bb pilot\u00e9e par Julie Laernoes occupait la troisi\u00e8me place (14\u00a0181 voix, 19,58 %). \u00ab\u00a0Nous ne ferons pas d\u2019alliance. On ne veut pas participer \u00e0 une majorit\u00e9 avec Johanna Rolland. Nos projets sont trop incompatibles. On ne peut pas travailler ensemble\u00a0\u00bb, assurait Margot Medkour (Presse Oc\u00e9an, lundi 16 mars 2020)<\/p>\n<p><strong>Les sondages ne sont pas favorables \u00e0 LFI<\/strong><\/p>\n<p style=\"text-align: justify;\">Johanna Rolland se souvient \u00e9galement du r\u00e9sultat des \u00e9lections europ\u00e9ennes de juin 2024 \u00e0 Nantes. N\u00b01 Rapha\u00ebl Glucksmann (Parti socialiste, Place publique)\u00a0: 25\u00a0234 voix, 26,36 %. N\u00b02 Manon Aubry (LFI)\u00a0: 16\u00a0373 voix, 15,42 %. N\u00b04 Marie Toussaint (EELV)\u00a0: 14\u00a0540 voix, 13,70 %. \u00ab\u00a0Le sujet, c\u2019est d\u2019\u0153uvrer tout de suite au rassemblement de la gauche, comme avec la Nupes. Et ce ne sont pas les propos de Rapha\u00ebl Glucksmann ce soir qui me rassurent\u00a0\u00bb, admet Andy Kerbrat (LFI), d\u00e9put\u00e9 de Nantes centre (Ouest-France, Loire-Atlantique, lundi 10 juin 2024). Ce n\u2019est pas le grand amour\u00a0! Evidemment, Johanna Rolland observe de pr\u00e8s les diff\u00e9rents sondages \u2013 aucun n\u2019est favorable \u00e0 Jean-Luc M\u00e9lenchon et \u00e0 ses troupes. Seulement 13 % des personnes interrog\u00e9es seraient satisfaites si \u201cM\u00e9luche\u201c devenait pr\u00e9sident de la R\u00e9publique (Ipsos, La Tribune Dimanche, 15 juin 2025). On ne trouve que 27 % des \u00e9lecteurs \u00e0 avoir une bonne opinion du \u201cLider maximo\u201c (Ifop-Fiducial, Paris Match, 17 juillet 2025). La popularit\u00e9 de Jean-Luc M\u00e9lenchon se limite \u00e0 20 % (12 % pour le soutien et 8 % pour la sympathie), d\u2019apr\u00e8s Cluster 17 (Le Point, 17 juillet 2025). On ne peut donc pas parler de v\u00e9ritable dynamique\u2026 Il y a donc une absence de courant porteur pour les insoumis nantais, mais ils conservent tout de m\u00eame une solide base \u00e9lectorale (immigr\u00e9s et bobos).<\/p>\n<p style=\"text-align: justify;\">Les choses vont se compliquer en deux temps. D\u2019abord en octobre 2024 lorsque Andy Kerbrat (LFI), d\u00e9put\u00e9 de Nantes centre, est interpell\u00e9 dans le m\u00e9tro parisien par des policiers alors qu\u2019il est en train d\u2019acheter de la drogue (3-MMC) \u00e0 un mineur \u2013 d\u2019apr\u00e8s M\u00e9diapart\u00a0 (vendredi 15 novembre 2025), Kerbrat utilisait \u00ab\u00a0son compte d\u2019avance de frais de mandat (AFM), abond\u00e9 chaque mois de 4\u00a0700 euros par l\u2019Assembl\u00e9e nationale, pour financer sa consommation de stup\u00e9fiants\u00a0\u00bb (Presse Oc\u00e9an, dimanche 17 novembre 2025).<\/p>\n<p><strong>La malheureuse \u00a0Marina collectionne les ennuis<\/strong><\/p>\n<p style=\"text-align: justify;\">Mais ce n\u2019\u00e9tait que le d\u00e9but des \u201cemmerdements\u00a0\u00bb\u201c pour les insoumis nantais. Voil\u00e0 qu\u2019une \u00ab\u00a0ancienne sympathisante du mouvement politique publiait un billet dans Le Club de M\u00e9diapart, intitul\u00e9 \u201c\u00a0De militante \u00e0 victime\u00a0: quand la culture du viol gangr\u00e8ne la gauche\u00a0\u201c. Dans ce long texte, elle accuse un cadre nantais du parti de l\u2019avoir viol\u00e9e et une autre \u201ccadre locale tr\u00e8s influente\u201c, de ne pas l\u2019avoir crue et de s\u2019\u00eatre rang\u00e9e du c\u00f4t\u00e9 de l\u2019agresseur pr\u00e9sum\u00e9\u00a0\u00bb (Ouest-France, Nantes, jeudi 26 juin 2025). Prudente, la victime ne cite pas le nom de cette cadre. \u00ab\u00a0Mais, au sein du mouvement, tous reconnaissent Marina Ferreruela, l\u2019ancienne collaboratrice du d\u00e9put\u00e9\u00a0Andy Kerbrat.\u00a0\u00bb Si le cadre accus\u00e9 a \u00e9t\u00e9 exclu par les instances nationales, il demeure \u00ab\u00a0actif\u00a0\u00bb au sein de la section nantaise. Quant \u00e0 Marina Ferreruela, elle conna\u00eet d\u2019autres ennuis puisque le collectif nantais Isonomia, sp\u00e9cialis\u00e9 dans la lutte contre le racisme, la pointe du doigt sans citer son nom. Elle est accus\u00e9e de\u00ab\u00a0propos envers des personnes racis\u00e9es qui ne sont pas dans ligne de La France insoumise\u00a0\u00bb. Pour le viol, Ferreruela d\u00e9nonce \u00ab\u00a0une man\u0153uvre politique grossi\u00e8re\u00a0\u00bb\u00a0; elle r\u00e9fute \u00e9galement les accusations de racisme car \u00ab\u00a0elles ne reposent que sur une volont\u00e9 de disqualification politique\u00a0\u00bb (Ouest-France, Nantes, jeudi 26 juin 2025). Pour d\u00e9marrer la campagne des municipales, LFI ne pouvait pas faire mieux \u00e0 Nantes\u00a0: Kerbrat + Ferreruela.<\/p>\n<p><strong>Pas de piti\u00e9 : les sanctions tombent<\/strong><\/p>\n<p style=\"text-align: justify;\">Vendredi 1er ao\u00fbt\u00a0: Maria Ferreruela est suspendue de tous ses mandats. Il s\u2019agit d\u2019une \u00ab\u00a0r\u00e9ponse claire et transparente dans le respect des victimes\u00a0\u00bb, indique le mouvement. \u00ab\u00a0Les violences faites aux femmes sont une priorit\u00e9 absolue. Le militant accus\u00e9 d\u2019agression sexuelle a \u00e9t\u00e9 exclu en avril. Marina Ferreruela \u00a0vient d\u2019\u00eatre suspendue de tous ses mandats et n\u2019est plus autoris\u00e9e \u00e0 se pr\u00e9valoir de son appartenance \u00e0 la France insoumise. Au niveau local, cette situation a suscit\u00e9 une prise de conscience collective.\u00a0\u00bb (Ouest-France, Loire-Atlantique, 2-3 ao\u00fbt 2025) Si Marina Ferreruela est suspendue pour un an, William Aucant, l\u2019autre chef de file, re\u00e7oit un avertissement par rapport \u00e0 la gestion de cette affaire, comme quatre autres militants (Ouest-France, Loire-Atlantique, mardi 5 ao\u00fbt 2025). \u00ab\u00a0C\u2019est une man\u0153uvre, une cabale. Cette affaire intervient au lendemain du lancement de la campagne. Je me sens salie\u00a0\u00bb, s\u2019insurge Marina Ferreruela (Ouest-France, Loire-Atlantique, mardi 5 ao\u00fbt 2025). La carri\u00e8re de \u00ab\u00a0Marina\u00a0\u00bb chez les Insoumis est-elle bris\u00e9e\u00a0? On se souvient qu\u2019elle avait pris position contre les zones \u00e0 faibles \u00e9missions (ZFE)\u00a0: \u00abPour nous, c\u2019est une ligne rouge. L\u2019opposition aux ZFE est r\u00e9guli\u00e8rement revenue lors de notre consultation populaire. Les gens sont tr\u00e8s attentifs aux injustices sociales.\u00a0\u00bb (Le Nouvel Obs, 19 juin 2025). Puisqu\u2019elle est \u00ab\u00a0suspendue\u00a0\u00bb, Marina n\u2019aura plus \u00e0 s\u2019occuper ni des ZFE, ni de la campagne \u00e9lectorale\u2026 Voil\u00e0 qui ressemble \u00e0 des vacances\u2026<\/p>\n<p style=\"text-align: justify;\">Dans ces conditions, \u00e0 Nantes, LFI se retrouve avec une cheffe de file \u00ab\u00a0suspendue\u00a0\u00bb et l\u2019autre chef de file frapp\u00e9 d\u2019un \u00ab\u00a0avertissement\u00a0\u00bb. Avec un attelage pareillement fragilis\u00e9 et contest\u00e9, il faudra bien trouver des rempla\u00e7ants\u2026 Une annonce dans LeBoncoin pourrait permettre de trouver des candidats qui soient dans la ligne, mais\u00a0 pas concern\u00e9s par les histoires et querelles locales du mouvement. Il para\u00eet qu\u2019\u00a0\u00ab\u00a0\u00e0 Paris, ils en ont ras le bol de la situation nantaise\u00a0\u00bb\u2026 (Ouest-France, Nantes, jeudi 26 juin 2025).<\/p>\n<p><strong>Marina a besoin d\u2019une nouvelle boutique<\/strong><\/p>\n<p style=\"text-align: justify;\">Avec un pareil mic-mac, les insoumis nantais devront revoir \u00e0 la baisse leurs pr\u00e9tentions et leur arrogance \u2013 pour la plus grande satisfaction de Johanna Rolland (PS). Et les rodomontades d\u2019Andy Kerbrat ne peuvent pas l\u2019impressionner\u00a0: \u00ab\u00a0C\u2019est le projet, le programme qui compte. S\u2019il y a une seule liste mais qu\u2019il s\u2019agit d\u2019une liste h\u00e9mipl\u00e9gique, je ne vois pas l\u2019int\u00e9r\u00eat\u00a0\u00bb (Presse Oc\u00e9an, samedi 5 juillet 2025). Quant \u00e0 Marina, elle pourrait songer \u00e0 sa reconversion\u00a0: \u00ab\u00a0Mais mon engagement n\u2019a pas commenc\u00e9 avec LFI et ne se termine pas avec LFI. Mon militantisme est inalt\u00e9rable\u00a0\u00bb (Ouest-France, Loire-Atlantique, mardi 5 ao\u00fbt 2025). Si, \u00e0 Rennes, l\u2019Apr\u00e8s (Association pour une R\u00e9publique \u00e9cologique et sociale) compte une poign\u00e9e de militants qui ont rejoint les dissidents de LFI (Cl\u00e9mentine Autain, Danielle Simonnet, Alexis Corbi\u00e8re, Raquel Garrido), il semble qu\u2019\u00e0 Nantes ce nouveau groupe politique n\u2019existe pas\u00a0; il y a donc l\u00e0 une porte de sortie glorieuse pour l\u2019\u00ab\u00a0inalt\u00e9rable\u00a0\u00bb Marina. Non seulement elle pourrait devenir la patronne de la section nantaise de l\u2019Apr\u00e8s, mais aussi jouer un r\u00f4le dans la campagne des municipales. En effet\u00a0 Johanna Rolland gagnerait \u00e0 utiliser ses services pour contrer LFI. Pour d\u00e9molir les copains de M\u00e9lenchon, Marina est la mieux plac\u00e9e sur le plan de l\u2019efficacit\u00e9 \u2013 elle conna\u00eet leurs petites magouilles et les haines recuites\u2026<\/p>\n<p style=\"text-align: justify;\">La grande question demeure\u00a0: \u00ab\u00a0Les Ecologistes s\u2019allieront-ils dans certaines villes avec LFI contre le PS, comme certains militants en r\u00eavent \u00e0 Montpellier\u00a0? Ainsi, \u00e0 Rennes, Rouen et Nantes, trois villes\u00a0 dirig\u00e9es par le PS, il \u00ab\u00a0faudra trouver des solutions\u00a0\u00bb, admet David Cormand [d\u00e9put\u00e9 europ\u00e9en] (\u2026) Il se murmurait vendredi que, \u00e0 Nantes, o\u00f9 la socialiste Johanna Rolland brigue un nouveau mandat, le danger d\u2019une liste Les Ecologistes-LFI aurait \u00e9t\u00e9 \u00e9cart\u00e9.\u00a0\u00bb (Le Monde, dimanche24- lundi 25 ao\u00fbt 2025). La confirmation est apport\u00e9e \u00e0 l\u2019\u00e9chelon local\u00a0: \u00ab Membres de la majorit\u00e9 pilot\u00e9e par la maire socialiste Johanna Rolland, les \u00e9cologistes, qui appellent \u00e0 une union XXL de la gauche en 2026, ont pour l\u2019heure interrompu toute n\u00e9gociation avec les partisans de Jean-Luc M\u00e9lenchon. \u201cLe dialogue est suspendu au regard de la gravit\u00e9 de la situation, indique une figure cl\u00e9 de l\u2019\u00e9quipe \u00e9cologiste nantaises qui pr\u00e9f\u00e8re recourir au \u201coff\u201c. Pour que les discussions reprennent, il faudra que LFI d\u00e9signe une interlocutrice ou un interlocuteur irr\u00e9prochable sur les questions f\u00e9ministes, qui croit en la parole des victimes.\u201c \u00bb (Presse Oc\u00e9an, samedi 23 ao\u00fbt 2025)<\/p>\n<p><strong>Une voie royale pour Johanna Rolland<\/strong><\/p>\n<p style=\"text-align: justify;\">Les choses \u00e9tant ce qu\u2019elles sont, Johanna Rolland peut se frotter les mains. S\u2019il n\u2019est plus question d\u2019une liste Les Ecologistes-LFI au premier tour des \u00e9lections municipales, une alliance Les Ecologistes-PS devient d\u2019actualit\u00e9\u00a0; une \u00ab\u00a0bonne n\u00e9gociation\u00a0\u00bb arrangera tout\u00a0: par exemple Marie Vitoux, chef de file des \u00e9colos, se verrait bien devenir premi\u00e8re adjointe\u2026 Et d\u2019autres \u00e9colos ne demandent qu\u2019\u00e0 devenir adjoints ou vice-pr\u00e9sidents de Nantes M\u00e9tropole\u2026 Avec une indemnit\u00e9 \u00e0 la cl\u00e9, on devient\u00a0 des professionnels, ce qui est le r\u00eave de tout \u00ab\u00a0militant\u00a0\u00bb. Quant \u00e0 Johanna Rolland, avec une liste PS-Les Ecologistes d\u00e8s le premier tour, elle peut envisager une campagne paisible et une victoire \u201cdans un fauteuil\u201c. Certes, sa r\u00e9\u00e9lection en 2020 n\u2019avait pas \u00e9t\u00e9 glorieuse puisque, au premier tour, l\u2019abstention atteignait 61,33 % et 69,04 % au second\u00a0; mais seule la victoire est jolie\u2026 Il suffit que les Nantais qui lui font confiance soient plus nombreux que\u00a0 ceux qui pr\u00e9f\u00e8rent la droite\u2026<\/p>\n<p style=\"text-align: justify;\">Bernard Morvan<\/p>\n<p>Cr\u00e9dit photo : DR<br \/>[cc] Breizh-info.com, 2025, d\u00e9p\u00eaches libres de copie et de diffusion sous r\u00e9serve de mention et de lien vers la source d\u2019origine<\/p>\n","protected":false},"excerpt":{"rendered":"Cumuler les histoires, c\u2019est le privil\u00e8ge des insoumis nantais. Ils avaient Andy Kerbrat, ils ont maintenant Marina Ferreruela.&hellip;\n","protected":false},"author":2,"featured_media":362304,"comment_status":"","ping_status":"","sticky":false,"template":"","format":"standard","meta":{"footnotes":""},"categories":[2818],"tags":[1111,11,25908,1777,674,1011,27,6945,766,12,2636,25],"class_list":{"0":"post-362303","1":"post","2":"type-post","3":"status-publish","4":"format-standard","5":"has-post-thumbnail","7":"category-nantes","8":"tag-actu","9":"tag-actualites","10":"tag-bernard-morvan","11":"tag-eu","12":"tag-europe","13":"tag-fr","14":"tag-france","15":"tag-johanna-rolland","16":"tag-nantes","17":"tag-news","18":"tag-pays-de-la-loire","19":"tag-republique-francaise"},"share_on_mastodon":{"url":"https:\/\/pubeurope.com\/@fr\/115138253555025770","error":""},"_links":{"self":[{"href":"https:\/\/www.europesays.com\/fr\/wp-json\/wp\/v2\/posts\/362303","targetHints":{"allow":["GET"]}}],"collection":[{"href":"https:\/\/www.europesays.com\/fr\/wp-json\/wp\/v2\/posts"}],"about":[{"href":"https:\/\/www.europesays.com\/fr\/wp-json\/wp\/v2\/types\/post"}],"author":[{"embeddable":true,"href":"https:\/\/www.europesays.com\/fr\/wp-json\/wp\/v2\/users\/2"}],"replies":[{"embeddable":true,"href":"https:\/\/www.europesays.com\/fr\/wp-json\/wp\/v2\/comments?post=362303"}],"version-history":[{"count":0,"href":"https:\/\/www.europesays.com\/fr\/wp-json\/wp\/v2\/posts\/362303\/revisions"}],"wp:featuredmedia":[{"embeddable":true,"href":"https:\/\/www.europesays.com\/fr\/wp-json\/wp\/v2\/media\/362304"}],"wp:attachment":[{"href":"https:\/\/www.europesays.com\/fr\/wp-json\/wp\/v2\/media?parent=362303"}],"wp:term":[{"taxonomy":"category","embeddable":true,"href":"https:\/\/www.europesays.com\/fr\/wp-json\/wp\/v2\/categories?post=362303"},{"taxonomy":"post_tag","embeddable":true,"href":"https:\/\/www.europesays.com\/fr\/wp-json\/wp\/v2\/tags?post=362303"}],"curies":[{"name":"wp","href":"https:\/\/api.w.org\/{rel}","templated":true}]}}