{"id":362305,"date":"2025-09-03T03:31:23","date_gmt":"2025-09-03T03:31:23","guid":{"rendered":"https:\/\/www.europesays.com\/fr\/362305\/"},"modified":"2025-09-03T03:31:23","modified_gmt":"2025-09-03T03:31:23","slug":"un-nouvel-espace-de-glisse-pour-bordeaux","status":"publish","type":"post","link":"https:\/\/www.europesays.com\/fr\/362305\/","title":{"rendered":"un nouvel espace de glisse pour Bordeaux"},"content":{"rendered":"<p>Bordeaux poursuit sa m\u00e9tamorphose urbaine en int\u00e9grant des \u00e9quipements modernes et adapt\u00e9s aux pratiques sportives actuelles. Dans le quartier dynamique des Bassins \u00e0 flot, un tout nouveau skate-park sortira de terre d\u2019ici d\u00e9cembre 2025. Pens\u00e9 pour r\u00e9pondre aux besoins croissants des amateurs de sports urbains, cet espace promet d\u2019allier loisirs, performance et respect de l\u2019environnement.<\/p>\n<p>Un projet ambitieux de 495 m\u00b2<\/p>\n<p><img fetchpriority=\"high\" decoding=\"async\" width=\"930\" height=\"620\" src=\"https:\/\/www.bougerabordeaux.com\/wp-content\/uploads\/2025\/09\/skate-park-bordeaux.webp\" alt=\"\" class=\"wp-image-82914\"  \/>Dans le quartier dynamique des Bassins \u00e0 flot, un tout nouveau skate-park sortira de terre d\u2019ici d\u00e9cembre 2025.  \u00a9 The Edge Skatepark Designers<\/p>\n<p>Avec ses 495 m\u00b2 de surface, ce futur skate-park ne se limite pas \u00e0 un simple terrain de jeux. Il s\u2019inscrit dans une logique de d\u00e9veloppement durable et de convivialit\u00e9, tout en offrant une infrastructure polyvalente. Destin\u00e9 aux adeptes de skateboard, BMX, VTT, rollers et trottinettes, il sera accessible \u00e0 tous, des d\u00e9butants aux athl\u00e8tes de haut niveau.<\/p>\n<p>L\u2019\u00e9quipement sera scind\u00e9 en deux zones compl\u00e9mentaires :<\/p>\n<ul class=\"wp-block-list\">\n<li><strong>Un skate-park avec bosses et modules adapt\u00e9s<\/strong> : con\u00e7u pour accueillir aussi bien les sessions de loisirs que l\u2019entra\u00eenement intensif, il permettra aux pratiquants de perfectionner leurs techniques dans des conditions s\u00e9curis\u00e9es.<\/li>\n<li><strong>Une piste de pumptrack<\/strong> : longue de 150 m\u00e8tres, elle int\u00e8gre virages relev\u00e9s, bosses et d\u00e9nivel\u00e9s. Sa surface enrob\u00e9e a \u00e9t\u00e9 pens\u00e9e pour garantir fluidit\u00e9 et vitesse, offrant un terrain id\u00e9al pour des pratiques libres et non encadr\u00e9es. Lieu d\u2019initiation pour les scolaires, elle se pr\u00eate aussi aux challenges entre passionn\u00e9s.<\/li>\n<\/ul>\n<p>Afin de maximiser son rayonnement, le projet int\u00e8gre une configuration \u00ab \u00e9v\u00e9nementiel \u00bb : podiums, zones pour les juges et espaces pour le public permettront d\u2019accueillir des comp\u00e9titions r\u00e9gionales ou nationales.<\/p>\n<p>Un lieu convivial et int\u00e9gr\u00e9 au quartier<\/p>\n<p><strong>La r\u00e9ussite de ce type d\u2019infrastructure ne repose pas uniquement sur sa qualit\u00e9 technique, mais aussi sur son int\u00e9gration urbaine.<\/strong> <strong>Le skate-park des Bassins \u00e0 flot <\/strong>s\u2019inscrit dans une approche harmonieuse avec son environnement. Une v\u00e9g\u00e9talisation soign\u00e9e des abords viendra renforcer le cadre naturel du site et cr\u00e9er un espace agr\u00e9able pour les usagers comme pour les accompagnants.<\/p>\n<p><strong>Une zone de convivialit\u00e9 a \u00e9t\u00e9 pr\u00e9vue pour favoriser les \u00e9changes, accueillir les familles et offrir un lieu de repos. <\/strong>Les concepteurs n\u2019ont pas n\u00e9glig\u00e9 la question acoustique, souvent source de tensions avec le voisinage. Gr\u00e2ce \u00e0 l\u2019expertise des bureaux d\u2019\u00e9tude Kapea, Slappy et IDB, des solutions adapt\u00e9es ont \u00e9t\u00e9 mises en place pour r\u00e9duire l\u2019impact sonore et pr\u00e9server la tranquillit\u00e9 du quartier.<\/p>\n<p><img loading=\"lazy\" decoding=\"async\" width=\"1024\" height=\"576\" src=\"https:\/\/www.europesays.com\/fr\/wp-content\/uploads\/2025\/09\/skateboard-2399685_1280-1024x576.jpg\" alt=\"\" class=\"wp-image-82915\"  \/><strong>Avec ce nouvel \u00e9quipement, la Ville de Bordeaux confirme son engagement en faveur du sport pour tous et de la vitalit\u00e9 urbaine.<\/strong><\/p>\n<p>Une gestion \u00e9cologique exemplaire<\/p>\n<p><strong>Le skate-park illustre aussi la volont\u00e9 de Bordeaux de concilier sport et respect de l\u2019environnement.<\/strong> Les am\u00e9nagements paysagers ne sont pas uniquement esth\u00e9tiques : ils jouent un r\u00f4le essentiel dans la gestion des eaux de pluie. Les pentes et reliefs du parcours permettent de canaliser naturellement les ruissellements vers les espaces plant\u00e9s. L\u2019eau est ensuite infiltr\u00e9e dans le sol, participant ainsi \u00e0 la recharge de la nappe phr\u00e9atique.<\/p>\n<p>Un atout pour l\u2019attractivit\u00e9 bordelaise<\/p>\n<p><strong>Avec ce nouvel \u00e9quipement, la Ville de Bordeaux confirme son engagement en faveur du sport pour tous et de la vitalit\u00e9 urbaine. <\/strong>Le skate-park des Bassins \u00e0 flot s\u2019impose comme un lieu de rencontre, d\u2019expression et de d\u00e9passement de soi. \u00c0 la crois\u00e9e du loisir et de la comp\u00e9tition, il enrichira durablement l\u2019offre sportive de la m\u00e9tropole et contribuera \u00e0 renforcer son image de ville moderne et dynamique.<\/p>\n<p>A lire aussi : <a href=\"https:\/\/www.bougerabordeaux.com\/sorties\/loisirs\/luminiscence-illumine-la-cathedrale-saint-andre-avec-une-nouvelle-experience-spectaculaire\/\" rel=\"nofollow noopener\" target=\"_blank\">LUMINISCENCE illumine la cath\u00e9drale Saint-Andr\u00e9 avec une nouvelle exp\u00e9rience spectaculaire.<\/a><\/p>\n","protected":false},"excerpt":{"rendered":"Bordeaux poursuit sa m\u00e9tamorphose urbaine en int\u00e9grant des \u00e9quipements modernes et adapt\u00e9s aux pratiques sportives actuelles. Dans le&hellip;\n","protected":false},"author":2,"featured_media":362306,"comment_status":"","ping_status":"","sticky":false,"template":"","format":"standard","meta":{"footnotes":""},"categories":[2817],"tags":[1111,11,1997,1777,674,1011,27,12,2219,25],"class_list":{"0":"post-362305","1":"post","2":"type-post","3":"status-publish","4":"format-standard","5":"has-post-thumbnail","7":"category-bordeaux","8":"tag-actu","9":"tag-actualites","10":"tag-bordeaux","11":"tag-eu","12":"tag-europe","13":"tag-fr","14":"tag-france","15":"tag-news","16":"tag-nouvelle-aquitaine","17":"tag-republique-francaise"},"share_on_mastodon":{"url":"https:\/\/pubeurope.com\/@fr\/115138257534451684","error":""},"_links":{"self":[{"href":"https:\/\/www.europesays.com\/fr\/wp-json\/wp\/v2\/posts\/362305","targetHints":{"allow":["GET"]}}],"collection":[{"href":"https:\/\/www.europesays.com\/fr\/wp-json\/wp\/v2\/posts"}],"about":[{"href":"https:\/\/www.europesays.com\/fr\/wp-json\/wp\/v2\/types\/post"}],"author":[{"embeddable":true,"href":"https:\/\/www.europesays.com\/fr\/wp-json\/wp\/v2\/users\/2"}],"replies":[{"embeddable":true,"href":"https:\/\/www.europesays.com\/fr\/wp-json\/wp\/v2\/comments?post=362305"}],"version-history":[{"count":0,"href":"https:\/\/www.europesays.com\/fr\/wp-json\/wp\/v2\/posts\/362305\/revisions"}],"wp:featuredmedia":[{"embeddable":true,"href":"https:\/\/www.europesays.com\/fr\/wp-json\/wp\/v2\/media\/362306"}],"wp:attachment":[{"href":"https:\/\/www.europesays.com\/fr\/wp-json\/wp\/v2\/media?parent=362305"}],"wp:term":[{"taxonomy":"category","embeddable":true,"href":"https:\/\/www.europesays.com\/fr\/wp-json\/wp\/v2\/categories?post=362305"},{"taxonomy":"post_tag","embeddable":true,"href":"https:\/\/www.europesays.com\/fr\/wp-json\/wp\/v2\/tags?post=362305"}],"curies":[{"name":"wp","href":"https:\/\/api.w.org\/{rel}","templated":true}]}}